{"id":1576,"date":"2025-09-30T12:48:02","date_gmt":"2025-09-30T09:48:02","guid":{"rendered":"https:\/\/kupeliteolog.com\/?p=1576"},"modified":"2025-09-30T12:48:02","modified_gmt":"2025-09-30T09:48:02","slug":"acliktan-kirilan-pastorler","status":"publish","type":"post","link":"https:\/\/kupeliteolog.com\/index.php\/2025\/09\/30\/acliktan-kirilan-pastorler\/","title":{"rendered":"A\u00e7l\u0131ktan K\u0131r\u0131lan Past\u00f6rler"},"content":{"rendered":"<p>Bir s\u00fcredir burada de\u011fildim. Hayat\u0131n g\u00fcr\u00fclt\u00fcs\u00fc, i\u00e7 d\u00fcnyan\u0131n u\u011fultusuna kar\u0131\u015f\u0131nca bazen kelimeler susar. Zihin yo\u011fun, y\u00fcrek dalg\u0131n, ruh ise ba\u015fka yerlere \u00e7a\u011fr\u0131l\u0131r. Bu yaz\u0131 o \u00e7a\u011fr\u0131n\u0131n pe\u015finden geldi. \u00c7\u00fcnk\u00fc bazen sadece yazmak gerekmez; yazmadan \u00f6nce pi\u015fmek de gerekir.<\/p>\n<p>Bug\u00fcn size bir g\u00f6zlemi, bir endi\u015feyi ve belki bir itiraf\u0131 payla\u015fmak istiyorum. Past\u00f6rl\u00fck hizmeti i\u00e7inde y\u0131llar ge\u00e7irmi\u015f biri olmasam da ruhsal rehberlerin zamanla nas\u0131l a\u00e7l\u0131\u011fa d\u00fc\u015febilece\u011fini \u00e7ok kez g\u00f6rd\u00fcm. <a href=\"https:\/\/en.wikipedia.org\/wiki\/Richard_Baxter\">Richard Baxter<\/a>, \u201c<a href=\"https:\/\/ccel.org\/ccel\/b\/baxter\/pastor\/cache\/pastor.pdf\"><em>The Reformed Pastor<\/em><\/a>\u201d isimli kitab\u0131nda \u00f6yle bir kavramdan bahseder:<\/p>\n<p style=\"text-align: center;\"><em>\u201cYa\u015fam ekme\u011fini da\u011f\u0131t\u0131p, kendisi ise a\u00e7l\u0131ktan k\u0131r\u0131lmakta olan past\u00f6r\u201d\u00a0<\/em>kavram\u0131.<\/p>\n<p>Bu yaln\u0131zca bir te\u015fhis de\u011fil. Ayn\u0131 zamanda bir uyar\u0131d\u0131r. Hatta belki de bir dua.<\/p>\n<p>Gelin \u015fimdi biraz daha ele alal\u0131m bu ifadeyi. Bir f\u0131r\u0131n\u0131 d\u00fc\u015f\u00fcn\u00fcn. \u0130\u00e7eride ustalar ekmek pi\u015firiyor. Herkes o ekmekle doyuyor. Ancak f\u0131r\u0131nc\u0131n\u0131n kendisi a\u00e7. Unla bo\u011fu\u015fmu\u015f, mayayla u\u011fra\u015fm\u0131\u015f, ate\u015fin kar\u015f\u0131s\u0131nda terlemi\u015f ama a\u011fz\u0131na tek lokma ekmek koymam\u0131\u015f. \u0130\u00e7eriden gelen koku onu da sarho\u015f etmi\u015f ama doyurmam\u0131\u015f. Bu \u00e7eli\u015fki zamanla onu hasta eder. G\u00fc\u00e7l\u00fc g\u00f6r\u00fcn\u00fcrken zay\u0131f, \u00fcretken g\u00f6r\u00fcn\u00fcrken t\u00fckenmi\u015f hale getirir. Ruhsal hizmette de benzer bir durum ya\u015fan\u0131yor. Past\u00f6rler ve di\u011fer hizmet eder herkes&#8230; ne kadar \u00e7ok verirlerse, o kadar g\u00f6r\u00fcnmez bir eksilme ba\u015fl\u0131yor. \u0130lahiyat \u00e7al\u0131\u015f\u0131l\u0131yor, doktrinler inceleniyor, sistematik teoloji ba\u015fucundan inmiyor. Fakat bir noktada her \u015fey sadece bilgiye d\u00f6n\u00fc\u015f\u00fcyor. Derin bir y\u00fcr\u00fcy\u00fc\u015f de\u011fil, akademik bir tatmin halini al\u0131yor. Y\u00fcrek de ruh da ko\u015famaz hale geliyor.<\/p>\n<p>Tanr\u0131 hakk\u0131nda \u00e7ok \u015fey biliyoruz ama Tanr\u0131\u2019y\u0131 ne kadar tan\u0131yoruz? Teolojik do\u011frular, Kutsal Kitap\u2019tan do\u011fru \u00e7\u0131kar\u0131mlar, Grek\u00e7eden \u00e7evrilen n\u00fcanslar\u2026 Bunlar k\u0131ymetli. Fakat y\u00fcrek beslenmiyorsa, ruh susuyorsa, i\u00e7 d\u00fcnya yava\u015f yava\u015f kurur. Pavlus\u2019un s\u00f6z\u00fcn\u00fc unutmayal\u0131m. Bilgi b\u00f6b\u00fcrlendirir, sevgi bina eder. Past\u00f6rl\u00fck bazen g\u00f6r\u00fcnmeyen bir yaln\u0131zl\u0131kt\u0131r. Herkes sizi dinler ama kimse size sormaz. Siz anlat\u0131rs\u0131n\u0131z, onlar al\u0131r. Ancak siz kendinize ne verirsiniz? Dua etmek bile bazen bir herkese a\u00e7\u0131k performansa d\u00f6n\u00fc\u015febilir. \u0130\u00e7tenli\u011fin yerini al\u0131\u015fkanl\u0131k alabilir. Derinlik yerine bi\u00e7im kalabilir. Bu bir su\u00e7lama de\u011fil, bir ger\u00e7ekliktir. Past\u00f6rl\u00fc\u011f\u00fc yaln\u0131zca bir g\u00f6rev gibi ya\u015fayanlar i\u00e7in bu \u00e7\u00f6k\u00fc\u015f daha da h\u0131zlan\u0131r. Oysa bu bir kariyer de\u011fildir. Bu bir \u00e7a\u011fr\u0131d\u0131r ve bu \u00e7a\u011fr\u0131 sizi de i\u00e7ine al\u0131r. Sadece ba\u015fkalar\u0131n\u0131 de\u011fil, sizi de d\u00f6n\u00fc\u015ft\u00fcrmek zorundad\u0131r. E\u011fer siz de\u011fi\u015fmiyorsan\u0131z, b\u00fcy\u00fcm\u00fcyorsan\u0131z (bilgiden bahsetmiyorum), Tanr\u0131\u2019n\u0131n ekme\u011finden yemiyorsan\u0131z\u2026 bir yerde yol yanl\u0131\u015f gitmi\u015ftir.<\/p>\n<p>Ruhsal liderin duygusal zek\u00e2s\u0131 g\u00fc\u00e7l\u00fc olmal\u0131d\u0131r. \u00c7\u00fcnk\u00fc insan sadece zihinle de\u011fil, duygularla da y\u00fcr\u00fcr. Kendi k\u0131r\u0131lganl\u0131\u011f\u0131n\u0131z\u0131 bilmezseniz, ba\u015fkalar\u0131n\u0131nkine merhamet g\u00f6steremezsiniz. Kendi ac\u0131n\u0131z\u0131 tan\u0131mazsan\u0131z, ba\u015fkas\u0131n\u0131n ac\u0131s\u0131 kar\u015f\u0131s\u0131nda ya susar ya yarg\u0131lars\u0131n\u0131z. Bu da hizmeti kuru bir vaaz anlat\u0131m\u0131na indirger. \u0130\u00e7sel fark\u0131ndal\u0131k, ruhsal b\u00fcy\u00fcmenin zeminidir. Al\u00e7akg\u00f6n\u00fcll\u00fcl\u00fck burada filizlenir. Kendini tan\u0131mayan, kendini y\u00fcceltmeye ba\u015flar. Kendi bo\u015flu\u011funu g\u00f6rmeyen, ba\u015fkas\u0131n\u0131n bo\u015flu\u011funu k\u00fc\u00e7\u00fcmser. Ancak kendi yaras\u0131n\u0131 tan\u0131yan biri, ba\u015fkas\u0131n\u0131n yaras\u0131na dokunurken daha yumu\u015fakt\u0131r.<\/p>\n<p>E\u011fer past\u00f6rl\u00fck, \u00fc\u00e7 ana ba\u015fl\u0131ktan olu\u015fan PowerPoint sunumlar\u0131yla s\u0131n\u0131rl\u0131ysa, bir TEDx sahnesi bu i\u015f i\u00e7in gayet uygun bir yer olabilir. Fakat Tanr\u0131\u2019n\u0131n \u00e7a\u011fr\u0131s\u0131 bundan daha fazla \u015feyi i\u00e7eriyor. Bu bir ya\u015fam bi\u00e7imidir. Bu bir i\u00e7 y\u00fcr\u00fcy\u00fc\u015ft\u00fcr. Bu bir sofrada ekmek b\u00f6lme halidir. Ger\u00e7ek bir past\u00f6r, sadece empati kuran de\u011fil, gerekti\u011finde rahats\u0131z eden ki\u015fidir. Cemaat her zaman tatl\u0131 konu\u015fan\u0131 sevmez ama bazen en sevgi dolu s\u00f6z, insan\u0131 sarsan o ger\u00e7ektir. Ancak bunu dile getirebilmek i\u00e7in \u00f6nce kendi i\u00e7 uykusundan uyanmak gerekir.<\/p>\n<p>\u015eimdi size bir \u015fey sormak istiyorum. Ne zamand\u0131r ger\u00e7ekten doydu\u011funuzu hissettiniz? Ne zamand\u0131r o ekme\u011fi \u00e7i\u011fneyip yuttunuz? Ne zamand\u0131r sofrada sadece da\u011f\u0131tan de\u011fil, oturan oldunuz? Bunlar\u0131 cevaplaman\u0131z i\u00e7in past\u00f6r olman\u0131z gerekmiyor; kendisine Hristiyan diyen herkesin cevaplamas\u0131 gereken sorulard\u0131r bunlar.<\/p>\n<p>Unutmay\u0131n, e\u011fer sadece ekmek da\u011f\u0131t\u0131yor ama kendiniz yemiyorsan\u0131z, bir g\u00fcn t\u00fckenirsiniz. \u0130\u00e7ten i\u00e7e bo\u015fal\u0131r, d\u0131\u015far\u0131dan dolu g\u00f6r\u00fcnmeye \u00e7al\u0131\u015f\u0131rs\u0131n\u0131z. Konu\u015fursunuz ama Tanr\u0131\u2019n\u0131n sesini duymamaya ba\u015flars\u0131n\u0131z.<\/p>\n<p>Durun. Nefes al\u0131n. Sofraya oturun. Elinizdeki ekme\u011fi \u00f6nce siz tad\u0131n. \u00c7\u00fcnk\u00fc doydu\u011funuzda, verdi\u011finiz her \u015fey daha ger\u00e7ek olur. Tanr\u0131 sizi yaln\u0131zca k\u00fcrs\u00fcye \u00e7a\u011f\u0131rm\u0131yor. Sofraya da \u00e7a\u011f\u0131r\u0131yor. Orada siz de bir \u00e7ocuksunuz. Kainat\u0131n Ulu Mimar\u0131 olan Tanr\u0131, sizi doyurmak istiyor.<\/p>\n","protected":false},"excerpt":{"rendered":"<p>Bir s\u00fcredir burada de\u011fildim. Hayat\u0131n g\u00fcr\u00fclt\u00fcs\u00fc, i\u00e7 d\u00fcnyan\u0131n u\u011fultusuna kar\u0131\u015f\u0131nca bazen kelimeler susar. Zihin yo\u011fun, y\u00fcrek dalg\u0131n, ruh ise ba\u015fka yerlere \u00e7a\u011fr\u0131l\u0131r. Bu yaz\u0131 o \u00e7a\u011fr\u0131n\u0131n pe\u015finden geldi. \u00c7\u00fcnk\u00fc bazen sadece yazmak gerekmez; yazmadan \u00f6nce pi\u015fmek de gerekir. Bug\u00fcn size bir g\u00f6zlemi, bir endi\u015feyi ve belki bir itiraf\u0131 payla\u015fmak istiyorum. Past\u00f6rl\u00fck hizmeti i\u00e7inde y\u0131llar ge\u00e7irmi\u015f &hellip;<\/p>\n","protected":false},"author":2,"featured_media":1577,"comment_status":"open","ping_status":"open","sticky":false,"template":"","format":"standard","meta":{"footnotes":""},"categories":[1],"tags":[279,29,34,223,33,280],"class_list":["post-1576","post","type-post","status-publish","format-standard","has-post-thumbnail","hentry","category-all_blogs","tag-ekmek","tag-ilahiyat","tag-kilise","tag-pastor","tag-tanri","tag-yasam-ekmegi"],"yoast_head":"<!-- This site is optimized with the Yoast SEO plugin v20.11 - https:\/\/yoast.com\/wordpress\/plugins\/seo\/ -->\n<title>A\u00e7l\u0131ktan K\u0131r\u0131lan Past\u00f6rler - K\u00fcpeli Teolog<\/title>\n<meta name=\"description\" content=\"Unutmay\u0131n, e\u011fer sadece ekmek da\u011f\u0131t\u0131yor ama kendiniz yemiyorsan\u0131z, bir g\u00fcn t\u00fckenirsiniz. \u0130\u00e7ten i\u00e7e bo\u015fal\u0131r, d\u0131\u015far\u0131dan dolu g\u00f6r\u00fcnmeye...\" \/>\n<meta name=\"robots\" content=\"index, follow, max-snippet:-1, max-image-preview:large, max-video-preview:-1\" \/>\n<link rel=\"canonical\" href=\"http:\/\/kupeliteolog.com\/index.php\/2025\/09\/30\/acliktan-kirilan-pastorler\/\" \/>\n<meta property=\"og:locale\" content=\"tr_TR\" \/>\n<meta property=\"og:type\" content=\"article\" \/>\n<meta property=\"og:title\" content=\"A\u00e7l\u0131ktan K\u0131r\u0131lan Past\u00f6rler - K\u00fcpeli Teolog\" \/>\n<meta property=\"og:description\" content=\"Unutmay\u0131n, e\u011fer sadece ekmek da\u011f\u0131t\u0131yor ama kendiniz yemiyorsan\u0131z, bir g\u00fcn t\u00fckenirsiniz. \u0130\u00e7ten i\u00e7e bo\u015fal\u0131r, d\u0131\u015far\u0131dan dolu g\u00f6r\u00fcnmeye...\" \/>\n<meta property=\"og:url\" content=\"http:\/\/kupeliteolog.com\/index.php\/2025\/09\/30\/acliktan-kirilan-pastorler\/\" \/>\n<meta property=\"og:site_name\" content=\"K\u00fcpeli Teolog\" \/>\n<meta property=\"article:published_time\" content=\"2025-09-30T09:48:02+00:00\" \/>\n<meta property=\"og:image\" content=\"http:\/\/kupeliteolog.com\/wp-content\/uploads\/2025\/09\/loaf-2542308_1280.jpg\" \/>\n\t<meta property=\"og:image:width\" content=\"1280\" \/>\n\t<meta property=\"og:image:height\" content=\"676\" \/>\n\t<meta property=\"og:image:type\" content=\"image\/jpeg\" \/>\n<meta name=\"author\" content=\"Kupeli Teolog\" \/>\n<meta name=\"twitter:card\" content=\"summary_large_image\" \/>\n<meta name=\"twitter:creator\" content=\"@https:\/\/twitter.com\/kupeliteolog\" \/>\n<meta name=\"twitter:site\" content=\"@kupeliteolog\" \/>\n<meta name=\"twitter:label1\" content=\"Yazan:\" \/>\n\t<meta name=\"twitter:data1\" content=\"Kupeli Teolog\" \/>\n\t<meta name=\"twitter:label2\" content=\"Tahmini okuma s\u00fcresi\" \/>\n\t<meta name=\"twitter:data2\" content=\"4 dakika\" \/>\n<script type=\"application\/ld+json\" class=\"yoast-schema-graph\">{\"@context\":\"https:\/\/schema.org\",\"@graph\":[{\"@type\":\"Article\",\"@id\":\"http:\/\/kupeliteolog.com\/index.php\/2025\/09\/30\/acliktan-kirilan-pastorler\/#article\",\"isPartOf\":{\"@id\":\"http:\/\/kupeliteolog.com\/index.php\/2025\/09\/30\/acliktan-kirilan-pastorler\/\"},\"author\":{\"name\":\"Kupeli Teolog\",\"@id\":\"http:\/\/kupeliteolog.com\/#\/schema\/person\/943430f95319ff35f2fa565dee706102\"},\"headline\":\"A\u00e7l\u0131ktan K\u0131r\u0131lan Past\u00f6rler\",\"datePublished\":\"2025-09-30T09:48:02+00:00\",\"dateModified\":\"2025-09-30T09:48:02+00:00\",\"mainEntityOfPage\":{\"@id\":\"http:\/\/kupeliteolog.com\/index.php\/2025\/09\/30\/acliktan-kirilan-pastorler\/\"},\"wordCount\":920,\"commentCount\":0,\"publisher\":{\"@id\":\"http:\/\/kupeliteolog.com\/#\/schema\/person\/943430f95319ff35f2fa565dee706102\"},\"keywords\":[\"ekmek\",\"ilahiyat\",\"kilise\",\"past\u00f6r\",\"tanr\u0131\",\"ya\u015fam ekme\u011fi\"],\"articleSection\":[\"\u0130lahiyat\"],\"inLanguage\":\"tr\",\"potentialAction\":[{\"@type\":\"CommentAction\",\"name\":\"Comment\",\"target\":[\"http:\/\/kupeliteolog.com\/index.php\/2025\/09\/30\/acliktan-kirilan-pastorler\/#respond\"]}]},{\"@type\":\"WebPage\",\"@id\":\"http:\/\/kupeliteolog.com\/index.php\/2025\/09\/30\/acliktan-kirilan-pastorler\/\",\"url\":\"http:\/\/kupeliteolog.com\/index.php\/2025\/09\/30\/acliktan-kirilan-pastorler\/\",\"name\":\"A\u00e7l\u0131ktan K\u0131r\u0131lan Past\u00f6rler - K\u00fcpeli Teolog\",\"isPartOf\":{\"@id\":\"http:\/\/kupeliteolog.com\/#website\"},\"datePublished\":\"2025-09-30T09:48:02+00:00\",\"dateModified\":\"2025-09-30T09:48:02+00:00\",\"description\":\"Unutmay\u0131n, e\u011fer sadece ekmek da\u011f\u0131t\u0131yor ama kendiniz yemiyorsan\u0131z, bir g\u00fcn t\u00fckenirsiniz. \u0130\u00e7ten i\u00e7e bo\u015fal\u0131r, d\u0131\u015far\u0131dan dolu g\u00f6r\u00fcnmeye...\",\"breadcrumb\":{\"@id\":\"http:\/\/kupeliteolog.com\/index.php\/2025\/09\/30\/acliktan-kirilan-pastorler\/#breadcrumb\"},\"inLanguage\":\"tr\",\"potentialAction\":[{\"@type\":\"ReadAction\",\"target\":[\"http:\/\/kupeliteolog.com\/index.php\/2025\/09\/30\/acliktan-kirilan-pastorler\/\"]}]},{\"@type\":\"BreadcrumbList\",\"@id\":\"http:\/\/kupeliteolog.com\/index.php\/2025\/09\/30\/acliktan-kirilan-pastorler\/#breadcrumb\",\"itemListElement\":[{\"@type\":\"ListItem\",\"position\":1,\"name\":\"Anasayfa\",\"item\":\"http:\/\/kupeliteolog.com\/\"},{\"@type\":\"ListItem\",\"position\":2,\"name\":\"A\u00e7l\u0131ktan K\u0131r\u0131lan Past\u00f6rler\"}]},{\"@type\":\"WebSite\",\"@id\":\"http:\/\/kupeliteolog.com\/#website\",\"url\":\"http:\/\/kupeliteolog.com\/\",\"name\":\"K\u00fcpeli Teolog\",\"description\":\"K\u00fcpeli Teolog Blog Web Sitesi\",\"publisher\":{\"@id\":\"http:\/\/kupeliteolog.com\/#\/schema\/person\/943430f95319ff35f2fa565dee706102\"},\"potentialAction\":[{\"@type\":\"SearchAction\",\"target\":{\"@type\":\"EntryPoint\",\"urlTemplate\":\"http:\/\/kupeliteolog.com\/?s={search_term_string}\"},\"query-input\":\"required name=search_term_string\"}],\"inLanguage\":\"tr\"},{\"@type\":[\"Person\",\"Organization\"],\"@id\":\"http:\/\/kupeliteolog.com\/#\/schema\/person\/943430f95319ff35f2fa565dee706102\",\"name\":\"Kupeli Teolog\",\"image\":{\"@type\":\"ImageObject\",\"inLanguage\":\"tr\",\"@id\":\"http:\/\/kupeliteolog.com\/#\/schema\/person\/image\/\",\"url\":\"http:\/\/kupeliteolog.com\/wp-content\/uploads\/2022\/12\/favicon-1.png\",\"contentUrl\":\"http:\/\/kupeliteolog.com\/wp-content\/uploads\/2022\/12\/favicon-1.png\",\"width\":500,\"height\":500,\"caption\":\"Kupeli Teolog\"},\"logo\":{\"@id\":\"http:\/\/kupeliteolog.com\/#\/schema\/person\/image\/\"},\"sameAs\":[\"https:\/\/kupeliteolog.com\/\",\"https:\/\/twitter.com\/https:\/\/twitter.com\/kupeliteolog\"],\"url\":\"https:\/\/kupeliteolog.com\/index.php\/author\/kupeli_teolog\/\"}]}<\/script>\n<!-- \/ Yoast SEO plugin. -->","yoast_head_json":{"title":"A\u00e7l\u0131ktan K\u0131r\u0131lan Past\u00f6rler - K\u00fcpeli Teolog","description":"Unutmay\u0131n, e\u011fer sadece ekmek da\u011f\u0131t\u0131yor ama kendiniz yemiyorsan\u0131z, bir g\u00fcn t\u00fckenirsiniz. \u0130\u00e7ten i\u00e7e bo\u015fal\u0131r, d\u0131\u015far\u0131dan dolu g\u00f6r\u00fcnmeye...","robots":{"index":"index","follow":"follow","max-snippet":"max-snippet:-1","max-image-preview":"max-image-preview:large","max-video-preview":"max-video-preview:-1"},"canonical":"http:\/\/kupeliteolog.com\/index.php\/2025\/09\/30\/acliktan-kirilan-pastorler\/","og_locale":"tr_TR","og_type":"article","og_title":"A\u00e7l\u0131ktan K\u0131r\u0131lan Past\u00f6rler - K\u00fcpeli Teolog","og_description":"Unutmay\u0131n, e\u011fer sadece ekmek da\u011f\u0131t\u0131yor ama kendiniz yemiyorsan\u0131z, bir g\u00fcn t\u00fckenirsiniz. \u0130\u00e7ten i\u00e7e bo\u015fal\u0131r, d\u0131\u015far\u0131dan dolu g\u00f6r\u00fcnmeye...","og_url":"http:\/\/kupeliteolog.com\/index.php\/2025\/09\/30\/acliktan-kirilan-pastorler\/","og_site_name":"K\u00fcpeli Teolog","article_published_time":"2025-09-30T09:48:02+00:00","og_image":[{"width":1280,"height":676,"url":"http:\/\/kupeliteolog.com\/wp-content\/uploads\/2025\/09\/loaf-2542308_1280.jpg","type":"image\/jpeg"}],"author":"Kupeli Teolog","twitter_card":"summary_large_image","twitter_creator":"@https:\/\/twitter.com\/kupeliteolog","twitter_site":"@kupeliteolog","twitter_misc":{"Yazan:":"Kupeli Teolog","Tahmini okuma s\u00fcresi":"4 dakika"},"schema":{"@context":"https:\/\/schema.org","@graph":[{"@type":"Article","@id":"http:\/\/kupeliteolog.com\/index.php\/2025\/09\/30\/acliktan-kirilan-pastorler\/#article","isPartOf":{"@id":"http:\/\/kupeliteolog.com\/index.php\/2025\/09\/30\/acliktan-kirilan-pastorler\/"},"author":{"name":"Kupeli Teolog","@id":"http:\/\/kupeliteolog.com\/#\/schema\/person\/943430f95319ff35f2fa565dee706102"},"headline":"A\u00e7l\u0131ktan K\u0131r\u0131lan Past\u00f6rler","datePublished":"2025-09-30T09:48:02+00:00","dateModified":"2025-09-30T09:48:02+00:00","mainEntityOfPage":{"@id":"http:\/\/kupeliteolog.com\/index.php\/2025\/09\/30\/acliktan-kirilan-pastorler\/"},"wordCount":920,"commentCount":0,"publisher":{"@id":"http:\/\/kupeliteolog.com\/#\/schema\/person\/943430f95319ff35f2fa565dee706102"},"keywords":["ekmek","ilahiyat","kilise","past\u00f6r","tanr\u0131","ya\u015fam ekme\u011fi"],"articleSection":["\u0130lahiyat"],"inLanguage":"tr","potentialAction":[{"@type":"CommentAction","name":"Comment","target":["http:\/\/kupeliteolog.com\/index.php\/2025\/09\/30\/acliktan-kirilan-pastorler\/#respond"]}]},{"@type":"WebPage","@id":"http:\/\/kupeliteolog.com\/index.php\/2025\/09\/30\/acliktan-kirilan-pastorler\/","url":"http:\/\/kupeliteolog.com\/index.php\/2025\/09\/30\/acliktan-kirilan-pastorler\/","name":"A\u00e7l\u0131ktan K\u0131r\u0131lan Past\u00f6rler - K\u00fcpeli Teolog","isPartOf":{"@id":"http:\/\/kupeliteolog.com\/#website"},"datePublished":"2025-09-30T09:48:02+00:00","dateModified":"2025-09-30T09:48:02+00:00","description":"Unutmay\u0131n, e\u011fer sadece ekmek da\u011f\u0131t\u0131yor ama kendiniz yemiyorsan\u0131z, bir g\u00fcn t\u00fckenirsiniz. \u0130\u00e7ten i\u00e7e bo\u015fal\u0131r, d\u0131\u015far\u0131dan dolu g\u00f6r\u00fcnmeye...","breadcrumb":{"@id":"http:\/\/kupeliteolog.com\/index.php\/2025\/09\/30\/acliktan-kirilan-pastorler\/#breadcrumb"},"inLanguage":"tr","potentialAction":[{"@type":"ReadAction","target":["http:\/\/kupeliteolog.com\/index.php\/2025\/09\/30\/acliktan-kirilan-pastorler\/"]}]},{"@type":"BreadcrumbList","@id":"http:\/\/kupeliteolog.com\/index.php\/2025\/09\/30\/acliktan-kirilan-pastorler\/#breadcrumb","itemListElement":[{"@type":"ListItem","position":1,"name":"Anasayfa","item":"http:\/\/kupeliteolog.com\/"},{"@type":"ListItem","position":2,"name":"A\u00e7l\u0131ktan K\u0131r\u0131lan Past\u00f6rler"}]},{"@type":"WebSite","@id":"http:\/\/kupeliteolog.com\/#website","url":"http:\/\/kupeliteolog.com\/","name":"K\u00fcpeli Teolog","description":"K\u00fcpeli Teolog Blog Web Sitesi","publisher":{"@id":"http:\/\/kupeliteolog.com\/#\/schema\/person\/943430f95319ff35f2fa565dee706102"},"potentialAction":[{"@type":"SearchAction","target":{"@type":"EntryPoint","urlTemplate":"http:\/\/kupeliteolog.com\/?s={search_term_string}"},"query-input":"required name=search_term_string"}],"inLanguage":"tr"},{"@type":["Person","Organization"],"@id":"http:\/\/kupeliteolog.com\/#\/schema\/person\/943430f95319ff35f2fa565dee706102","name":"Kupeli Teolog","image":{"@type":"ImageObject","inLanguage":"tr","@id":"http:\/\/kupeliteolog.com\/#\/schema\/person\/image\/","url":"http:\/\/kupeliteolog.com\/wp-content\/uploads\/2022\/12\/favicon-1.png","contentUrl":"http:\/\/kupeliteolog.com\/wp-content\/uploads\/2022\/12\/favicon-1.png","width":500,"height":500,"caption":"Kupeli Teolog"},"logo":{"@id":"http:\/\/kupeliteolog.com\/#\/schema\/person\/image\/"},"sameAs":["https:\/\/kupeliteolog.com\/","https:\/\/twitter.com\/https:\/\/twitter.com\/kupeliteolog"],"url":"https:\/\/kupeliteolog.com\/index.php\/author\/kupeli_teolog\/"}]}},"_links":{"self":[{"href":"https:\/\/kupeliteolog.com\/index.php\/wp-json\/wp\/v2\/posts\/1576","targetHints":{"allow":["GET"]}}],"collection":[{"href":"https:\/\/kupeliteolog.com\/index.php\/wp-json\/wp\/v2\/posts"}],"about":[{"href":"https:\/\/kupeliteolog.com\/index.php\/wp-json\/wp\/v2\/types\/post"}],"author":[{"embeddable":true,"href":"https:\/\/kupeliteolog.com\/index.php\/wp-json\/wp\/v2\/users\/2"}],"replies":[{"embeddable":true,"href":"https:\/\/kupeliteolog.com\/index.php\/wp-json\/wp\/v2\/comments?post=1576"}],"version-history":[{"count":1,"href":"https:\/\/kupeliteolog.com\/index.php\/wp-json\/wp\/v2\/posts\/1576\/revisions"}],"predecessor-version":[{"id":1578,"href":"https:\/\/kupeliteolog.com\/index.php\/wp-json\/wp\/v2\/posts\/1576\/revisions\/1578"}],"wp:featuredmedia":[{"embeddable":true,"href":"https:\/\/kupeliteolog.com\/index.php\/wp-json\/wp\/v2\/media\/1577"}],"wp:attachment":[{"href":"https:\/\/kupeliteolog.com\/index.php\/wp-json\/wp\/v2\/media?parent=1576"}],"wp:term":[{"taxonomy":"category","embeddable":true,"href":"https:\/\/kupeliteolog.com\/index.php\/wp-json\/wp\/v2\/categories?post=1576"},{"taxonomy":"post_tag","embeddable":true,"href":"https:\/\/kupeliteolog.com\/index.php\/wp-json\/wp\/v2\/tags?post=1576"}],"curies":[{"name":"wp","href":"https:\/\/api.w.org\/{rel}","templated":true}]}}