{"id":1547,"date":"2025-05-15T12:52:43","date_gmt":"2025-05-15T09:52:43","guid":{"rendered":"https:\/\/kupeliteolog.com\/?p=1547"},"modified":"2025-05-15T12:52:43","modified_gmt":"2025-05-15T09:52:43","slug":"kilise-mi-sirket-mi","status":"publish","type":"post","link":"https:\/\/kupeliteolog.com\/index.php\/2025\/05\/15\/kilise-mi-sirket-mi\/","title":{"rendered":"Kilise Mi, \u015eirket Mi?"},"content":{"rendered":"<p>Son yirmi otuz y\u0131lda baz\u0131 kiliselerin ruhsal bir topluluktan \u00e7ok, kurumsal bir yap\u0131ya d\u00f6n\u00fc\u015ft\u00fc\u011f\u00fcn\u00fc fark ettiniz mi? Bu sadece bir hissiyat de\u011fil. Maalesef g\u00f6z\u00fcm\u00fcz\u00fcn \u00f6n\u00fcnde, ibadethane olarak var olmas\u0131 gereken bir\u00e7ok kilise, ad\u0131m ad\u0131m birer \u015firket modeline d\u00f6n\u00fc\u015f\u00fcyor.<\/p>\n<p>Mesele asl\u0131nda basit ba\u015fl\u0131yor: Odak noktas\u0131 hizmete kay\u0131yor. Yard\u0131m faaliyetleri, topluma katk\u0131, organizasyonlar, etkinlikler derken ibadet, dua ve ruhsal disiplinler ikinci plana at\u0131l\u0131yor. B\u00f6ylece yava\u015f ama kesin bir \u015fekilde kilisenin ruhsal merkezi kay\u0131yor. Hizmet Tanr\u0131\u2019ya de\u011fil, hizmetin kendisine yap\u0131lmaya ba\u015flan\u0131yor. Bu oldu\u011funda kilise, ibadet eden bir topluluktan ziyade, iyi niyetli ama ruhsal g\u00fcc\u00fcn\u00fc kaybetmi\u015f bir sosyal kul\u00fcbe d\u00f6n\u00fc\u015f\u00fcyor.<\/p>\n<p>Bu d\u00f6n\u00fc\u015f\u00fcm, yap\u0131sal bir de\u011fi\u015fimi de beraberinde getiriyor:<\/p>\n<p>Past\u00f6r art\u0131k \u00e7oban de\u011fil, CEO.<br \/>\nHizmet edenler karde\u015f de\u011fil, ekip lideri.<br \/>\nToplant\u0131lar art\u0131k Tanr\u0131\u2019n\u0131n halk\u0131yla bulu\u015ftu\u011fu kutsal zamanlar de\u011fil, koordinasyon oturumlar\u0131.<\/p>\n<p>Bu noktada, John Owen\u2019\u0131n \u015fu uyar\u0131s\u0131 yerli yerindedir:<\/p>\n<p><em>\u201cTanr\u0131\u2019n\u0131n halk\u0131 i\u00e7in tasarlad\u0131\u011f\u0131 ibadet \u015fekli, insan d\u00fc\u015f\u00fcncesiyle geli\u015ftirilen y\u00f6ntemlerle asla de\u011fi\u015ftirilemez. Ruh\u2019un i\u015fleyi\u015fiyle ba\u015flamayan her yap\u0131, d\u0131\u015far\u0131dan ne kadar parlak g\u00f6r\u00fcn\u00fcrse g\u00f6r\u00fcns\u00fcn, i\u00e7ten i\u00e7e \u00e7\u00fcr\u00fcmeye mahk\u00fbmdur.\u201d<a href=\"#_ftn1\" name=\"_ftnref1\"><strong>[1]<\/strong><\/a><\/em><\/p>\n<p>Burada bahsetti\u011fim \u015fey bir para-kilise olu\u015fumu de\u011fil. Bizzat yerel kilisenin kendisi. \u0130\u00e7eriden \u00e7\u00f6z\u00fclen, ruhsall\u0131\u011f\u0131n\u0131 kaybeden bir yap\u0131. H\u00e2l\u00e2 \u201ckilise\u201d tabelas\u0131 var, h\u00e2l\u00e2 past\u00f6r k\u00fcrs\u00fcde, ama Tanr\u0131 orada m\u0131? As\u0131l soru bu.<\/p>\n<p><strong>Bat\u0131l\u0131 Hermen\u00f6ti\u011fin Kopu\u015fu<\/strong><\/p>\n<p>Bu d\u00f6n\u00fc\u015f\u00fcm\u00fcn temelinde ne var peki?<br \/>\nEn b\u00fcy\u00fck sebeplerden biri, Bat\u0131&#8217;daki \u00e7a\u011fda\u015f Hristiyanl\u0131\u011f\u0131n tarihsel teolojik k\u00f6klerinden kopmas\u0131 ve k\u00fclt\u00fcrel normlarla \u015fekillenen bir yap\u0131ya evrilmesi. Yani art\u0131k kilise, Tanr\u0131 S\u00f6z\u00fc\u2019ne g\u00f6re de\u011fil; \u201cdaha fazla insana nas\u0131l ula\u015f\u0131r\u0131z?\u201d sorusuna g\u00f6re yap\u0131land\u0131r\u0131l\u0131yor. Bat\u0131 k\u00fclt\u00fcr\u00fc, Ayd\u0131nlanma\u2019dan itibaren ak\u0131lc\u0131l\u0131\u011f\u0131, verimlili\u011fi ve \u00f6l\u00e7\u00fclebilir ba\u015far\u0131y\u0131 merkeze ald\u0131. Bu k\u00fclt\u00fcrel paradigma, zamanla kilise yap\u0131s\u0131na da s\u0131zd\u0131. Art\u0131k &#8220;etkili kilise&#8221;, daha \u00e7ok etkinlik yapan, daha \u00e7ok insana ula\u015fan, daha \u00e7ok g\u00f6r\u00fcn\u00fcr olan kilise anlam\u0131na geliyor.<\/p>\n<p>John MacArthur, bu konuda olduk\u00e7a nettir:<\/p>\n<p><em>\u201c\u0130ncil\u2019i merkez almayan her yakla\u015f\u0131m, kiliseyi pazarlama tekni\u011fine, past\u00f6r\u00fc y\u00f6neticiye, vaaz\u0131 sunuma, ibadeti e\u011flenceye \u00e7evirir.\u201d<a href=\"#_ftn2\" name=\"_ftnref2\"><strong>[2]<\/strong><\/a><\/em><\/p>\n<p>Bu d\u00f6n\u00fc\u015f\u00fcm, Yeni Ahit\u2019teki kilise anlay\u0131\u015f\u0131na tamamen z\u0131tt\u0131r. Pavlus\u2019un, Petrus\u2019un, Yahya\u2019n\u0131n tan\u0131d\u0131\u011f\u0131 kilise bu de\u011fil. Yeni Ahit, kiliseyi \u201c<strong><em>Mesih&#8217;in bedeni<\/em><\/strong>\u201d (1Ko. 12:27), \u201c<strong><em>ruhsal bir tap\u0131nak<\/em><\/strong>\u201d (1Pe. 2:5) ve \u201c<strong><em>Tanr\u0131&#8217;n\u0131n konutu<\/em><\/strong>\u201d (Efesliler 2:22) olarak tan\u0131mlar. Bu tan\u0131mlar, nicel de\u011fil, niteliksel derinlik \u00fczerine kuruludur.<\/p>\n<p>Reform Baptist yazarlardan Paul Washer, modern kilise anlay\u0131\u015f\u0131 \u00fczerine \u015funu s\u00f6yler:<\/p>\n<p><em>\u201cKiliseyi Tanr\u0131\u2019n\u0131n y\u00f6ntemiyle b\u00fcy\u00fctmek yerine, insanlar\u0131n y\u00f6ntemleriyle b\u00fcy\u00fctmeye kalkarsan\u0131z, sonunda Tanr\u0131\u2019n\u0131n halk\u0131 de\u011fil, sizin toplad\u0131\u011f\u0131n\u0131z bir kalabal\u0131k elde edersiniz.\u201d<a href=\"#_ftn3\" name=\"_ftnref3\"><strong>[3]<\/strong><\/a><\/em><\/p>\n<p><strong>Sonu\u00e7: Enerji Kaymas\u0131<\/strong><\/p>\n<p>Tanr\u0131\u2019ya y\u00f6nelmesi gereken dikkatimiz, enerjimiz ve sevgimiz, bu \u2018kilise-\u015firket\u2019 yap\u0131s\u0131na kay\u0131yor. D\u0131\u015far\u0131dan hizmet ediyor gibi g\u00f6r\u00fcn\u00fcyoruz, ama i\u00e7eride bo\u015fluk b\u00fcy\u00fcyor. \u00c7\u00fcnk\u00fc ruhsal derinlik olmadan eylemler kutsal g\u00f6r\u00fcnse de \u00f6z\u00fcn\u00fc kaybeder.<\/p>\n<p>\u0130\u015fte tam burada Gregorius Nazianzus\u2019un \u015fu s\u00f6z\u00fc a\u011f\u0131r bir tokat gibi gelir:<\/p>\n<p><em>\u201cTanr\u0131\u2019ya ibadet etmeyi b\u0131rakt\u0131\u011f\u0131n\u0131zda, hizmet Tanr\u0131\u2019ya de\u011fil, kendinize d\u00f6ner.\u201d<a href=\"#_ftn4\" name=\"_ftnref4\"><strong>[4]<\/strong><\/a><\/em><\/p>\n<p>Bu durum, sadece bireysel de\u011fil; topluluksal olarak da Hristiyan ya\u015fam kalitesinden uzakla\u015fmam\u0131za neden oluyor. \u00c7\u00fcnk\u00fc ruhsall\u0131k, planla, toplant\u0131yla, takvimle de\u011fil; Tanr\u0131\u2019yla dolu bir ya\u015famla in\u015fa edilir.<\/p>\n<p>Kilise, kilise olarak kalmal\u0131.<br \/>\nBir markaya de\u011fil, Mesih\u2019in bedenine benzemeli.<br \/>\nPast\u00f6rler \u00e7oban kalmal\u0131.<br \/>\nBizler de ibadet eden bir topluluk olmay\u0131 yeniden hat\u0131rlamal\u0131y\u0131z.<\/p>\n<p><a href=\"#_ftnref1\" name=\"_ftn1\">[1]<\/a> Owen, J. (2000). <em>The Works of John Owen<\/em> (Vol. 15, s. 9). Edinburgh: Banner of Truth Trust.<\/p>\n<p><a href=\"#_ftnref2\" name=\"_ftn2\">[2]<\/a> MacArthur, J. F. (1993). Ashamed of the Gospel: When the Church Becomes Like the World (s. 61). Wheaton, IL: Crossway Books.<\/p>\n<p><a href=\"#_ftnref3\" name=\"_ftn3\">[3]<\/a> Washer, P. (2012). <em>The Gospel&#8217;s Power and Message<\/em> (s. 93). Grand Rapids, MI: Reformation Heritage Books.<\/p>\n<p><a href=\"#_ftnref4\" name=\"_ftn4\">[4]<\/a> Gregory Nazianzus. (1894). <em>Orations<\/em> (Oration 2, \u00a795). In P. Schaff &amp; H. Wace (Eds.), <em>Nicene and Post-Nicene Fathers: Second Series<\/em> (Vol. 7, p. 221). New York: Christian Literature Publishing Co.<\/p>\n","protected":false},"excerpt":{"rendered":"<p>Son yirmi otuz y\u0131lda baz\u0131 kiliselerin ruhsal bir topluluktan \u00e7ok, kurumsal bir yap\u0131ya d\u00f6n\u00fc\u015ft\u00fc\u011f\u00fcn\u00fc fark ettiniz mi? Bu sadece bir hissiyat de\u011fil. Maalesef g\u00f6z\u00fcm\u00fcz\u00fcn \u00f6n\u00fcnde, ibadethane olarak var olmas\u0131 gereken bir\u00e7ok kilise, ad\u0131m ad\u0131m birer \u015firket modeline d\u00f6n\u00fc\u015f\u00fcyor. Mesele asl\u0131nda basit ba\u015fl\u0131yor: Odak noktas\u0131 hizmete kay\u0131yor. Yard\u0131m faaliyetleri, topluma katk\u0131, organizasyonlar, etkinlikler derken ibadet, dua &hellip;<\/p>\n","protected":false},"author":2,"featured_media":1548,"comment_status":"open","ping_status":"open","sticky":false,"template":"","format":"standard","meta":{"footnotes":""},"categories":[1],"tags":[248,247,31,34,250,251,246,33,249],"class_list":["post-1547","post","type-post","status-publish","format-standard","has-post-thumbnail","hentry","category-all_blogs","tag-hermenotik","tag-hizmet","tag-incil","tag-kilise","tag-macarthur","tag-nazianzus","tag-sirket","tag-tanri","tag-washer"],"yoast_head":"<!-- This site is optimized with the Yoast SEO plugin v20.11 - https:\/\/yoast.com\/wordpress\/plugins\/seo\/ -->\n<title>Kilise Mi, \u015eirket Mi? - K\u00fcpeli Teolog<\/title>\n<meta name=\"description\" content=\"Kiliseyi Tanr\u0131\u2019n\u0131n y\u00f6ntemiyle b\u00fcy\u00fctmek yerine, insanlar\u0131n y\u00f6ntemleriyle b\u00fcy\u00fctmeye kalkarsan\u0131z, sonunda Tanr\u0131\u2019n\u0131n halk\u0131 de\u011fil..\" \/>\n<meta name=\"robots\" content=\"index, follow, max-snippet:-1, max-image-preview:large, max-video-preview:-1\" \/>\n<link rel=\"canonical\" href=\"http:\/\/kupeliteolog.com\/index.php\/2025\/05\/15\/kilise-mi-sirket-mi\/\" \/>\n<meta property=\"og:locale\" content=\"tr_TR\" \/>\n<meta property=\"og:type\" content=\"article\" \/>\n<meta property=\"og:title\" content=\"Kilise Mi, \u015eirket Mi? - K\u00fcpeli Teolog\" \/>\n<meta property=\"og:description\" content=\"Kiliseyi Tanr\u0131\u2019n\u0131n y\u00f6ntemiyle b\u00fcy\u00fctmek yerine, insanlar\u0131n y\u00f6ntemleriyle b\u00fcy\u00fctmeye kalkarsan\u0131z, sonunda Tanr\u0131\u2019n\u0131n halk\u0131 de\u011fil..\" \/>\n<meta property=\"og:url\" content=\"http:\/\/kupeliteolog.com\/index.php\/2025\/05\/15\/kilise-mi-sirket-mi\/\" \/>\n<meta property=\"og:site_name\" content=\"K\u00fcpeli Teolog\" \/>\n<meta property=\"article:published_time\" content=\"2025-05-15T09:52:43+00:00\" \/>\n<meta property=\"og:image\" content=\"http:\/\/kupeliteolog.com\/wp-content\/uploads\/2025\/05\/entrepreneur-1340649_1280.jpg\" \/>\n\t<meta property=\"og:image:width\" content=\"1280\" \/>\n\t<meta property=\"og:image:height\" content=\"905\" \/>\n\t<meta property=\"og:image:type\" content=\"image\/jpeg\" \/>\n<meta name=\"author\" content=\"Kupeli Teolog\" \/>\n<meta name=\"twitter:card\" content=\"summary_large_image\" \/>\n<meta name=\"twitter:creator\" content=\"@https:\/\/twitter.com\/kupeliteolog\" \/>\n<meta name=\"twitter:site\" content=\"@kupeliteolog\" \/>\n<meta name=\"twitter:label1\" content=\"Yazan:\" \/>\n\t<meta name=\"twitter:data1\" content=\"Kupeli Teolog\" \/>\n\t<meta name=\"twitter:label2\" content=\"Tahmini okuma s\u00fcresi\" \/>\n\t<meta name=\"twitter:data2\" content=\"4 dakika\" \/>\n<script type=\"application\/ld+json\" class=\"yoast-schema-graph\">{\"@context\":\"https:\/\/schema.org\",\"@graph\":[{\"@type\":\"Article\",\"@id\":\"http:\/\/kupeliteolog.com\/index.php\/2025\/05\/15\/kilise-mi-sirket-mi\/#article\",\"isPartOf\":{\"@id\":\"http:\/\/kupeliteolog.com\/index.php\/2025\/05\/15\/kilise-mi-sirket-mi\/\"},\"author\":{\"name\":\"Kupeli Teolog\",\"@id\":\"http:\/\/kupeliteolog.com\/#\/schema\/person\/943430f95319ff35f2fa565dee706102\"},\"headline\":\"Kilise Mi, \u015eirket Mi?\",\"datePublished\":\"2025-05-15T09:52:43+00:00\",\"dateModified\":\"2025-05-15T09:52:43+00:00\",\"mainEntityOfPage\":{\"@id\":\"http:\/\/kupeliteolog.com\/index.php\/2025\/05\/15\/kilise-mi-sirket-mi\/\"},\"wordCount\":764,\"commentCount\":0,\"publisher\":{\"@id\":\"http:\/\/kupeliteolog.com\/#\/schema\/person\/943430f95319ff35f2fa565dee706102\"},\"keywords\":[\"hermen\u00f6tik\",\"hizmet\",\"incil\",\"kilise\",\"macarthur\",\"nazianzus\",\"\u015firket\",\"tanr\u0131\",\"washer\"],\"articleSection\":[\"\u0130lahiyat\"],\"inLanguage\":\"tr\",\"potentialAction\":[{\"@type\":\"CommentAction\",\"name\":\"Comment\",\"target\":[\"http:\/\/kupeliteolog.com\/index.php\/2025\/05\/15\/kilise-mi-sirket-mi\/#respond\"]}]},{\"@type\":\"WebPage\",\"@id\":\"http:\/\/kupeliteolog.com\/index.php\/2025\/05\/15\/kilise-mi-sirket-mi\/\",\"url\":\"http:\/\/kupeliteolog.com\/index.php\/2025\/05\/15\/kilise-mi-sirket-mi\/\",\"name\":\"Kilise Mi, \u015eirket Mi? - K\u00fcpeli Teolog\",\"isPartOf\":{\"@id\":\"http:\/\/kupeliteolog.com\/#website\"},\"datePublished\":\"2025-05-15T09:52:43+00:00\",\"dateModified\":\"2025-05-15T09:52:43+00:00\",\"description\":\"Kiliseyi Tanr\u0131\u2019n\u0131n y\u00f6ntemiyle b\u00fcy\u00fctmek yerine, insanlar\u0131n y\u00f6ntemleriyle b\u00fcy\u00fctmeye kalkarsan\u0131z, sonunda Tanr\u0131\u2019n\u0131n halk\u0131 de\u011fil..\",\"breadcrumb\":{\"@id\":\"http:\/\/kupeliteolog.com\/index.php\/2025\/05\/15\/kilise-mi-sirket-mi\/#breadcrumb\"},\"inLanguage\":\"tr\",\"potentialAction\":[{\"@type\":\"ReadAction\",\"target\":[\"http:\/\/kupeliteolog.com\/index.php\/2025\/05\/15\/kilise-mi-sirket-mi\/\"]}]},{\"@type\":\"BreadcrumbList\",\"@id\":\"http:\/\/kupeliteolog.com\/index.php\/2025\/05\/15\/kilise-mi-sirket-mi\/#breadcrumb\",\"itemListElement\":[{\"@type\":\"ListItem\",\"position\":1,\"name\":\"Anasayfa\",\"item\":\"http:\/\/kupeliteolog.com\/\"},{\"@type\":\"ListItem\",\"position\":2,\"name\":\"Kilise Mi, \u015eirket Mi?\"}]},{\"@type\":\"WebSite\",\"@id\":\"http:\/\/kupeliteolog.com\/#website\",\"url\":\"http:\/\/kupeliteolog.com\/\",\"name\":\"K\u00fcpeli Teolog\",\"description\":\"K\u00fcpeli Teolog Blog Web Sitesi\",\"publisher\":{\"@id\":\"http:\/\/kupeliteolog.com\/#\/schema\/person\/943430f95319ff35f2fa565dee706102\"},\"potentialAction\":[{\"@type\":\"SearchAction\",\"target\":{\"@type\":\"EntryPoint\",\"urlTemplate\":\"http:\/\/kupeliteolog.com\/?s={search_term_string}\"},\"query-input\":\"required name=search_term_string\"}],\"inLanguage\":\"tr\"},{\"@type\":[\"Person\",\"Organization\"],\"@id\":\"http:\/\/kupeliteolog.com\/#\/schema\/person\/943430f95319ff35f2fa565dee706102\",\"name\":\"Kupeli Teolog\",\"image\":{\"@type\":\"ImageObject\",\"inLanguage\":\"tr\",\"@id\":\"http:\/\/kupeliteolog.com\/#\/schema\/person\/image\/\",\"url\":\"http:\/\/kupeliteolog.com\/wp-content\/uploads\/2022\/12\/favicon-1.png\",\"contentUrl\":\"http:\/\/kupeliteolog.com\/wp-content\/uploads\/2022\/12\/favicon-1.png\",\"width\":500,\"height\":500,\"caption\":\"Kupeli Teolog\"},\"logo\":{\"@id\":\"http:\/\/kupeliteolog.com\/#\/schema\/person\/image\/\"},\"sameAs\":[\"https:\/\/kupeliteolog.com\/\",\"https:\/\/twitter.com\/https:\/\/twitter.com\/kupeliteolog\"],\"url\":\"https:\/\/kupeliteolog.com\/index.php\/author\/kupeli_teolog\/\"}]}<\/script>\n<!-- \/ Yoast SEO plugin. -->","yoast_head_json":{"title":"Kilise Mi, \u015eirket Mi? - K\u00fcpeli Teolog","description":"Kiliseyi Tanr\u0131\u2019n\u0131n y\u00f6ntemiyle b\u00fcy\u00fctmek yerine, insanlar\u0131n y\u00f6ntemleriyle b\u00fcy\u00fctmeye kalkarsan\u0131z, sonunda Tanr\u0131\u2019n\u0131n halk\u0131 de\u011fil..","robots":{"index":"index","follow":"follow","max-snippet":"max-snippet:-1","max-image-preview":"max-image-preview:large","max-video-preview":"max-video-preview:-1"},"canonical":"http:\/\/kupeliteolog.com\/index.php\/2025\/05\/15\/kilise-mi-sirket-mi\/","og_locale":"tr_TR","og_type":"article","og_title":"Kilise Mi, \u015eirket Mi? - K\u00fcpeli Teolog","og_description":"Kiliseyi Tanr\u0131\u2019n\u0131n y\u00f6ntemiyle b\u00fcy\u00fctmek yerine, insanlar\u0131n y\u00f6ntemleriyle b\u00fcy\u00fctmeye kalkarsan\u0131z, sonunda Tanr\u0131\u2019n\u0131n halk\u0131 de\u011fil..","og_url":"http:\/\/kupeliteolog.com\/index.php\/2025\/05\/15\/kilise-mi-sirket-mi\/","og_site_name":"K\u00fcpeli Teolog","article_published_time":"2025-05-15T09:52:43+00:00","og_image":[{"width":1280,"height":905,"url":"http:\/\/kupeliteolog.com\/wp-content\/uploads\/2025\/05\/entrepreneur-1340649_1280.jpg","type":"image\/jpeg"}],"author":"Kupeli Teolog","twitter_card":"summary_large_image","twitter_creator":"@https:\/\/twitter.com\/kupeliteolog","twitter_site":"@kupeliteolog","twitter_misc":{"Yazan:":"Kupeli Teolog","Tahmini okuma s\u00fcresi":"4 dakika"},"schema":{"@context":"https:\/\/schema.org","@graph":[{"@type":"Article","@id":"http:\/\/kupeliteolog.com\/index.php\/2025\/05\/15\/kilise-mi-sirket-mi\/#article","isPartOf":{"@id":"http:\/\/kupeliteolog.com\/index.php\/2025\/05\/15\/kilise-mi-sirket-mi\/"},"author":{"name":"Kupeli Teolog","@id":"http:\/\/kupeliteolog.com\/#\/schema\/person\/943430f95319ff35f2fa565dee706102"},"headline":"Kilise Mi, \u015eirket Mi?","datePublished":"2025-05-15T09:52:43+00:00","dateModified":"2025-05-15T09:52:43+00:00","mainEntityOfPage":{"@id":"http:\/\/kupeliteolog.com\/index.php\/2025\/05\/15\/kilise-mi-sirket-mi\/"},"wordCount":764,"commentCount":0,"publisher":{"@id":"http:\/\/kupeliteolog.com\/#\/schema\/person\/943430f95319ff35f2fa565dee706102"},"keywords":["hermen\u00f6tik","hizmet","incil","kilise","macarthur","nazianzus","\u015firket","tanr\u0131","washer"],"articleSection":["\u0130lahiyat"],"inLanguage":"tr","potentialAction":[{"@type":"CommentAction","name":"Comment","target":["http:\/\/kupeliteolog.com\/index.php\/2025\/05\/15\/kilise-mi-sirket-mi\/#respond"]}]},{"@type":"WebPage","@id":"http:\/\/kupeliteolog.com\/index.php\/2025\/05\/15\/kilise-mi-sirket-mi\/","url":"http:\/\/kupeliteolog.com\/index.php\/2025\/05\/15\/kilise-mi-sirket-mi\/","name":"Kilise Mi, \u015eirket Mi? - K\u00fcpeli Teolog","isPartOf":{"@id":"http:\/\/kupeliteolog.com\/#website"},"datePublished":"2025-05-15T09:52:43+00:00","dateModified":"2025-05-15T09:52:43+00:00","description":"Kiliseyi Tanr\u0131\u2019n\u0131n y\u00f6ntemiyle b\u00fcy\u00fctmek yerine, insanlar\u0131n y\u00f6ntemleriyle b\u00fcy\u00fctmeye kalkarsan\u0131z, sonunda Tanr\u0131\u2019n\u0131n halk\u0131 de\u011fil..","breadcrumb":{"@id":"http:\/\/kupeliteolog.com\/index.php\/2025\/05\/15\/kilise-mi-sirket-mi\/#breadcrumb"},"inLanguage":"tr","potentialAction":[{"@type":"ReadAction","target":["http:\/\/kupeliteolog.com\/index.php\/2025\/05\/15\/kilise-mi-sirket-mi\/"]}]},{"@type":"BreadcrumbList","@id":"http:\/\/kupeliteolog.com\/index.php\/2025\/05\/15\/kilise-mi-sirket-mi\/#breadcrumb","itemListElement":[{"@type":"ListItem","position":1,"name":"Anasayfa","item":"http:\/\/kupeliteolog.com\/"},{"@type":"ListItem","position":2,"name":"Kilise Mi, \u015eirket Mi?"}]},{"@type":"WebSite","@id":"http:\/\/kupeliteolog.com\/#website","url":"http:\/\/kupeliteolog.com\/","name":"K\u00fcpeli Teolog","description":"K\u00fcpeli Teolog Blog Web Sitesi","publisher":{"@id":"http:\/\/kupeliteolog.com\/#\/schema\/person\/943430f95319ff35f2fa565dee706102"},"potentialAction":[{"@type":"SearchAction","target":{"@type":"EntryPoint","urlTemplate":"http:\/\/kupeliteolog.com\/?s={search_term_string}"},"query-input":"required name=search_term_string"}],"inLanguage":"tr"},{"@type":["Person","Organization"],"@id":"http:\/\/kupeliteolog.com\/#\/schema\/person\/943430f95319ff35f2fa565dee706102","name":"Kupeli Teolog","image":{"@type":"ImageObject","inLanguage":"tr","@id":"http:\/\/kupeliteolog.com\/#\/schema\/person\/image\/","url":"http:\/\/kupeliteolog.com\/wp-content\/uploads\/2022\/12\/favicon-1.png","contentUrl":"http:\/\/kupeliteolog.com\/wp-content\/uploads\/2022\/12\/favicon-1.png","width":500,"height":500,"caption":"Kupeli Teolog"},"logo":{"@id":"http:\/\/kupeliteolog.com\/#\/schema\/person\/image\/"},"sameAs":["https:\/\/kupeliteolog.com\/","https:\/\/twitter.com\/https:\/\/twitter.com\/kupeliteolog"],"url":"https:\/\/kupeliteolog.com\/index.php\/author\/kupeli_teolog\/"}]}},"_links":{"self":[{"href":"https:\/\/kupeliteolog.com\/index.php\/wp-json\/wp\/v2\/posts\/1547","targetHints":{"allow":["GET"]}}],"collection":[{"href":"https:\/\/kupeliteolog.com\/index.php\/wp-json\/wp\/v2\/posts"}],"about":[{"href":"https:\/\/kupeliteolog.com\/index.php\/wp-json\/wp\/v2\/types\/post"}],"author":[{"embeddable":true,"href":"https:\/\/kupeliteolog.com\/index.php\/wp-json\/wp\/v2\/users\/2"}],"replies":[{"embeddable":true,"href":"https:\/\/kupeliteolog.com\/index.php\/wp-json\/wp\/v2\/comments?post=1547"}],"version-history":[{"count":1,"href":"https:\/\/kupeliteolog.com\/index.php\/wp-json\/wp\/v2\/posts\/1547\/revisions"}],"predecessor-version":[{"id":1549,"href":"https:\/\/kupeliteolog.com\/index.php\/wp-json\/wp\/v2\/posts\/1547\/revisions\/1549"}],"wp:featuredmedia":[{"embeddable":true,"href":"https:\/\/kupeliteolog.com\/index.php\/wp-json\/wp\/v2\/media\/1548"}],"wp:attachment":[{"href":"https:\/\/kupeliteolog.com\/index.php\/wp-json\/wp\/v2\/media?parent=1547"}],"wp:term":[{"taxonomy":"category","embeddable":true,"href":"https:\/\/kupeliteolog.com\/index.php\/wp-json\/wp\/v2\/categories?post=1547"},{"taxonomy":"post_tag","embeddable":true,"href":"https:\/\/kupeliteolog.com\/index.php\/wp-json\/wp\/v2\/tags?post=1547"}],"curies":[{"name":"wp","href":"https:\/\/api.w.org\/{rel}","templated":true}]}}