{"id":1516,"date":"2024-09-26T11:06:44","date_gmt":"2024-09-26T08:06:44","guid":{"rendered":"https:\/\/kupeliteolog.com\/?p=1516"},"modified":"2024-09-26T11:06:44","modified_gmt":"2024-09-26T08:06:44","slug":"vaazi-canlandirma-cabasi-tarihsel-bir-not","status":"publish","type":"post","link":"https:\/\/kupeliteolog.com\/index.php\/2024\/09\/26\/vaazi-canlandirma-cabasi-tarihsel-bir-not\/","title":{"rendered":"Vaaz\u0131 Canland\u0131rma \u00c7abas\u0131: Tarihsel Bir Not"},"content":{"rendered":"<p>Kilise i\u00e7indeki durum giderek k\u00f6t\u00fcle\u015fmeye ba\u015flam\u0131\u015ft\u0131. Rahiplerin tutum ve davran\u0131\u015flar\u0131, halk\u0131n din\u00ee cehaleti, insanlar\u0131 sapk\u0131n \u00f6\u011fretilere s\u00fcr\u00fcklemeye ba\u015flad\u0131. \u00d6zellikle 11. y\u00fczy\u0131lda Bulgaristan&#8217;daki milliyet\u00e7i hareketler ve ard\u0131ndan Bizans ile ya\u015fanan \u00e7e\u015fitli \u00e7at\u0131\u015fmalar, korkun\u00e7 bir sapk\u0131nl\u0131\u011fa kap\u0131 a\u00e7t\u0131. Ermeni Paulikanlardan etkilenen Bulgarlar, k\u00fc\u00e7\u00fck bir tarikat kurarak Bizans dinine (yani Hristiyanl\u0131\u011fa) kar\u015f\u0131 direnmeye ba\u015flad\u0131lar. Bir s\u00fcre sonra I. Aleksios Komnenos&#8217;un etkisiyle Bizans i\u00e7indeki g\u00fc\u00e7lerini ve etkilerini kaybetseler de tebli\u011flerini Avrupa&#8217;n\u0131n \u00e7e\u015fitli b\u00f6lgelerine ve \u00f6zellikle G\u00fcney Fransa&#8217;ya yaym\u0131\u015flard\u0131 bile. Kilise i\u00e7indeki \u00e7e\u015fitli makam kavgalar\u0131 halk\u0131 dini a\u00e7\u0131dan cahil b\u0131rak\u0131rken, kilise cemaati farkl\u0131 s\u00f6z\u00fcm ona ruhani felsefelerin kurban\u0131 olmaya ba\u015flam\u0131\u015flard\u0131r. \u0130spanyol Reconquista&#8217;s\u0131n\u0131n<a href=\"#_ftn1\" name=\"_ftnref1\">[1]<\/a> k\u0131v\u0131lc\u0131m\u0131yla ba\u015flayan Ha\u00e7l\u0131 Seferi hareketi, kurumsal bir yap\u0131 olarak Papa&#8217;n\u0131n ve Kilise&#8217;nin Avrupa genelinde toplum \u00fczerindeki etkisini \u00f6nemli \u00f6l\u00e7\u00fcde g\u00fc\u00e7lendirmi\u015ftir. Ha\u00e7l\u0131 Seferleri ba\u015flamadan \u00f6nce de Kilise&#8217;deki feodal yap\u0131lanma halk taraf\u0131ndan olumsuz kar\u015f\u0131lan\u0131yordu. B\u00f6ylece Kilise&#8217;nin maddi a\u00e7\u0131dan g\u00fc\u00e7lenmesi n\u00fcfuzunu art\u0131rm\u0131\u015f ve dikkatini ilahiyattan ziyade uygulamaya odaklamas\u0131na yol a\u00e7m\u0131\u015ft\u0131r. \u0130nsanlar g\u00fcnahtan ve ebedi azaptan kurtulmak i\u00e7in daha h\u0131zl\u0131 \u00e7\u00f6z\u00fcmleri tercih ediyordu. Roma Katolik kilisesi s\u00fcregelen sakramental \u00f6\u011fretileriyle insanlara hap verir gibi vaatler sunmu\u015f ve y\u00fcreklerine su serpmi\u015fti. Ge\u00e7mi\u015fte manast\u0131r tarikat\u0131 insanlar i\u00e7in bir umut olarak g\u00f6r\u00fcl\u00fcyordu ancak el\u00e7isel sadelik ve yoksulluktan uzakla\u015fan manast\u0131r tarikat\u0131n\u0131n da reforma ihtiyac\u0131 vard\u0131. \u00d6rne\u011fin Benedict&#8217;in manast\u0131r d\u00fczeninin bel kemi\u011fi olarak nitelendirilen eseri \u201cRegula Sancti Benedicti\u201d<a href=\"#_ftn2\" name=\"_ftnref2\">[2]<\/a> art\u0131k ciddiye al\u0131nm\u0131yor, manast\u0131rlarda g\u00f6z ard\u0131 ediliyordu.<\/p>\n<p>Ancak bir s\u00fcre sonra, 1112 (veya 1113) y\u0131l\u0131nda, Clairvaux&#8217;lu Bernard 23 ya\u015f\u0131nda bir gen\u00e7 olarak kendini g\u00f6stermeye ba\u015flad\u0131. Bernard bir rahipti ve \u00f6zellikle Tanr\u0131 S\u00f6z\u00fc \u00fczerinde d\u00fc\u015f\u00fcnmeye ve O&#8217;nu daha \u00e7ok sevmeye \u00e7al\u0131\u015f\u0131yordu. Bernard&#8217;a g\u00f6re Meryem&#8217;in yapt\u0131klar\u0131 Marta&#8217;n\u0131n yapt\u0131klar\u0131ndan daha de\u011ferliydi, \u00e7\u00fcnk\u00fc \u0130sa&#8217;n\u0131n Beytanya&#8217;daki hik\u00e2yesi Bernard&#8217;\u0131n manast\u0131r d\u00fczeninin bir par\u00e7as\u0131 olmas\u0131nda \u00f6nemli bir rol oynuyordu. Bernard&#8217;\u0131n etkisi ilerleyen y\u0131llarda kendini b\u00fcy\u00fck \u00f6l\u00e7\u00fcde g\u00f6sterdi. \u00d6zellikle Kilise&#8217;nin zenginli\u011fe de\u011fil, Tanr\u0131&#8217;n\u0131n emirlerine ve do\u011fal olarak itaate odaklanmas\u0131 gerekti\u011fini \u00f6\u011fretti. Ancak \u0130kinci Ha\u00e7l\u0131 Seferi s\u0131ras\u0131nda vaizlerden biri olan Bernard, halk\u0131 Yahudileri katletmekten vazge\u00e7irmeye \u00e7al\u0131\u015fmaktayd\u0131.<\/p>\n<p>Dominic de Guzman da manast\u0131r reformunun bir par\u00e7as\u0131yd\u0131. De Guzman, Roma Katolik Kilisesi&#8217;nin \u00f6zellikle g\u00fcney Fransa&#8217;da \u00e7o\u011funlu\u011funu Catharlar\u0131n olu\u015fturdu\u011fu sapk\u0131nlara kar\u015f\u0131 verdi\u011fi m\u00fccadeleyi g\u00f6zlemlemi\u015f ancak Kilise&#8217;den farkl\u0131 bir yol izlenmesi gerekti\u011fi sonucuna varm\u0131\u015ft\u0131. Dominic, vaazlar ve \u00e7o\u011funlukla akademik \u00e7al\u0131\u015fmalar yoluyla Kilise&#8217;yi ar\u0131nd\u0131rmaya ve reformu ger\u00e7e\u011fe d\u00f6n\u00fc\u015ft\u00fcrmeye \u00e7al\u0131\u015f\u0131yordu. Dominik&#8217;in Katolik Kilisesi&#8217;ndeki etkisi muazzamd\u0131. \u00c7\u00fcnk\u00fc \u201cDominiken Tarikat\u0131\u201d ad\u0131n\u0131 Dominic de Guzman&#8217;dan almaktad\u0131r. Dominic, Hristiyan ilahiyat\u0131yla ilgili ger\u00e7ekleri daha akla uygun bir \u015fekle getirmeye \u00e7al\u0131\u015f\u0131yordu. Dominiken Tarikat\u0131&#8217;n\u0131n amac\u0131, \u00f6zellikle 1900&#8217;lerin ba\u015f\u0131ndaki liberaller gibi Kutsal Kitap&#8217;\u0131 ve Hristiyan ilahiyat\u0131n\u0131 bilim ve k\u00fclt\u00fcre uygun olarak yorumlamak de\u011fildi.<\/p>\n<p>Tersine, Kutsal Kitap&#8217;\u0131 daha iyi anlamak ve onu \u00e7e\u015fitli g\u00f6rsel l\u00fctuflar -yani sakramentler- arac\u0131l\u0131\u011f\u0131yla ve zihinsel olarak kavramakt\u0131. Bu noktada Aquinolu Thomas \u00f6nemli bir rol oynam\u0131\u015ft\u0131r. Dominic de Guzman, Cathar \u00f6rne\u011finde oldu\u011fu gibi, sapk\u0131nlarla sadece k\u0131l\u0131\u00e7la sava\u015fman\u0131n yeterli olmad\u0131\u011f\u0131n\u0131 g\u00f6zlemlemi\u015f ve vaaz\u0131n (yani Tanr\u0131 S\u00f6z\u00fc&#8217;n\u00fcn) gerekli oldu\u011fu sonucuna varm\u0131\u015ft\u0131r.<\/p>\n<p>Assisi&#8217;li Fransua da \u00f6nemli ve dikkate de\u011fer vaizlerden biriydi. Fransua&#8217;n\u0131n hareketi de tamamen Kilise&#8217;yi daha iyi hale getirmeyi ama\u00e7l\u0131yordu. Fransisken Tarikat\u0131&#8217;n\u0131n kurucusu olan ki\u015fi kendisidir. Fransua, Dominik ile ayn\u0131 d\u00f6nemde ya\u015fam\u0131\u015f olsa da, y\u00f6nelimleri biraz farkl\u0131yd\u0131. Dominik akademik anlay\u0131\u015fa daha fazla \u00f6nem verirken, Fransua daha \u00e7ok mistik bir etkiye sahipti. Fransua&#8217;n\u0131n mistik etkilerinden biri de Stigmata deneyimidir. Stigmata, \u0130sa&#8217;n\u0131n \u00e7arm\u0131hta ald\u0131\u011f\u0131 yaralar\u0131n ayn\u0131s\u0131n\u0131n bir ki\u015finin \u00fczerinde belirmesi, kanamas\u0131 ve ac\u0131ya neden olmas\u0131 anlam\u0131na gelir. Stigmata&#8217;n\u0131n tam olarak nereden kaynakland\u0131\u011f\u0131 bilinmese de do\u011fa\u00fcst\u00fc bir deneyim oldu\u011fu a\u00e7\u0131kt\u0131r. Ancak Fransua&#8217;n\u0131n etkisini Kutsal Kitap&#8217;ta yer almayan bir deneyimle s\u0131n\u0131rland\u0131rmak do\u011fru olmaz. Fransisken Tarikat\u0131&#8217;na mensup ki\u015filer de t\u0131pk\u0131 Dominikenler gibi vaaz vermeye devam etmi\u015ftir. B\u00f6ylece Dominikenler halk\u0131 akademik ve p\u00fcr bilgi a\u00e7\u0131s\u0131ndan g\u00fc\u00e7lendirirken, Fransiskenler daha ruhani bir yakla\u015f\u0131m\u0131 tercih etmi\u015flerdir. Clairvaux&#8217;lu Bernard gibi Fransua da Mesih&#8217;in insanl\u0131\u011f\u0131n\u0131 vurgulam\u0131\u015f ve bunu daha mistik bir \u015fekilde ifade etmi\u015ftir.<\/p>\n<p><a href=\"#_ftnref1\" name=\"_ftn1\">[1]<\/a> <strong>Reconquista<\/strong>, \u0130ber Yar\u0131madas\u0131&#8217;nda M\u00fcsl\u00fcman y\u00f6netimi alt\u0131ndaki topraklar\u0131n Hristiyan krall\u0131klar taraf\u0131ndan yeniden fethedilmesi s\u00fcrecine verilen isimdir. Bu s\u00fcre\u00e7, 8. y\u00fczy\u0131lda ba\u015flam\u0131\u015f ve yakla\u015f\u0131k 800 y\u0131l s\u00fcrm\u00fc\u015ft\u00fcr. Reconquista, 711 y\u0131l\u0131nda M\u00fcsl\u00fcmanlar\u0131n \u0130ber Yar\u0131madas\u0131&#8217;n\u0131 fethetmesiyle ba\u015flam\u0131\u015f ve 1492 y\u0131l\u0131nda son M\u00fcsl\u00fcman devlet olan Granada Emirli\u011fi&#8217;nin Hristiyanlar taraf\u0131ndan ele ge\u00e7irilmesiyle sona ermi\u015ftir.<\/p>\n<p><a href=\"#_ftnref2\" name=\"_ftn2\">[2]<\/a> <strong>Regula Sancti Benedicti<\/strong> (Aziz Benediktus Kurallar\u0131), 6. y\u00fczy\u0131lda Nursial\u0131 Aziz Benediktus taraf\u0131ndan yaz\u0131lan ve Bat\u0131 Hristiyan manast\u0131r ya\u015fam\u0131n\u0131 d\u00fczenleyen bir kural kitab\u0131d\u0131r. Bu kurallar, manast\u0131r ya\u015fam\u0131nda itaat, ibadet, \u00e7al\u0131\u015fma, suskunluk ve m\u00fctevaz\u0131 ya\u015fam gibi ilkeleri vurgular. Benediktin ke\u015fi\u015fleri, topluluk i\u00e7inde disiplinli bir ya\u015fam s\u00fcrmeli, fiziksel \u00e7al\u0131\u015fma ve dua ile Tanr\u0131&#8217;ya hizmet etmelidir. Kurallar, Bat\u0131 Avrupa&#8217;daki manast\u0131rlar\u0131n d\u00fczenli ve dengeli bir \u015fekilde i\u015flemesini sa\u011flam\u0131\u015f ve Hristiyan manast\u0131r hareketinin temel ta\u015flar\u0131ndan biri olmu\u015ftur.<\/p>\n","protected":false},"excerpt":{"rendered":"<p>Kilise i\u00e7indeki durum giderek k\u00f6t\u00fcle\u015fmeye ba\u015flam\u0131\u015ft\u0131. Rahiplerin tutum ve davran\u0131\u015flar\u0131, halk\u0131n din\u00ee cehaleti, insanlar\u0131 sapk\u0131n \u00f6\u011fretilere s\u00fcr\u00fcklemeye ba\u015flad\u0131. \u00d6zellikle 11. y\u00fczy\u0131lda Bulgaristan&#8217;daki milliyet\u00e7i hareketler ve ard\u0131ndan Bizans ile ya\u015fanan \u00e7e\u015fitli \u00e7at\u0131\u015fmalar, korkun\u00e7 bir sapk\u0131nl\u0131\u011fa kap\u0131 a\u00e7t\u0131. Ermeni Paulikanlardan etkilenen Bulgarlar, k\u00fc\u00e7\u00fck bir tarikat kurarak Bizans dinine (yani Hristiyanl\u0131\u011fa) kar\u015f\u0131 direnmeye ba\u015flad\u0131lar. Bir s\u00fcre sonra I. &hellip;<\/p>\n","protected":false},"author":2,"featured_media":1517,"comment_status":"open","ping_status":"open","sticky":false,"template":"","format":"standard","meta":{"footnotes":""},"categories":[64],"tags":[216,213,215,214,32,34,212],"class_list":["post-1516","post","type-post","status-publish","format-standard","has-post-thumbnail","hentry","category-tarih","tag-bernard","tag-canlandirma","tag-dominic","tag-fransua","tag-hristiyanlik","tag-kilise","tag-vaaz"],"yoast_head":"<!-- This site is optimized with the Yoast SEO plugin v20.11 - https:\/\/yoast.com\/wordpress\/plugins\/seo\/ -->\n<title>Vaaz\u0131 Canland\u0131rma \u00c7abas\u0131: Tarihsel Bir Not - K\u00fcpeli Teolog<\/title>\n<meta name=\"description\" content=\"Roma Katolik kilisesi s\u00fcregelen sakramental \u00f6\u011fretileriyle insanlara hap verir gibi vaatler sunmu\u015f ve y\u00fcreklerine su serpmi\u015fti...\" \/>\n<meta name=\"robots\" content=\"index, follow, max-snippet:-1, max-image-preview:large, max-video-preview:-1\" \/>\n<link rel=\"canonical\" href=\"https:\/\/kupeliteolog.com\/index.php\/2024\/09\/26\/vaazi-canlandirma-cabasi-tarihsel-bir-not\/\" \/>\n<meta property=\"og:locale\" content=\"tr_TR\" \/>\n<meta property=\"og:type\" content=\"article\" \/>\n<meta property=\"og:title\" content=\"Vaaz\u0131 Canland\u0131rma \u00c7abas\u0131: Tarihsel Bir Not - K\u00fcpeli Teolog\" \/>\n<meta property=\"og:description\" content=\"Roma Katolik kilisesi s\u00fcregelen sakramental \u00f6\u011fretileriyle insanlara hap verir gibi vaatler sunmu\u015f ve y\u00fcreklerine su serpmi\u015fti...\" \/>\n<meta property=\"og:url\" content=\"https:\/\/kupeliteolog.com\/index.php\/2024\/09\/26\/vaazi-canlandirma-cabasi-tarihsel-bir-not\/\" \/>\n<meta property=\"og:site_name\" content=\"K\u00fcpeli Teolog\" \/>\n<meta property=\"article:published_time\" content=\"2024-09-26T08:06:44+00:00\" \/>\n<meta property=\"og:image\" content=\"https:\/\/kupeliteolog.com\/wp-content\/uploads\/2024\/09\/books-2606859_1280.jpg\" \/>\n\t<meta property=\"og:image:width\" content=\"1280\" \/>\n\t<meta property=\"og:image:height\" content=\"853\" \/>\n\t<meta property=\"og:image:type\" content=\"image\/jpeg\" \/>\n<meta name=\"author\" content=\"Kupeli Teolog\" \/>\n<meta name=\"twitter:card\" content=\"summary_large_image\" \/>\n<meta name=\"twitter:creator\" content=\"@https:\/\/twitter.com\/kupeliteolog\" \/>\n<meta name=\"twitter:site\" content=\"@kupeliteolog\" \/>\n<meta name=\"twitter:label1\" content=\"Yazan:\" \/>\n\t<meta name=\"twitter:data1\" content=\"Kupeli Teolog\" \/>\n\t<meta name=\"twitter:label2\" content=\"Tahmini okuma s\u00fcresi\" \/>\n\t<meta name=\"twitter:data2\" content=\"5 dakika\" \/>\n<script type=\"application\/ld+json\" class=\"yoast-schema-graph\">{\"@context\":\"https:\/\/schema.org\",\"@graph\":[{\"@type\":\"Article\",\"@id\":\"https:\/\/kupeliteolog.com\/index.php\/2024\/09\/26\/vaazi-canlandirma-cabasi-tarihsel-bir-not\/#article\",\"isPartOf\":{\"@id\":\"https:\/\/kupeliteolog.com\/index.php\/2024\/09\/26\/vaazi-canlandirma-cabasi-tarihsel-bir-not\/\"},\"author\":{\"name\":\"Kupeli Teolog\",\"@id\":\"http:\/\/kupeliteolog.com\/#\/schema\/person\/943430f95319ff35f2fa565dee706102\"},\"headline\":\"Vaaz\u0131 Canland\u0131rma \u00c7abas\u0131: Tarihsel Bir Not\",\"datePublished\":\"2024-09-26T08:06:44+00:00\",\"dateModified\":\"2024-09-26T08:06:44+00:00\",\"mainEntityOfPage\":{\"@id\":\"https:\/\/kupeliteolog.com\/index.php\/2024\/09\/26\/vaazi-canlandirma-cabasi-tarihsel-bir-not\/\"},\"wordCount\":1014,\"commentCount\":0,\"publisher\":{\"@id\":\"http:\/\/kupeliteolog.com\/#\/schema\/person\/943430f95319ff35f2fa565dee706102\"},\"keywords\":[\"bernard\",\"canland\u0131rma\",\"dominic\",\"fransua\",\"hristiyanl\u0131k\",\"kilise\",\"vaaz\"],\"articleSection\":[\"Tarih\"],\"inLanguage\":\"tr\",\"potentialAction\":[{\"@type\":\"CommentAction\",\"name\":\"Comment\",\"target\":[\"https:\/\/kupeliteolog.com\/index.php\/2024\/09\/26\/vaazi-canlandirma-cabasi-tarihsel-bir-not\/#respond\"]}]},{\"@type\":\"WebPage\",\"@id\":\"https:\/\/kupeliteolog.com\/index.php\/2024\/09\/26\/vaazi-canlandirma-cabasi-tarihsel-bir-not\/\",\"url\":\"https:\/\/kupeliteolog.com\/index.php\/2024\/09\/26\/vaazi-canlandirma-cabasi-tarihsel-bir-not\/\",\"name\":\"Vaaz\u0131 Canland\u0131rma \u00c7abas\u0131: Tarihsel Bir Not - K\u00fcpeli Teolog\",\"isPartOf\":{\"@id\":\"http:\/\/kupeliteolog.com\/#website\"},\"datePublished\":\"2024-09-26T08:06:44+00:00\",\"dateModified\":\"2024-09-26T08:06:44+00:00\",\"description\":\"Roma Katolik kilisesi s\u00fcregelen sakramental \u00f6\u011fretileriyle insanlara hap verir gibi vaatler sunmu\u015f ve y\u00fcreklerine su serpmi\u015fti...\",\"breadcrumb\":{\"@id\":\"https:\/\/kupeliteolog.com\/index.php\/2024\/09\/26\/vaazi-canlandirma-cabasi-tarihsel-bir-not\/#breadcrumb\"},\"inLanguage\":\"tr\",\"potentialAction\":[{\"@type\":\"ReadAction\",\"target\":[\"https:\/\/kupeliteolog.com\/index.php\/2024\/09\/26\/vaazi-canlandirma-cabasi-tarihsel-bir-not\/\"]}]},{\"@type\":\"BreadcrumbList\",\"@id\":\"https:\/\/kupeliteolog.com\/index.php\/2024\/09\/26\/vaazi-canlandirma-cabasi-tarihsel-bir-not\/#breadcrumb\",\"itemListElement\":[{\"@type\":\"ListItem\",\"position\":1,\"name\":\"Anasayfa\",\"item\":\"http:\/\/kupeliteolog.com\/\"},{\"@type\":\"ListItem\",\"position\":2,\"name\":\"Vaaz\u0131 Canland\u0131rma \u00c7abas\u0131: Tarihsel Bir Not\"}]},{\"@type\":\"WebSite\",\"@id\":\"http:\/\/kupeliteolog.com\/#website\",\"url\":\"http:\/\/kupeliteolog.com\/\",\"name\":\"K\u00fcpeli Teolog\",\"description\":\"K\u00fcpeli Teolog Blog Web Sitesi\",\"publisher\":{\"@id\":\"http:\/\/kupeliteolog.com\/#\/schema\/person\/943430f95319ff35f2fa565dee706102\"},\"potentialAction\":[{\"@type\":\"SearchAction\",\"target\":{\"@type\":\"EntryPoint\",\"urlTemplate\":\"http:\/\/kupeliteolog.com\/?s={search_term_string}\"},\"query-input\":\"required name=search_term_string\"}],\"inLanguage\":\"tr\"},{\"@type\":[\"Person\",\"Organization\"],\"@id\":\"http:\/\/kupeliteolog.com\/#\/schema\/person\/943430f95319ff35f2fa565dee706102\",\"name\":\"Kupeli Teolog\",\"image\":{\"@type\":\"ImageObject\",\"inLanguage\":\"tr\",\"@id\":\"http:\/\/kupeliteolog.com\/#\/schema\/person\/image\/\",\"url\":\"http:\/\/kupeliteolog.com\/wp-content\/uploads\/2022\/12\/favicon-1.png\",\"contentUrl\":\"http:\/\/kupeliteolog.com\/wp-content\/uploads\/2022\/12\/favicon-1.png\",\"width\":500,\"height\":500,\"caption\":\"Kupeli Teolog\"},\"logo\":{\"@id\":\"http:\/\/kupeliteolog.com\/#\/schema\/person\/image\/\"},\"sameAs\":[\"https:\/\/kupeliteolog.com\/\",\"https:\/\/twitter.com\/https:\/\/twitter.com\/kupeliteolog\"],\"url\":\"https:\/\/kupeliteolog.com\/index.php\/author\/kupeli_teolog\/\"}]}<\/script>\n<!-- \/ Yoast SEO plugin. -->","yoast_head_json":{"title":"Vaaz\u0131 Canland\u0131rma \u00c7abas\u0131: Tarihsel Bir Not - K\u00fcpeli Teolog","description":"Roma Katolik kilisesi s\u00fcregelen sakramental \u00f6\u011fretileriyle insanlara hap verir gibi vaatler sunmu\u015f ve y\u00fcreklerine su serpmi\u015fti...","robots":{"index":"index","follow":"follow","max-snippet":"max-snippet:-1","max-image-preview":"max-image-preview:large","max-video-preview":"max-video-preview:-1"},"canonical":"https:\/\/kupeliteolog.com\/index.php\/2024\/09\/26\/vaazi-canlandirma-cabasi-tarihsel-bir-not\/","og_locale":"tr_TR","og_type":"article","og_title":"Vaaz\u0131 Canland\u0131rma \u00c7abas\u0131: Tarihsel Bir Not - K\u00fcpeli Teolog","og_description":"Roma Katolik kilisesi s\u00fcregelen sakramental \u00f6\u011fretileriyle insanlara hap verir gibi vaatler sunmu\u015f ve y\u00fcreklerine su serpmi\u015fti...","og_url":"https:\/\/kupeliteolog.com\/index.php\/2024\/09\/26\/vaazi-canlandirma-cabasi-tarihsel-bir-not\/","og_site_name":"K\u00fcpeli Teolog","article_published_time":"2024-09-26T08:06:44+00:00","og_image":[{"width":1280,"height":853,"url":"https:\/\/kupeliteolog.com\/wp-content\/uploads\/2024\/09\/books-2606859_1280.jpg","type":"image\/jpeg"}],"author":"Kupeli Teolog","twitter_card":"summary_large_image","twitter_creator":"@https:\/\/twitter.com\/kupeliteolog","twitter_site":"@kupeliteolog","twitter_misc":{"Yazan:":"Kupeli Teolog","Tahmini okuma s\u00fcresi":"5 dakika"},"schema":{"@context":"https:\/\/schema.org","@graph":[{"@type":"Article","@id":"https:\/\/kupeliteolog.com\/index.php\/2024\/09\/26\/vaazi-canlandirma-cabasi-tarihsel-bir-not\/#article","isPartOf":{"@id":"https:\/\/kupeliteolog.com\/index.php\/2024\/09\/26\/vaazi-canlandirma-cabasi-tarihsel-bir-not\/"},"author":{"name":"Kupeli Teolog","@id":"http:\/\/kupeliteolog.com\/#\/schema\/person\/943430f95319ff35f2fa565dee706102"},"headline":"Vaaz\u0131 Canland\u0131rma \u00c7abas\u0131: Tarihsel Bir Not","datePublished":"2024-09-26T08:06:44+00:00","dateModified":"2024-09-26T08:06:44+00:00","mainEntityOfPage":{"@id":"https:\/\/kupeliteolog.com\/index.php\/2024\/09\/26\/vaazi-canlandirma-cabasi-tarihsel-bir-not\/"},"wordCount":1014,"commentCount":0,"publisher":{"@id":"http:\/\/kupeliteolog.com\/#\/schema\/person\/943430f95319ff35f2fa565dee706102"},"keywords":["bernard","canland\u0131rma","dominic","fransua","hristiyanl\u0131k","kilise","vaaz"],"articleSection":["Tarih"],"inLanguage":"tr","potentialAction":[{"@type":"CommentAction","name":"Comment","target":["https:\/\/kupeliteolog.com\/index.php\/2024\/09\/26\/vaazi-canlandirma-cabasi-tarihsel-bir-not\/#respond"]}]},{"@type":"WebPage","@id":"https:\/\/kupeliteolog.com\/index.php\/2024\/09\/26\/vaazi-canlandirma-cabasi-tarihsel-bir-not\/","url":"https:\/\/kupeliteolog.com\/index.php\/2024\/09\/26\/vaazi-canlandirma-cabasi-tarihsel-bir-not\/","name":"Vaaz\u0131 Canland\u0131rma \u00c7abas\u0131: Tarihsel Bir Not - K\u00fcpeli Teolog","isPartOf":{"@id":"http:\/\/kupeliteolog.com\/#website"},"datePublished":"2024-09-26T08:06:44+00:00","dateModified":"2024-09-26T08:06:44+00:00","description":"Roma Katolik kilisesi s\u00fcregelen sakramental \u00f6\u011fretileriyle insanlara hap verir gibi vaatler sunmu\u015f ve y\u00fcreklerine su serpmi\u015fti...","breadcrumb":{"@id":"https:\/\/kupeliteolog.com\/index.php\/2024\/09\/26\/vaazi-canlandirma-cabasi-tarihsel-bir-not\/#breadcrumb"},"inLanguage":"tr","potentialAction":[{"@type":"ReadAction","target":["https:\/\/kupeliteolog.com\/index.php\/2024\/09\/26\/vaazi-canlandirma-cabasi-tarihsel-bir-not\/"]}]},{"@type":"BreadcrumbList","@id":"https:\/\/kupeliteolog.com\/index.php\/2024\/09\/26\/vaazi-canlandirma-cabasi-tarihsel-bir-not\/#breadcrumb","itemListElement":[{"@type":"ListItem","position":1,"name":"Anasayfa","item":"http:\/\/kupeliteolog.com\/"},{"@type":"ListItem","position":2,"name":"Vaaz\u0131 Canland\u0131rma \u00c7abas\u0131: Tarihsel Bir Not"}]},{"@type":"WebSite","@id":"http:\/\/kupeliteolog.com\/#website","url":"http:\/\/kupeliteolog.com\/","name":"K\u00fcpeli Teolog","description":"K\u00fcpeli Teolog Blog Web Sitesi","publisher":{"@id":"http:\/\/kupeliteolog.com\/#\/schema\/person\/943430f95319ff35f2fa565dee706102"},"potentialAction":[{"@type":"SearchAction","target":{"@type":"EntryPoint","urlTemplate":"http:\/\/kupeliteolog.com\/?s={search_term_string}"},"query-input":"required name=search_term_string"}],"inLanguage":"tr"},{"@type":["Person","Organization"],"@id":"http:\/\/kupeliteolog.com\/#\/schema\/person\/943430f95319ff35f2fa565dee706102","name":"Kupeli Teolog","image":{"@type":"ImageObject","inLanguage":"tr","@id":"http:\/\/kupeliteolog.com\/#\/schema\/person\/image\/","url":"http:\/\/kupeliteolog.com\/wp-content\/uploads\/2022\/12\/favicon-1.png","contentUrl":"http:\/\/kupeliteolog.com\/wp-content\/uploads\/2022\/12\/favicon-1.png","width":500,"height":500,"caption":"Kupeli Teolog"},"logo":{"@id":"http:\/\/kupeliteolog.com\/#\/schema\/person\/image\/"},"sameAs":["https:\/\/kupeliteolog.com\/","https:\/\/twitter.com\/https:\/\/twitter.com\/kupeliteolog"],"url":"https:\/\/kupeliteolog.com\/index.php\/author\/kupeli_teolog\/"}]}},"_links":{"self":[{"href":"https:\/\/kupeliteolog.com\/index.php\/wp-json\/wp\/v2\/posts\/1516","targetHints":{"allow":["GET"]}}],"collection":[{"href":"https:\/\/kupeliteolog.com\/index.php\/wp-json\/wp\/v2\/posts"}],"about":[{"href":"https:\/\/kupeliteolog.com\/index.php\/wp-json\/wp\/v2\/types\/post"}],"author":[{"embeddable":true,"href":"https:\/\/kupeliteolog.com\/index.php\/wp-json\/wp\/v2\/users\/2"}],"replies":[{"embeddable":true,"href":"https:\/\/kupeliteolog.com\/index.php\/wp-json\/wp\/v2\/comments?post=1516"}],"version-history":[{"count":1,"href":"https:\/\/kupeliteolog.com\/index.php\/wp-json\/wp\/v2\/posts\/1516\/revisions"}],"predecessor-version":[{"id":1518,"href":"https:\/\/kupeliteolog.com\/index.php\/wp-json\/wp\/v2\/posts\/1516\/revisions\/1518"}],"wp:featuredmedia":[{"embeddable":true,"href":"https:\/\/kupeliteolog.com\/index.php\/wp-json\/wp\/v2\/media\/1517"}],"wp:attachment":[{"href":"https:\/\/kupeliteolog.com\/index.php\/wp-json\/wp\/v2\/media?parent=1516"}],"wp:term":[{"taxonomy":"category","embeddable":true,"href":"https:\/\/kupeliteolog.com\/index.php\/wp-json\/wp\/v2\/categories?post=1516"},{"taxonomy":"post_tag","embeddable":true,"href":"https:\/\/kupeliteolog.com\/index.php\/wp-json\/wp\/v2\/tags?post=1516"}],"curies":[{"name":"wp","href":"https:\/\/api.w.org\/{rel}","templated":true}]}}