{"id":1494,"date":"2024-02-28T14:09:22","date_gmt":"2024-02-28T11:09:22","guid":{"rendered":"https:\/\/kupeliteolog.com\/?p=1494"},"modified":"2024-02-28T14:12:34","modified_gmt":"2024-02-28T11:12:34","slug":"mesihle-birlik","status":"publish","type":"post","link":"https:\/\/kupeliteolog.com\/index.php\/2024\/02\/28\/mesihle-birlik\/","title":{"rendered":"Mesih\u2019le Birlik"},"content":{"rendered":"<p>Kimilerine g\u00f6re Mesih\u2019le birlik, kurtulu\u015fumuzun merkezidir. \u015e\u00f6yle ki, Mesih\u2019le bir olmadan kurtulmak imkans\u0131zd\u0131r. O\u2019nun do\u011frulu\u011fu bizi \u00f6rtmeden, O\u2019nu kan\u0131 ile y\u0131kanmadan, O\u2019nun bedenini yiyip kan\u0131n\u0131 i\u00e7meden kurtulmak m\u00fcmk\u00fcn de\u011fildir.<\/p>\n<p>Kimilerine g\u00f6re ise Mesih\u2019le birlik i\u00e7in birka\u00e7 temel mevcuttur. Bunlardan ilki hukuki temel veya hukuki zemindir. Hukuki zeminde O\u2019nunla olu\u015fan birlik, tamamen l\u00fctuf antla\u015fmas\u0131na ili\u015fkindir. Antla\u015fma, hukuki bir terim oldu\u011fundan dolay\u0131, Mesih\u2019le olan birlik de bu temele dayanmaktad\u0131r. Kurtulu\u015f uygulamalar\u0131n\u0131n t\u00fcm ad\u0131mlar\u0131 kayna\u011f\u0131n\u0131 ve temelini antla\u015fma birli\u011finde bulur.<\/p>\n<p>Bir di\u011fer \u00f6nemli husus kurtulu\u015fun merkezinde Mesih\u2019in olmas\u0131d\u0131r. Mesih\u2019in kan\u0131nda y\u0131kanmadan, O\u2019nun ger\u00e7e\u011fi s\u00f6yledi\u011fine tan\u0131kl\u0131k etmeden, O\u2019nun do\u011frulu\u011funu \u00f6rt\u00fcnmeden kurtulmak m\u00fcmk\u00fcn de\u011fildir. Dolay\u0131s\u0131yla birli\u011fin en \u00f6nemli unsurlar\u0131ndan birisi de budur.<\/p>\n<p>Bunlar d\u0131\u015f\u0131nda be\u015f alanda da bir birlik s\u00f6z konusudur.<\/p>\n<p><em>Federal Birlik<\/em><\/p>\n<p>Do\u011fal insan\u0131n federal ba\u015f\u0131 Adem\u2019dir. \u0130man etmekle birlikte, ki\u015fi kedi federal ba\u015f\u0131 olarak Mesih\u2019i kabul eder. Dolay\u0131s\u0131yla, denenmi\u015f ve sonras\u0131nda d\u00fc\u015fm\u00fc\u015f olan Adem\u2019le de\u011fil, art\u0131k denenmesine ra\u011fmen hi\u00e7bir \u015fekilde g\u00fcnah i\u015flememi\u015f olan Mesih\u2019le birlik i\u00e7erisinde olur. B\u00f6ylelikle imanl\u0131, otomatikman Adem\u2019de \u00f6l\u00fcr ve Mesih\u2019te dirilir. B\u00fcy\u00fck de\u011fi\u015fimin ya\u015fanmas\u0131n\u0131n en \u00f6nemli unsurlar\u0131ndan birisi de bu \u00f6l\u00fcm ve dirili\u015ftir. Romal\u0131lar 5:12-21 ayetleri, federal birli\u011fi a\u00e7\u0131klamaktad\u0131rlar: &#8220;<em>G\u00fcnah bir insan arac\u0131l\u0131\u011f\u0131yla, \u00f6l\u00fcm de g\u00fcnah arac\u0131l\u0131\u011f\u0131yla d\u00fcnyaya girdi. B\u00f6ylece \u00f6l\u00fcm b\u00fct\u00fcn insanlara yay\u0131ld\u0131. \u00c7\u00fcnk\u00fc hepsi g\u00fcnah i\u015fledi<\/em>&#8221; (Rom. 5:12).<\/p>\n<p><em>Hayati Birlik<\/em><\/p>\n<p>Bu birlik, hayati birliktir. Ki\u015fi g\u00fcnahta \u00f6l\u00fc olmakla birlikte (Efe. 2:1-3), art\u0131k Mesih taraf\u0131ndan diriltilmi\u015ftir (Yu. 15:4). Ki\u015fi art\u0131k hayat\u0131n\u0131n t\u00fcm\u00fcn\u00fc Mesih\u2019e adam\u0131\u015ft\u0131r \u00e7\u00fcnk\u00fc \u00f6nceki hayat\u0131, t\u00fcm g\u00fcnahlar\u0131 ve murdarl\u0131\u011f\u0131yla birlikte \u00e7arm\u0131ha gerilmi\u015ftir. Pavlus\u2019un Galatyal\u0131lar 2:20\u2019de a\u00e7\u0131klad\u0131\u011f\u0131 \u00fczere ki\u015fi, Mesih\u2019le birlikte \u00e7arm\u0131ha gerilmi\u015f ve \u015fimdiki ya\u015fam\u0131n\u0131 da Mesih\u2019te s\u00fcrd\u00fcrmektedir.<\/p>\n<p><em>Ruhsal Birlik<\/em><\/p>\n<p>Ruhsal birlik, zaman\u0131n ba\u015flang\u0131c\u0131ndan \u00f6nce, d\u00fcnya hen\u00fcz var olmadan \u00f6nce vard\u0131 ve tek sebebi Tanr\u0131\u2019n\u0131n l\u00fctfuydu. Tanr\u0131\u2019yla ruhsal birlik i\u00e7inde olanlar Mesih\u2019te ya\u015farlar. Mesih de onlarda. &#8220;<em>Beni seven s\u00f6z\u00fcme uyar, Babam da onu sever. Biz de ona gelir, onunla birlikte ya\u015far\u0131z<\/em>&#8221; (Yu. 14:23).<\/p>\n<p><em>Gizemli Birlik<\/em><\/p>\n<p>Gizemli veya mistik birlik, insan akl\u0131n\u0131n anlayamayaca\u011f\u0131, kavrayamayaca\u011f\u0131 bir birliktir. Yuhanna 17.b\u00f6l\u00fcmde \u0130sa, bu birlik hakk\u0131nda bahsetse de tam olarak nas\u0131l oldu\u011fu konusunda yeterli bir bilgiye sahip olam\u0131yoruz.<\/p>\n<p><em>De\u011fi\u015fmez Birlik<\/em><\/p>\n<p>Mesih\u2019le birli\u011fe sahip kimseler asla kaybolmayacaklar. O, onlar\u0131 asla b\u0131rakmayacak. Ba\u015fka bir deyi\u015fle, l\u00fctfetti\u011fi kimselerden l\u00fctfunu asla geri almayacak. &#8220;<em>Onlara sonsuz ya\u015fam veririm; asla mahvolmayacaklar. Onlar\u0131 hi\u00e7 kimse elimden kapamaz<\/em>&#8221; (Yu. 10:28).<\/p>\n<p>B\u00f6ylelikle, ki\u015fi aklanma ba\u011flam\u0131nda, Mesih\u2019in dirildi\u011fi ger\u00e7e\u011fiyle, yani tap\u0131na\u011fa girip \u00e7\u0131kmas\u0131yla t\u00fcm g\u00fcnahlar\u0131ndan ar\u0131nm\u0131\u015ft\u0131r. Tanr\u0131, ger\u00e7ek Kuzu\u2019nun kan\u0131n\u0131 ve kurban\u0131n\u0131 kabul etmi\u015ftir. \u00dcstelik Kuzu\u2019nun kan\u0131 vas\u0131tas\u0131yla, bizleri kendi ailesine alan RAB Tanr\u0131, bizleri art\u0131k o\u011fullar\u0131 olarak g\u00f6rd\u00fc\u011f\u00fc i\u00e7in ailemizin ba\u015f\u0131 olarak, federal birlik i\u00e7erisinde bizlere sahip \u00e7\u0131kmaktad\u0131r. Dahas\u0131, O\u2019nunla ruhsal birli\u011fe sahip olarak, O\u2019nun benzerli\u011fine d\u00f6n\u00fc\u015ft\u00fcr\u00fcl\u00fcyoruz.<\/p>\n","protected":false},"excerpt":{"rendered":"<p>Kimilerine g\u00f6re Mesih\u2019le birlik, kurtulu\u015fumuzun merkezidir. \u015e\u00f6yle ki, Mesih\u2019le bir olmadan kurtulmak imkans\u0131zd\u0131r. O\u2019nun do\u011frulu\u011fu bizi \u00f6rtmeden, O\u2019nu kan\u0131 ile y\u0131kanmadan, O\u2019nun bedenini yiyip kan\u0131n\u0131 i\u00e7meden kurtulmak m\u00fcmk\u00fcn de\u011fildir. Kimilerine g\u00f6re ise Mesih\u2019le birlik i\u00e7in birka\u00e7 temel mevcuttur. Bunlardan ilki hukuki temel veya hukuki zemindir. Hukuki zeminde O\u2019nunla olu\u015fan birlik, tamamen l\u00fctuf antla\u015fmas\u0131na ili\u015fkindir. Antla\u015fma, &hellip;<\/p>\n","protected":false},"author":2,"featured_media":1495,"comment_status":"open","ping_status":"open","sticky":false,"template":"","format":"standard","meta":{"footnotes":""},"categories":[1],"tags":[197,117,196,124,30],"class_list":["post-1494","post","type-post","status-publish","format-standard","has-post-thumbnail","hentry","category-all_blogs","tag-aklanma","tag-antlasmalar","tag-birlik","tag-mesih","tag-teoloji"],"yoast_head":"<!-- This site is optimized with the Yoast SEO plugin v20.11 - https:\/\/yoast.com\/wordpress\/plugins\/seo\/ -->\n<title>Mesih\u2019le Birlik - K\u00fcpeli Teolog<\/title>\n<meta name=\"description\" content=\"Gizemli veya mistik birlik, insan akl\u0131n\u0131n anlayamayaca\u011f\u0131 kavrayamayaca\u011f\u0131 bir birliktir. Yuhanna 17.b\u00f6l\u00fcmde \u0130sa, bu birlik hakk\u0131nda bahsetse\" \/>\n<meta name=\"robots\" content=\"index, follow, max-snippet:-1, max-image-preview:large, max-video-preview:-1\" \/>\n<link rel=\"canonical\" href=\"http:\/\/kupeliteolog.com\/index.php\/2024\/02\/28\/mesihle-birlik\/\" \/>\n<meta property=\"og:locale\" content=\"tr_TR\" \/>\n<meta property=\"og:type\" content=\"article\" \/>\n<meta property=\"og:title\" content=\"Mesih\u2019le Birlik - K\u00fcpeli Teolog\" \/>\n<meta property=\"og:description\" content=\"Gizemli veya mistik birlik, insan akl\u0131n\u0131n anlayamayaca\u011f\u0131 kavrayamayaca\u011f\u0131 bir birliktir. Yuhanna 17.b\u00f6l\u00fcmde \u0130sa, bu birlik hakk\u0131nda bahsetse\" \/>\n<meta property=\"og:url\" content=\"http:\/\/kupeliteolog.com\/index.php\/2024\/02\/28\/mesihle-birlik\/\" \/>\n<meta property=\"og:site_name\" content=\"K\u00fcpeli Teolog\" \/>\n<meta property=\"article:published_time\" content=\"2024-02-28T11:09:22+00:00\" \/>\n<meta property=\"article:modified_time\" content=\"2024-02-28T11:12:34+00:00\" \/>\n<meta property=\"og:image\" content=\"http:\/\/kupeliteolog.com\/wp-content\/uploads\/2024\/02\/cross-3080144_1280.jpg\" \/>\n\t<meta property=\"og:image:width\" content=\"1280\" \/>\n\t<meta property=\"og:image:height\" content=\"686\" \/>\n\t<meta property=\"og:image:type\" content=\"image\/jpeg\" \/>\n<meta name=\"author\" content=\"Kupeli Teolog\" \/>\n<meta name=\"twitter:card\" content=\"summary_large_image\" \/>\n<meta name=\"twitter:creator\" content=\"@https:\/\/twitter.com\/kupeliteolog\" \/>\n<meta name=\"twitter:site\" content=\"@kupeliteolog\" \/>\n<meta name=\"twitter:label1\" content=\"Yazan:\" \/>\n\t<meta name=\"twitter:data1\" content=\"Kupeli Teolog\" \/>\n\t<meta name=\"twitter:label2\" content=\"Tahmini okuma s\u00fcresi\" \/>\n\t<meta name=\"twitter:data2\" content=\"3 dakika\" \/>\n<script type=\"application\/ld+json\" class=\"yoast-schema-graph\">{\"@context\":\"https:\/\/schema.org\",\"@graph\":[{\"@type\":\"Article\",\"@id\":\"http:\/\/kupeliteolog.com\/index.php\/2024\/02\/28\/mesihle-birlik\/#article\",\"isPartOf\":{\"@id\":\"http:\/\/kupeliteolog.com\/index.php\/2024\/02\/28\/mesihle-birlik\/\"},\"author\":{\"name\":\"Kupeli Teolog\",\"@id\":\"http:\/\/kupeliteolog.com\/#\/schema\/person\/943430f95319ff35f2fa565dee706102\"},\"headline\":\"Mesih\u2019le Birlik\",\"datePublished\":\"2024-02-28T11:09:22+00:00\",\"dateModified\":\"2024-02-28T11:12:34+00:00\",\"mainEntityOfPage\":{\"@id\":\"http:\/\/kupeliteolog.com\/index.php\/2024\/02\/28\/mesihle-birlik\/\"},\"wordCount\":638,\"commentCount\":0,\"publisher\":{\"@id\":\"http:\/\/kupeliteolog.com\/#\/schema\/person\/943430f95319ff35f2fa565dee706102\"},\"keywords\":[\"aklanma\",\"antla\u015fmalar\",\"birlik\",\"mesih\",\"teoloji\"],\"articleSection\":[\"\u0130lahiyat\"],\"inLanguage\":\"tr\",\"potentialAction\":[{\"@type\":\"CommentAction\",\"name\":\"Comment\",\"target\":[\"http:\/\/kupeliteolog.com\/index.php\/2024\/02\/28\/mesihle-birlik\/#respond\"]}]},{\"@type\":\"WebPage\",\"@id\":\"http:\/\/kupeliteolog.com\/index.php\/2024\/02\/28\/mesihle-birlik\/\",\"url\":\"http:\/\/kupeliteolog.com\/index.php\/2024\/02\/28\/mesihle-birlik\/\",\"name\":\"Mesih\u2019le Birlik - K\u00fcpeli Teolog\",\"isPartOf\":{\"@id\":\"http:\/\/kupeliteolog.com\/#website\"},\"datePublished\":\"2024-02-28T11:09:22+00:00\",\"dateModified\":\"2024-02-28T11:12:34+00:00\",\"description\":\"Gizemli veya mistik birlik, insan akl\u0131n\u0131n anlayamayaca\u011f\u0131 kavrayamayaca\u011f\u0131 bir birliktir. Yuhanna 17.b\u00f6l\u00fcmde \u0130sa, bu birlik hakk\u0131nda bahsetse\",\"breadcrumb\":{\"@id\":\"http:\/\/kupeliteolog.com\/index.php\/2024\/02\/28\/mesihle-birlik\/#breadcrumb\"},\"inLanguage\":\"tr\",\"potentialAction\":[{\"@type\":\"ReadAction\",\"target\":[\"http:\/\/kupeliteolog.com\/index.php\/2024\/02\/28\/mesihle-birlik\/\"]}]},{\"@type\":\"BreadcrumbList\",\"@id\":\"http:\/\/kupeliteolog.com\/index.php\/2024\/02\/28\/mesihle-birlik\/#breadcrumb\",\"itemListElement\":[{\"@type\":\"ListItem\",\"position\":1,\"name\":\"Anasayfa\",\"item\":\"http:\/\/kupeliteolog.com\/\"},{\"@type\":\"ListItem\",\"position\":2,\"name\":\"Mesih\u2019le Birlik\"}]},{\"@type\":\"WebSite\",\"@id\":\"http:\/\/kupeliteolog.com\/#website\",\"url\":\"http:\/\/kupeliteolog.com\/\",\"name\":\"K\u00fcpeli Teolog\",\"description\":\"K\u00fcpeli Teolog Blog Web Sitesi\",\"publisher\":{\"@id\":\"http:\/\/kupeliteolog.com\/#\/schema\/person\/943430f95319ff35f2fa565dee706102\"},\"potentialAction\":[{\"@type\":\"SearchAction\",\"target\":{\"@type\":\"EntryPoint\",\"urlTemplate\":\"http:\/\/kupeliteolog.com\/?s={search_term_string}\"},\"query-input\":\"required name=search_term_string\"}],\"inLanguage\":\"tr\"},{\"@type\":[\"Person\",\"Organization\"],\"@id\":\"http:\/\/kupeliteolog.com\/#\/schema\/person\/943430f95319ff35f2fa565dee706102\",\"name\":\"Kupeli Teolog\",\"image\":{\"@type\":\"ImageObject\",\"inLanguage\":\"tr\",\"@id\":\"http:\/\/kupeliteolog.com\/#\/schema\/person\/image\/\",\"url\":\"http:\/\/kupeliteolog.com\/wp-content\/uploads\/2022\/12\/favicon-1.png\",\"contentUrl\":\"http:\/\/kupeliteolog.com\/wp-content\/uploads\/2022\/12\/favicon-1.png\",\"width\":500,\"height\":500,\"caption\":\"Kupeli Teolog\"},\"logo\":{\"@id\":\"http:\/\/kupeliteolog.com\/#\/schema\/person\/image\/\"},\"sameAs\":[\"https:\/\/kupeliteolog.com\/\",\"https:\/\/twitter.com\/https:\/\/twitter.com\/kupeliteolog\"],\"url\":\"https:\/\/kupeliteolog.com\/index.php\/author\/kupeli_teolog\/\"}]}<\/script>\n<!-- \/ Yoast SEO plugin. -->","yoast_head_json":{"title":"Mesih\u2019le Birlik - K\u00fcpeli Teolog","description":"Gizemli veya mistik birlik, insan akl\u0131n\u0131n anlayamayaca\u011f\u0131 kavrayamayaca\u011f\u0131 bir birliktir. Yuhanna 17.b\u00f6l\u00fcmde \u0130sa, bu birlik hakk\u0131nda bahsetse","robots":{"index":"index","follow":"follow","max-snippet":"max-snippet:-1","max-image-preview":"max-image-preview:large","max-video-preview":"max-video-preview:-1"},"canonical":"http:\/\/kupeliteolog.com\/index.php\/2024\/02\/28\/mesihle-birlik\/","og_locale":"tr_TR","og_type":"article","og_title":"Mesih\u2019le Birlik - K\u00fcpeli Teolog","og_description":"Gizemli veya mistik birlik, insan akl\u0131n\u0131n anlayamayaca\u011f\u0131 kavrayamayaca\u011f\u0131 bir birliktir. Yuhanna 17.b\u00f6l\u00fcmde \u0130sa, bu birlik hakk\u0131nda bahsetse","og_url":"http:\/\/kupeliteolog.com\/index.php\/2024\/02\/28\/mesihle-birlik\/","og_site_name":"K\u00fcpeli Teolog","article_published_time":"2024-02-28T11:09:22+00:00","article_modified_time":"2024-02-28T11:12:34+00:00","og_image":[{"width":1280,"height":686,"url":"http:\/\/kupeliteolog.com\/wp-content\/uploads\/2024\/02\/cross-3080144_1280.jpg","type":"image\/jpeg"}],"author":"Kupeli Teolog","twitter_card":"summary_large_image","twitter_creator":"@https:\/\/twitter.com\/kupeliteolog","twitter_site":"@kupeliteolog","twitter_misc":{"Yazan:":"Kupeli Teolog","Tahmini okuma s\u00fcresi":"3 dakika"},"schema":{"@context":"https:\/\/schema.org","@graph":[{"@type":"Article","@id":"http:\/\/kupeliteolog.com\/index.php\/2024\/02\/28\/mesihle-birlik\/#article","isPartOf":{"@id":"http:\/\/kupeliteolog.com\/index.php\/2024\/02\/28\/mesihle-birlik\/"},"author":{"name":"Kupeli Teolog","@id":"http:\/\/kupeliteolog.com\/#\/schema\/person\/943430f95319ff35f2fa565dee706102"},"headline":"Mesih\u2019le Birlik","datePublished":"2024-02-28T11:09:22+00:00","dateModified":"2024-02-28T11:12:34+00:00","mainEntityOfPage":{"@id":"http:\/\/kupeliteolog.com\/index.php\/2024\/02\/28\/mesihle-birlik\/"},"wordCount":638,"commentCount":0,"publisher":{"@id":"http:\/\/kupeliteolog.com\/#\/schema\/person\/943430f95319ff35f2fa565dee706102"},"keywords":["aklanma","antla\u015fmalar","birlik","mesih","teoloji"],"articleSection":["\u0130lahiyat"],"inLanguage":"tr","potentialAction":[{"@type":"CommentAction","name":"Comment","target":["http:\/\/kupeliteolog.com\/index.php\/2024\/02\/28\/mesihle-birlik\/#respond"]}]},{"@type":"WebPage","@id":"http:\/\/kupeliteolog.com\/index.php\/2024\/02\/28\/mesihle-birlik\/","url":"http:\/\/kupeliteolog.com\/index.php\/2024\/02\/28\/mesihle-birlik\/","name":"Mesih\u2019le Birlik - K\u00fcpeli Teolog","isPartOf":{"@id":"http:\/\/kupeliteolog.com\/#website"},"datePublished":"2024-02-28T11:09:22+00:00","dateModified":"2024-02-28T11:12:34+00:00","description":"Gizemli veya mistik birlik, insan akl\u0131n\u0131n anlayamayaca\u011f\u0131 kavrayamayaca\u011f\u0131 bir birliktir. Yuhanna 17.b\u00f6l\u00fcmde \u0130sa, bu birlik hakk\u0131nda bahsetse","breadcrumb":{"@id":"http:\/\/kupeliteolog.com\/index.php\/2024\/02\/28\/mesihle-birlik\/#breadcrumb"},"inLanguage":"tr","potentialAction":[{"@type":"ReadAction","target":["http:\/\/kupeliteolog.com\/index.php\/2024\/02\/28\/mesihle-birlik\/"]}]},{"@type":"BreadcrumbList","@id":"http:\/\/kupeliteolog.com\/index.php\/2024\/02\/28\/mesihle-birlik\/#breadcrumb","itemListElement":[{"@type":"ListItem","position":1,"name":"Anasayfa","item":"http:\/\/kupeliteolog.com\/"},{"@type":"ListItem","position":2,"name":"Mesih\u2019le Birlik"}]},{"@type":"WebSite","@id":"http:\/\/kupeliteolog.com\/#website","url":"http:\/\/kupeliteolog.com\/","name":"K\u00fcpeli Teolog","description":"K\u00fcpeli Teolog Blog Web Sitesi","publisher":{"@id":"http:\/\/kupeliteolog.com\/#\/schema\/person\/943430f95319ff35f2fa565dee706102"},"potentialAction":[{"@type":"SearchAction","target":{"@type":"EntryPoint","urlTemplate":"http:\/\/kupeliteolog.com\/?s={search_term_string}"},"query-input":"required name=search_term_string"}],"inLanguage":"tr"},{"@type":["Person","Organization"],"@id":"http:\/\/kupeliteolog.com\/#\/schema\/person\/943430f95319ff35f2fa565dee706102","name":"Kupeli Teolog","image":{"@type":"ImageObject","inLanguage":"tr","@id":"http:\/\/kupeliteolog.com\/#\/schema\/person\/image\/","url":"http:\/\/kupeliteolog.com\/wp-content\/uploads\/2022\/12\/favicon-1.png","contentUrl":"http:\/\/kupeliteolog.com\/wp-content\/uploads\/2022\/12\/favicon-1.png","width":500,"height":500,"caption":"Kupeli Teolog"},"logo":{"@id":"http:\/\/kupeliteolog.com\/#\/schema\/person\/image\/"},"sameAs":["https:\/\/kupeliteolog.com\/","https:\/\/twitter.com\/https:\/\/twitter.com\/kupeliteolog"],"url":"https:\/\/kupeliteolog.com\/index.php\/author\/kupeli_teolog\/"}]}},"_links":{"self":[{"href":"https:\/\/kupeliteolog.com\/index.php\/wp-json\/wp\/v2\/posts\/1494","targetHints":{"allow":["GET"]}}],"collection":[{"href":"https:\/\/kupeliteolog.com\/index.php\/wp-json\/wp\/v2\/posts"}],"about":[{"href":"https:\/\/kupeliteolog.com\/index.php\/wp-json\/wp\/v2\/types\/post"}],"author":[{"embeddable":true,"href":"https:\/\/kupeliteolog.com\/index.php\/wp-json\/wp\/v2\/users\/2"}],"replies":[{"embeddable":true,"href":"https:\/\/kupeliteolog.com\/index.php\/wp-json\/wp\/v2\/comments?post=1494"}],"version-history":[{"count":2,"href":"https:\/\/kupeliteolog.com\/index.php\/wp-json\/wp\/v2\/posts\/1494\/revisions"}],"predecessor-version":[{"id":1498,"href":"https:\/\/kupeliteolog.com\/index.php\/wp-json\/wp\/v2\/posts\/1494\/revisions\/1498"}],"wp:featuredmedia":[{"embeddable":true,"href":"https:\/\/kupeliteolog.com\/index.php\/wp-json\/wp\/v2\/media\/1495"}],"wp:attachment":[{"href":"https:\/\/kupeliteolog.com\/index.php\/wp-json\/wp\/v2\/media?parent=1494"}],"wp:term":[{"taxonomy":"category","embeddable":true,"href":"https:\/\/kupeliteolog.com\/index.php\/wp-json\/wp\/v2\/categories?post=1494"},{"taxonomy":"post_tag","embeddable":true,"href":"https:\/\/kupeliteolog.com\/index.php\/wp-json\/wp\/v2\/tags?post=1494"}],"curies":[{"name":"wp","href":"https:\/\/api.w.org\/{rel}","templated":true}]}}