{"id":1438,"date":"2023-09-18T22:43:40","date_gmt":"2023-09-18T19:43:40","guid":{"rendered":"https:\/\/kupeliteolog.com\/?p=1438"},"modified":"2023-09-18T22:43:40","modified_gmt":"2023-09-18T19:43:40","slug":"skolastisizm","status":"publish","type":"post","link":"https:\/\/kupeliteolog.com\/index.php\/2023\/09\/18\/skolastisizm\/","title":{"rendered":"Skolastisizm"},"content":{"rendered":"<p>Skolastisizm, Aristoteles&#8217;in 10 Kategorisine dayanan ele\u015ftirel organik bir felsefi analiz y\u00f6ntemi kullanan bir orta \u00e7a\u011f felsefe okuluydu. Hristiyan skolastisizmi, skolastik Yahudi-\u0130sl\u00e2m felsefelerini terc\u00fcme eden ve b\u00f6ylece Aristoteles&#8217;in toplu eserlerini &#8220;yeniden ke\u015ffeden&#8221; manast\u0131r okullar\u0131 i\u00e7inde ortaya \u00e7\u0131km\u0131\u015ft\u0131r. Aristoteles&#8217;in metafizi\u011fini ve ilk devindirici a\u00e7\u0131klamas\u0131n\u0131 Latin Katolik dogmatik \u00dc\u00e7l\u00fc-Birlik ilahiyat\u0131yla uyumlu hale getirmeye \u00e7al\u0131\u015fan bu manast\u0131r okullar\u0131, ilk Avrupa Orta \u00e7a\u011f \u00fcniversitelerinin temelini olu\u015fturmu\u015f ve modern bilimin geli\u015fmesine katk\u0131da bulunmu\u015ftur; skolastisizm yakla\u015f\u0131k 1100&#8217;den 1700&#8217;e kadar Avrupa&#8217;da e\u011fitime h\u00e2kim olmu\u015ftur.<\/p>\n<p>Skolastisizm, Papal\u0131\u011f\u0131n g\u00fc\u00e7lenmesiyle birlikte on \u00fc\u00e7\u00fcnc\u00fc y\u00fczy\u0131lda zirveye ula\u015fm\u0131\u015ft\u0131r. Ancak her \u015fey Canterbury&#8217;li Anselmus ile ba\u015flad\u0131. Anselmus mant\u0131k ya da akl\u0131 imanla birle\u015ftirmeye \u00e7al\u0131\u015fm\u0131\u015f ve bunun yanl\u0131\u015f oldu\u011funu d\u00fc\u015f\u00fcnmemi\u015ftir. Ya\u015fad\u0131\u011f\u0131 baz\u0131 dini s\u0131k\u0131nt\u0131lar nedeniyle Bec de teolojik yaz\u0131lar yazmaya odakland\u0131 ve zaman\u0131n\u0131n \u00e7o\u011funu bu \u015fekilde ge\u00e7irdi. Anselmus iki \u00f6nemli iman meselesini ak\u0131lla birle\u015ftirmeye \u00e7al\u0131\u015fm\u0131\u015ft\u0131r. Bunlardan ilki Tanr\u0131&#8217;n\u0131n varl\u0131\u011f\u0131, di\u011feri ise Mesih&#8217;in beden almas\u0131yd\u0131. Anselmus&#8217;un amac\u0131 inanc\u0131 ak\u0131l ya da mant\u0131k yoluyla kan\u0131tlamak de\u011fil, neye inand\u0131\u011f\u0131n\u0131 daha iyi anlamakt\u0131. Bu nedenle bahsi ge\u00e7en konularda \u00e7e\u015fitli g\u00f6r\u00fc\u015fler ileri s\u00fcrm\u00fc\u015ft\u00fcr. Anselmus, Tanr\u0131&#8217;n\u0131n varl\u0131\u011f\u0131n\u0131 a\u00e7\u0131klamak i\u00e7in ontolojik arg\u00fcman olarak bilinen arg\u00fcman\u0131 kullanm\u0131\u015ft\u0131r. Anselmus&#8217;a g\u00f6re Tanr\u0131 &#8220;kendinden \u00fcst\u00fcn olmayand\u0131r&#8221;. Dolay\u0131s\u0131yla, &#8220;kendinden \u00fcst\u00fcn olmayan\u0131n&#8221; var olmad\u0131\u011f\u0131n\u0131 d\u00fc\u015f\u00fcnmek imk\u00e2ns\u0131zd\u0131r; \u00e7\u00fcnk\u00fc &#8220;kendinden \u00fcst\u00fcn bir varl\u0131k&#8221; olmad\u0131\u011f\u0131n\u0131 d\u00fc\u015f\u00fcnen ki\u015fi otomatik olarak kendini \u00fcst\u00fcn k\u0131lm\u0131\u015f say\u0131l\u0131r. Anselmus, Bat\u0131 ilahiyat\u0131 taraf\u0131ndan kabul edilen Mesih&#8217;in v\u00fccut bulmas\u0131 fikrini ortaya atm\u0131\u015ft\u0131r. Nitekim Anselmus&#8217;a g\u00f6re Mesih&#8217;in v\u00fccut bulmas\u0131n\u0131n nedeni, insanlar\u0131n ebedi Tanr\u0131&#8217;ya kar\u015f\u0131 i\u015fledikleri g\u00fcnahlar\u0131n ancak ebedi olan\u0131n kurban edilmesiyle affedilebilecek olmas\u0131d\u0131r.<\/p>\n<p>Skolastisizmin bir di\u011fer \u00f6nc\u00fcs\u00fc de Abelard&#8217;d\u0131r. Abelard, b\u00fcy\u00fck \u00f6\u011fretmenler dizisinin en alt\u0131nda yeti\u015fen ve onlar hakk\u0131ndaki d\u00fc\u015f\u00fcncelerini dile getiren bir ilahiyat\u00e7\u0131yd\u0131. D\u00fc\u015f\u00fcncelerini a\u00e7\u0131k\u00e7a ifade etti\u011fi i\u00e7in bir\u00e7ok d\u00fc\u015fman edinmi\u015ftir. Hayat\u0131ndaki \u00e7e\u015fitli s\u0131k\u0131nt\u0131lar ve trajediler nedeniyle otobiyografisine &#8220;Felaketlerin Tarihi&#8221; ad\u0131n\u0131 vermi\u015ftir. Abelard&#8217;\u0131n skolastisizme yapt\u0131\u011f\u0131 son katk\u0131lardan biri de &#8220;Evet ve Hay\u0131r&#8221; adl\u0131 kitab\u0131d\u0131r. Bu kitapta 158 teolojik soru, bu sorulara Kutsal Kitap ve kilise babalar\u0131 da dahil olmak \u00fczere \u00e7e\u015fitli yetkililer taraf\u0131ndan verilen cevaplar hakk\u0131nda yaz\u0131lm\u0131\u015ft\u0131r. Ancak Abelard&#8217;\u0131n sorular\u0131 skolastik \u00f6\u011fretmenler taraf\u0131ndan olumsuz kar\u015f\u0131land\u0131 ve bu nedenle Abelard k\u00f6t\u00fc bir \u00fcne sahip olmaya devam etti. Skolastisizm bundan sonra da bu y\u00f6ntemi kullanmaya devam etmi\u015f, ancak baz\u0131 de\u011fi\u015fiklikler yapm\u0131\u015ft\u0131r. \u015e\u00f6yle ki, belirli bir konuda iki farkl\u0131 g\u00f6r\u00fc\u015f ortaya \u00e7\u0131kt\u0131\u011f\u0131nda, skolastikler \u00f6nce bir g\u00f6r\u00fc\u015f\u00fc ele al\u0131p inceler ve ard\u0131ndan di\u011fer g\u00f6r\u00fc\u015f\u00fc izah etmeye \u00e7al\u0131\u015f\u0131rlard\u0131. Bundan sonra, her iki g\u00f6r\u00fc\u015f\u00fcn de do\u011fru oldu\u011funu g\u00f6stermeye \u00e7al\u0131\u015f\u0131rlar ve b\u00f6ylece aralar\u0131ndaki \u00e7at\u0131\u015fmay\u0131 \u00e7\u00f6zerlerdi.<\/p>\n","protected":false},"excerpt":{"rendered":"<p>Skolastisizm, Aristoteles&#8217;in 10 Kategorisine dayanan ele\u015ftirel organik bir felsefi analiz y\u00f6ntemi kullanan bir orta \u00e7a\u011f felsefe okuluydu. Hristiyan skolastisizmi, skolastik Yahudi-\u0130sl\u00e2m felsefelerini terc\u00fcme eden ve b\u00f6ylece Aristoteles&#8217;in toplu eserlerini &#8220;yeniden ke\u015ffeden&#8221; manast\u0131r okullar\u0131 i\u00e7inde ortaya \u00e7\u0131km\u0131\u015ft\u0131r. Aristoteles&#8217;in metafizi\u011fini ve ilk devindirici a\u00e7\u0131klamas\u0131n\u0131 Latin Katolik dogmatik \u00dc\u00e7l\u00fc-Birlik ilahiyat\u0131yla uyumlu hale getirmeye \u00e7al\u0131\u015fan bu manast\u0131r okullar\u0131, ilk &hellip;<\/p>\n","protected":false},"author":2,"featured_media":1439,"comment_status":"open","ping_status":"open","sticky":false,"template":"","format":"standard","meta":{"footnotes":""},"categories":[64],"tags":[158,157,32,159,156],"class_list":["post-1438","post","type-post","status-publish","format-standard","has-post-thumbnail","hentry","category-tarih","tag-aberald","tag-anselmus","tag-hristiyanlik","tag-orta-cag","tag-skolastisizm"],"yoast_head":"<!-- This site is optimized with the Yoast SEO plugin v20.11 - https:\/\/yoast.com\/wordpress\/plugins\/seo\/ -->\n<title>Skolastisizm - K\u00fcpeli Teolog<\/title>\n<meta name=\"description\" content=\"Skolastisizmin bir di\u011fer \u00f6nc\u00fcs\u00fc de Abelard&#039;d\u0131r. Abelard, b\u00fcy\u00fck \u00f6\u011fretmenler dizisinin en alt\u0131nda yeti\u015fen ve onlar hakk\u0131ndaki d\u00fc\u015f\u00fcnceler...\" \/>\n<meta name=\"robots\" content=\"index, follow, max-snippet:-1, max-image-preview:large, max-video-preview:-1\" \/>\n<link rel=\"canonical\" href=\"http:\/\/kupeliteolog.com\/index.php\/2023\/09\/18\/skolastisizm\/\" \/>\n<meta property=\"og:locale\" content=\"tr_TR\" \/>\n<meta property=\"og:type\" content=\"article\" \/>\n<meta property=\"og:title\" content=\"Skolastisizm - K\u00fcpeli Teolog\" \/>\n<meta property=\"og:description\" content=\"Skolastisizmin bir di\u011fer \u00f6nc\u00fcs\u00fc de Abelard&#039;d\u0131r. Abelard, b\u00fcy\u00fck \u00f6\u011fretmenler dizisinin en alt\u0131nda yeti\u015fen ve onlar hakk\u0131ndaki d\u00fc\u015f\u00fcnceler...\" \/>\n<meta property=\"og:url\" content=\"http:\/\/kupeliteolog.com\/index.php\/2023\/09\/18\/skolastisizm\/\" \/>\n<meta property=\"og:site_name\" content=\"K\u00fcpeli Teolog\" \/>\n<meta property=\"article:published_time\" content=\"2023-09-18T19:43:40+00:00\" \/>\n<meta property=\"og:image\" content=\"http:\/\/kupeliteolog.com\/wp-content\/uploads\/2023\/09\/peter_lombard.jpg\" \/>\n\t<meta property=\"og:image:width\" content=\"1100\" \/>\n\t<meta property=\"og:image:height\" content=\"733\" \/>\n\t<meta property=\"og:image:type\" content=\"image\/jpeg\" \/>\n<meta name=\"author\" content=\"Kupeli Teolog\" \/>\n<meta name=\"twitter:card\" content=\"summary_large_image\" \/>\n<meta name=\"twitter:creator\" content=\"@https:\/\/twitter.com\/kupeliteolog\" \/>\n<meta name=\"twitter:site\" content=\"@kupeliteolog\" \/>\n<meta name=\"twitter:label1\" content=\"Yazan:\" \/>\n\t<meta name=\"twitter:data1\" content=\"Kupeli Teolog\" \/>\n\t<meta name=\"twitter:label2\" content=\"Tahmini okuma s\u00fcresi\" \/>\n\t<meta name=\"twitter:data2\" content=\"3 dakika\" \/>\n<script type=\"application\/ld+json\" class=\"yoast-schema-graph\">{\"@context\":\"https:\/\/schema.org\",\"@graph\":[{\"@type\":\"Article\",\"@id\":\"http:\/\/kupeliteolog.com\/index.php\/2023\/09\/18\/skolastisizm\/#article\",\"isPartOf\":{\"@id\":\"http:\/\/kupeliteolog.com\/index.php\/2023\/09\/18\/skolastisizm\/\"},\"author\":{\"name\":\"Kupeli Teolog\",\"@id\":\"http:\/\/kupeliteolog.com\/#\/schema\/person\/943430f95319ff35f2fa565dee706102\"},\"headline\":\"Skolastisizm\",\"datePublished\":\"2023-09-18T19:43:40+00:00\",\"dateModified\":\"2023-09-18T19:43:40+00:00\",\"mainEntityOfPage\":{\"@id\":\"http:\/\/kupeliteolog.com\/index.php\/2023\/09\/18\/skolastisizm\/\"},\"wordCount\":557,\"commentCount\":0,\"publisher\":{\"@id\":\"http:\/\/kupeliteolog.com\/#\/schema\/person\/943430f95319ff35f2fa565dee706102\"},\"keywords\":[\"aberald\",\"anselmus\",\"hristiyanl\u0131k\",\"orta \u00e7a\u011f\",\"skolastisizm\"],\"articleSection\":[\"Tarih\"],\"inLanguage\":\"tr\",\"potentialAction\":[{\"@type\":\"CommentAction\",\"name\":\"Comment\",\"target\":[\"http:\/\/kupeliteolog.com\/index.php\/2023\/09\/18\/skolastisizm\/#respond\"]}]},{\"@type\":\"WebPage\",\"@id\":\"http:\/\/kupeliteolog.com\/index.php\/2023\/09\/18\/skolastisizm\/\",\"url\":\"http:\/\/kupeliteolog.com\/index.php\/2023\/09\/18\/skolastisizm\/\",\"name\":\"Skolastisizm - K\u00fcpeli Teolog\",\"isPartOf\":{\"@id\":\"http:\/\/kupeliteolog.com\/#website\"},\"datePublished\":\"2023-09-18T19:43:40+00:00\",\"dateModified\":\"2023-09-18T19:43:40+00:00\",\"description\":\"Skolastisizmin bir di\u011fer \u00f6nc\u00fcs\u00fc de Abelard'd\u0131r. Abelard, b\u00fcy\u00fck \u00f6\u011fretmenler dizisinin en alt\u0131nda yeti\u015fen ve onlar hakk\u0131ndaki d\u00fc\u015f\u00fcnceler...\",\"breadcrumb\":{\"@id\":\"http:\/\/kupeliteolog.com\/index.php\/2023\/09\/18\/skolastisizm\/#breadcrumb\"},\"inLanguage\":\"tr\",\"potentialAction\":[{\"@type\":\"ReadAction\",\"target\":[\"http:\/\/kupeliteolog.com\/index.php\/2023\/09\/18\/skolastisizm\/\"]}]},{\"@type\":\"BreadcrumbList\",\"@id\":\"http:\/\/kupeliteolog.com\/index.php\/2023\/09\/18\/skolastisizm\/#breadcrumb\",\"itemListElement\":[{\"@type\":\"ListItem\",\"position\":1,\"name\":\"Anasayfa\",\"item\":\"http:\/\/kupeliteolog.com\/\"},{\"@type\":\"ListItem\",\"position\":2,\"name\":\"Skolastisizm\"}]},{\"@type\":\"WebSite\",\"@id\":\"http:\/\/kupeliteolog.com\/#website\",\"url\":\"http:\/\/kupeliteolog.com\/\",\"name\":\"K\u00fcpeli Teolog\",\"description\":\"K\u00fcpeli Teolog Blog Web Sitesi\",\"publisher\":{\"@id\":\"http:\/\/kupeliteolog.com\/#\/schema\/person\/943430f95319ff35f2fa565dee706102\"},\"potentialAction\":[{\"@type\":\"SearchAction\",\"target\":{\"@type\":\"EntryPoint\",\"urlTemplate\":\"http:\/\/kupeliteolog.com\/?s={search_term_string}\"},\"query-input\":\"required name=search_term_string\"}],\"inLanguage\":\"tr\"},{\"@type\":[\"Person\",\"Organization\"],\"@id\":\"http:\/\/kupeliteolog.com\/#\/schema\/person\/943430f95319ff35f2fa565dee706102\",\"name\":\"Kupeli Teolog\",\"image\":{\"@type\":\"ImageObject\",\"inLanguage\":\"tr\",\"@id\":\"http:\/\/kupeliteolog.com\/#\/schema\/person\/image\/\",\"url\":\"http:\/\/kupeliteolog.com\/wp-content\/uploads\/2022\/12\/favicon-1.png\",\"contentUrl\":\"http:\/\/kupeliteolog.com\/wp-content\/uploads\/2022\/12\/favicon-1.png\",\"width\":500,\"height\":500,\"caption\":\"Kupeli Teolog\"},\"logo\":{\"@id\":\"http:\/\/kupeliteolog.com\/#\/schema\/person\/image\/\"},\"sameAs\":[\"https:\/\/kupeliteolog.com\/\",\"https:\/\/twitter.com\/https:\/\/twitter.com\/kupeliteolog\"],\"url\":\"https:\/\/kupeliteolog.com\/index.php\/author\/kupeli_teolog\/\"}]}<\/script>\n<!-- \/ Yoast SEO plugin. -->","yoast_head_json":{"title":"Skolastisizm - K\u00fcpeli Teolog","description":"Skolastisizmin bir di\u011fer \u00f6nc\u00fcs\u00fc de Abelard'd\u0131r. Abelard, b\u00fcy\u00fck \u00f6\u011fretmenler dizisinin en alt\u0131nda yeti\u015fen ve onlar hakk\u0131ndaki d\u00fc\u015f\u00fcnceler...","robots":{"index":"index","follow":"follow","max-snippet":"max-snippet:-1","max-image-preview":"max-image-preview:large","max-video-preview":"max-video-preview:-1"},"canonical":"http:\/\/kupeliteolog.com\/index.php\/2023\/09\/18\/skolastisizm\/","og_locale":"tr_TR","og_type":"article","og_title":"Skolastisizm - K\u00fcpeli Teolog","og_description":"Skolastisizmin bir di\u011fer \u00f6nc\u00fcs\u00fc de Abelard'd\u0131r. Abelard, b\u00fcy\u00fck \u00f6\u011fretmenler dizisinin en alt\u0131nda yeti\u015fen ve onlar hakk\u0131ndaki d\u00fc\u015f\u00fcnceler...","og_url":"http:\/\/kupeliteolog.com\/index.php\/2023\/09\/18\/skolastisizm\/","og_site_name":"K\u00fcpeli Teolog","article_published_time":"2023-09-18T19:43:40+00:00","og_image":[{"width":1100,"height":733,"url":"http:\/\/kupeliteolog.com\/wp-content\/uploads\/2023\/09\/peter_lombard.jpg","type":"image\/jpeg"}],"author":"Kupeli Teolog","twitter_card":"summary_large_image","twitter_creator":"@https:\/\/twitter.com\/kupeliteolog","twitter_site":"@kupeliteolog","twitter_misc":{"Yazan:":"Kupeli Teolog","Tahmini okuma s\u00fcresi":"3 dakika"},"schema":{"@context":"https:\/\/schema.org","@graph":[{"@type":"Article","@id":"http:\/\/kupeliteolog.com\/index.php\/2023\/09\/18\/skolastisizm\/#article","isPartOf":{"@id":"http:\/\/kupeliteolog.com\/index.php\/2023\/09\/18\/skolastisizm\/"},"author":{"name":"Kupeli Teolog","@id":"http:\/\/kupeliteolog.com\/#\/schema\/person\/943430f95319ff35f2fa565dee706102"},"headline":"Skolastisizm","datePublished":"2023-09-18T19:43:40+00:00","dateModified":"2023-09-18T19:43:40+00:00","mainEntityOfPage":{"@id":"http:\/\/kupeliteolog.com\/index.php\/2023\/09\/18\/skolastisizm\/"},"wordCount":557,"commentCount":0,"publisher":{"@id":"http:\/\/kupeliteolog.com\/#\/schema\/person\/943430f95319ff35f2fa565dee706102"},"keywords":["aberald","anselmus","hristiyanl\u0131k","orta \u00e7a\u011f","skolastisizm"],"articleSection":["Tarih"],"inLanguage":"tr","potentialAction":[{"@type":"CommentAction","name":"Comment","target":["http:\/\/kupeliteolog.com\/index.php\/2023\/09\/18\/skolastisizm\/#respond"]}]},{"@type":"WebPage","@id":"http:\/\/kupeliteolog.com\/index.php\/2023\/09\/18\/skolastisizm\/","url":"http:\/\/kupeliteolog.com\/index.php\/2023\/09\/18\/skolastisizm\/","name":"Skolastisizm - K\u00fcpeli Teolog","isPartOf":{"@id":"http:\/\/kupeliteolog.com\/#website"},"datePublished":"2023-09-18T19:43:40+00:00","dateModified":"2023-09-18T19:43:40+00:00","description":"Skolastisizmin bir di\u011fer \u00f6nc\u00fcs\u00fc de Abelard'd\u0131r. Abelard, b\u00fcy\u00fck \u00f6\u011fretmenler dizisinin en alt\u0131nda yeti\u015fen ve onlar hakk\u0131ndaki d\u00fc\u015f\u00fcnceler...","breadcrumb":{"@id":"http:\/\/kupeliteolog.com\/index.php\/2023\/09\/18\/skolastisizm\/#breadcrumb"},"inLanguage":"tr","potentialAction":[{"@type":"ReadAction","target":["http:\/\/kupeliteolog.com\/index.php\/2023\/09\/18\/skolastisizm\/"]}]},{"@type":"BreadcrumbList","@id":"http:\/\/kupeliteolog.com\/index.php\/2023\/09\/18\/skolastisizm\/#breadcrumb","itemListElement":[{"@type":"ListItem","position":1,"name":"Anasayfa","item":"http:\/\/kupeliteolog.com\/"},{"@type":"ListItem","position":2,"name":"Skolastisizm"}]},{"@type":"WebSite","@id":"http:\/\/kupeliteolog.com\/#website","url":"http:\/\/kupeliteolog.com\/","name":"K\u00fcpeli Teolog","description":"K\u00fcpeli Teolog Blog Web Sitesi","publisher":{"@id":"http:\/\/kupeliteolog.com\/#\/schema\/person\/943430f95319ff35f2fa565dee706102"},"potentialAction":[{"@type":"SearchAction","target":{"@type":"EntryPoint","urlTemplate":"http:\/\/kupeliteolog.com\/?s={search_term_string}"},"query-input":"required name=search_term_string"}],"inLanguage":"tr"},{"@type":["Person","Organization"],"@id":"http:\/\/kupeliteolog.com\/#\/schema\/person\/943430f95319ff35f2fa565dee706102","name":"Kupeli Teolog","image":{"@type":"ImageObject","inLanguage":"tr","@id":"http:\/\/kupeliteolog.com\/#\/schema\/person\/image\/","url":"http:\/\/kupeliteolog.com\/wp-content\/uploads\/2022\/12\/favicon-1.png","contentUrl":"http:\/\/kupeliteolog.com\/wp-content\/uploads\/2022\/12\/favicon-1.png","width":500,"height":500,"caption":"Kupeli Teolog"},"logo":{"@id":"http:\/\/kupeliteolog.com\/#\/schema\/person\/image\/"},"sameAs":["https:\/\/kupeliteolog.com\/","https:\/\/twitter.com\/https:\/\/twitter.com\/kupeliteolog"],"url":"https:\/\/kupeliteolog.com\/index.php\/author\/kupeli_teolog\/"}]}},"_links":{"self":[{"href":"https:\/\/kupeliteolog.com\/index.php\/wp-json\/wp\/v2\/posts\/1438","targetHints":{"allow":["GET"]}}],"collection":[{"href":"https:\/\/kupeliteolog.com\/index.php\/wp-json\/wp\/v2\/posts"}],"about":[{"href":"https:\/\/kupeliteolog.com\/index.php\/wp-json\/wp\/v2\/types\/post"}],"author":[{"embeddable":true,"href":"https:\/\/kupeliteolog.com\/index.php\/wp-json\/wp\/v2\/users\/2"}],"replies":[{"embeddable":true,"href":"https:\/\/kupeliteolog.com\/index.php\/wp-json\/wp\/v2\/comments?post=1438"}],"version-history":[{"count":1,"href":"https:\/\/kupeliteolog.com\/index.php\/wp-json\/wp\/v2\/posts\/1438\/revisions"}],"predecessor-version":[{"id":1440,"href":"https:\/\/kupeliteolog.com\/index.php\/wp-json\/wp\/v2\/posts\/1438\/revisions\/1440"}],"wp:featuredmedia":[{"embeddable":true,"href":"https:\/\/kupeliteolog.com\/index.php\/wp-json\/wp\/v2\/media\/1439"}],"wp:attachment":[{"href":"https:\/\/kupeliteolog.com\/index.php\/wp-json\/wp\/v2\/media?parent=1438"}],"wp:term":[{"taxonomy":"category","embeddable":true,"href":"https:\/\/kupeliteolog.com\/index.php\/wp-json\/wp\/v2\/categories?post=1438"},{"taxonomy":"post_tag","embeddable":true,"href":"https:\/\/kupeliteolog.com\/index.php\/wp-json\/wp\/v2\/tags?post=1438"}],"curies":[{"name":"wp","href":"https:\/\/api.w.org\/{rel}","templated":true}]}}