{"id":1333,"date":"2023-04-22T23:45:12","date_gmt":"2023-04-22T20:45:12","guid":{"rendered":"https:\/\/kupeliteolog.com\/?p=1333"},"modified":"2023-04-22T23:51:54","modified_gmt":"2023-04-22T20:51:54","slug":"bebek-vaftizinin-kisa-bir-savunmasi","status":"publish","type":"post","link":"https:\/\/kupeliteolog.com\/index.php\/2023\/04\/22\/bebek-vaftizinin-kisa-bir-savunmasi\/","title":{"rendered":"Bebek Vaftizinin K\u0131sa Bir Savunmas\u0131"},"content":{"rendered":"<p>Yazan: <em>Kevin DeYoung<\/em><\/p>\n<p>\u00c7ev: <em>Fikret B\u00f6cek<\/em><\/p>\n<p>Kula\u011fa bir \u015faka yapacakm\u0131\u015f\u0131m gibi ya da destek grubu tan\u0131t\u0131m\u0131 gibi geliyor ama do\u011fru: en iyi arkada\u015flar\u0131mdan baz\u0131lar\u0131 Baptistler. Konferanslarda Baptistler ile ve Baptistler i\u00e7in konu\u015fuyorum. Baptistler taraf\u0131ndan yaz\u0131lan kitaplar\u0131 okuyorum (hem \u00f6lm\u00fc\u015f hem de ya\u015famakta olanlar\u0131n). Tanr\u0131&#8217;n\u0131n s\u00f6z\u00fcn\u00fc vaaz eden ve Mesih&#8217;in kilisesinde sadakatle hizmet eden tan\u0131d\u0131\u011f\u0131m Baptist karde\u015flerimi (yak\u0131n\u0131mdaki ve uza\u011f\u0131mdaki) seviyorum. \u00dcniversitedeyken bir Baptist kilisesine gittim ve benim kendi kilisemde bile daha fazla <em><u>credobaptist<\/u><\/em> (ikrarc\u0131 vaftizi) inanca sahip bir\u00e7ok insan oldu\u011funu biliyorum. Blog okuyucular\u0131m\u0131n \u00e7o\u011funun Baptist oldu\u011funu tahmin ediyorum. Anlayaca\u011f\u0131n\u0131z \u00fczere. Bebeklerin vaftiz edilmesine inanmayan Mesih&#8217;teki Baptist karde\u015flerime minnettar olmak i\u00e7in binlerce nedenim var.<\/p>\n<p>Fakat yine de bebek vaftizine Kutsal Yaz\u0131lar&#8217;da g\u00f6rd\u00fcklerimden dolay\u0131 sevin\u00e7le ve b\u00fct\u00fcn kalbimle inan\u0131yorum.<\/p>\n<p>Bir past\u00f6r olarak yapmaktan ho\u015fland\u0131\u011f\u0131n en iyi \u015feylerden biri, cemaatimdeki antla\u015fma \u00e7ocuklar\u0131na bebek vaftizini uygulamakt\u0131r. Her vaftizden \u00f6nce, kilisemizde ni\u00e7in bebek vaftizi uygulad\u0131\u011f\u0131m\u0131z\u0131 a\u00e7\u0131klamak i\u00e7in birka\u00e7 dakikam\u0131 ay\u0131r\u0131r\u0131m. A\u00e7\u0131klamam her zaman a\u015fa\u011f\u0131dakilerin bir k\u0131sm\u0131n\u0131 i\u00e7erir &#8211; ancak nadiren hepsi i\u00e7in zaman\u0131m olur:<\/p>\n<p>Bu sabah k\u00fc\u00e7\u00fck bebeklerimizden birine vaftiz ayinini uygulamak bizim i\u00e7in b\u00fcy\u00fck bir ayr\u0131cal\u0131k. \u00c7ocu\u011fa uygulad\u0131\u011f\u0131m\u0131z suyun sihirli bir yan\u0131 oldu\u011funa inanm\u0131yoruz. Su, ilk g\u00fcnah\u0131 ortadan kald\u0131rmaz ya da \u00e7ocu\u011fu kurtarmaz. Bu \u00e7ocu\u011fun yenilenmi\u015f oldu\u011funu varsaym\u0131yoruz (\u00f6yle olsa bile) ve vaftiz edilen her \u00e7ocu\u011fun otomatik olarak cennete gidece\u011fine de inanm\u0131yoruz. Bebekleri bat\u0131l inan\u00e7 ya da geleneklerden dolay\u0131 ya da bize \u00e7ok \u015firin g\u00f6r\u00fcnen bebekleri sevdi\u011fimiz i\u00e7in vaftiz etmiyoruz. Bebekleri vaftiz ediyoruz \u00e7\u00fcnk\u00fc onlar antla\u015fma \u00e7ocuklar\u0131d\u0131r ve antla\u015fman\u0131n i\u015faretini almal\u0131d\u0131rlar.<\/p>\n<p>Yarat\u0131l\u0131\u015f 15&#8217;te Tanr\u0131 \u0130brahim&#8217;le bir antla\u015fma yapt\u0131. Bu antla\u015fma Yarat\u0131l\u0131\u015f 17&#8217;de s\u00fcnnet i\u015faretiyle m\u00fch\u00fcrlendi. Tanr\u0131 \u0130brahim&#8217;i kutsayaca\u011f\u0131na s\u00f6z verdi. \u0130brahim i\u00e7in bu \u00f6zellikle iki \u015fey anlam\u0131na geliyordu: Z\u00fcrriyet ve toprak. Ancak antla\u015fman\u0131n \u00f6z\u00fcnde Tanr\u0131&#8217;n\u0131n \u0130brahim&#8217;e ve \u00e7ocuklar\u0131na Tanr\u0131 olaca\u011f\u0131 vaadi vard\u0131 (Yar. 17:7, 8).<\/p>\n<p>S\u00fcnnet sadece etnik Yahudileri ay\u0131ran fiziksel bir \u015fey de\u011fildi. S\u00fcnnet ruhsal anlamlarla doluydu. Bedenin s\u00fcnneti her zaman y\u00fcre\u011fin s\u00fcnnetine kar\u015f\u0131l\u0131k gelmeliydi (Rom. 2:25-29). Al\u00e7akg\u00f6n\u00fcll\u00fcl\u00fc\u011fe, yeni do\u011fu\u015fa ve yeni bir ya\u015fam bi\u00e7imine i\u015faret ediyordu (Lev. 26:40-42; Yas. 10:16; 30:6; Yer. 4:4; 6:10; 9:25). K\u0131sacas\u0131 s\u00fcnnet, aklanman\u0131n bir i\u015faretiydi. Pavlus Romal\u0131lar 4:11&#8217;de \u0130brahim&#8217;in &#8220;\u2026hen\u00fcz s\u00fcnnetsizken imanla sahip oldu\u011fu do\u011frulu\u011fun bir m\u00fchr\u00fc olarak s\u00fcnnet i\u015faretini ald\u0131\u011f\u0131n\u0131&#8221; s\u00f6yler. Tanr\u0131&#8217;n\u0131n s\u00fcnnetle ilgili kendi yorumu, bunun ulusal \u0130srail i\u00e7in sadece fiziksel bir i\u015faretten \u00e7ok daha fazlas\u0131 oldu\u011fudur.<\/p>\n<p>Ancak dikkat \u00e7ekici bir \u015fekilde, bu derin ruhsal i\u015faret \u0130smail&#8217;e oldu\u011fu kadar \u0130shak&#8217;a da verilmi\u015fti, her ne kadar sadece \u0130shak vaat edilen soyun devam\u0131 olsa da. Ruhsal i\u015faret sadece ruhsal ger\u00e7ekli\u011fi zaten benimsemi\u015f olanlar i\u00e7in de\u011fildi. \u0130brahim ve o\u011fullar\u0131na da uygulanacakt\u0131. S\u00fcnnet basit bir denklem de\u011fildi. \u0130\u015fareti alan ki\u015finin otomatik olarak i\u015faret edilen \u015feye sahip oldu\u011fu anlam\u0131na gelmiyordu. Vaftiz gibi s\u00fcnnet de aidiyete, \u00f6\u011frencili\u011fe, antla\u015fma y\u00fck\u00fcml\u00fcl\u00fcklerine i\u015faret ediyor ve gelecekte sembolize edilen ger\u00e7ekleri benimseyecek imana izin veriyordu. Pavlus&#8217;un zaman\u0131nda s\u00fcnnetli olup da ger\u00e7ekten s\u00fcnnetli olmayanlar oldu\u011fu gibi (Rom. 2:25-29), \u0130brahim&#8217;in \u00e7ocuklar\u0131 olup da ger\u00e7ekten \u0130brahim&#8217;in \u00e7ocuklar\u0131 olmayanlar oldu\u011fu gibi (Romal\u0131lar 9:6-8), g\u00fcn\u00fcm\u00fczde de vaftiz olup da ger\u00e7ekten vaftiz olmayanlar vard\u0131r. \u00c7ocuklar antla\u015fmaya ait olarak i\u015faretlenmelidir, ancak kurtaran iman\u0131 uygulamad\u0131klar\u0131 s\u00fcrece antla\u015fma bereketlerine sahip olamayacaklard\u0131r.<\/p>\n<p>Bug\u00fcn \u00e7ocuklar \u0130brahim&#8217;le yap\u0131lan ayn\u0131 antla\u015fmaya dayanarak vaftiz edilmektedirler. Pavlus, Galatyal\u0131lar 3&#8217;te Petrus&#8217;un El\u00e7ilerin \u0130\u015fleri 2&#8217;de g\u00fc\u00e7l\u00fc bir \u015fekilde \u00f6nerdi\u011fi \u015feyi, yani \u0130brahim antla\u015fmas\u0131n\u0131n feshedilmedi\u011fini a\u00e7\u0131k\u00e7a belirtir. \u0130brahim\u2019in antla\u015fmas\u0131 hal\u00e2 i\u015fler durumdad\u0131r. Asl\u0131nda, \u0130brahim antla\u015fmas\u0131n\u0131n temel vaadinin t\u00fcm Kutsal Kitap boyunca, Vahiy 21&#8217;deki yeni g\u00f6kler ve yeni yery\u00fcz\u00fcne kadar devam etti\u011fini g\u00f6r\u00fcyoruz.<\/p>\n<p>O\u011fullar Eski Antla\u015fma\u2019daki \u0130brahim antla\u015fmas\u0131n\u0131n bir par\u00e7as\u0131 oldu\u011fu ve s\u00fcnnet edildi\u011fi i\u00e7in, Yeni Antla\u015fma\u2019daki vaftiz i\u015faretinde \u00e7ocuklar\u0131n d\u0131\u015flanmas\u0131 i\u00e7in hi\u00e7bir neden g\u00f6remiyoruz. Ku\u015fkusuz, <em>&#8220;Dinleyin, dinleyin, s\u00fcnnet vaftizin yerini alm\u0131\u015ft\u0131r&#8221;<\/em> diyen bir metin yoktur. Ancak Koloseliler 2:11-12&#8217;den vaftiz ve s\u00fcnnetin ayn\u0131 ruhsal \u00f6nemi ta\u015f\u0131d\u0131\u011f\u0131n\u0131 biliyoruz. Birinden di\u011ferine ge\u00e7i\u015f muhtemelen organikti. Yahudiler din de\u011fi\u015ftirenleri vaftiz ettik\u00e7e, bu i\u015faret antla\u015fma halk\u0131na dahil olman\u0131n i\u015fareti olarak g\u00f6r\u00fclmeye ba\u015fland\u0131. Bir s\u00fcre s\u00fcnnet vaftizle birlikte var oldu, ancak ilk kilise daha Yahudi olmayan bir hale geldik\u00e7e, Yahudi t\u00f6renlerinin \u00e7o\u011fu gereksiz hale geldi ve hatta bazen inanca zarar verdi. B\u00f6ylece vaftiz, yenilenme, yeniden do\u011fu\u015f ve antla\u015fma \u00fcyeli\u011finin i\u015fareti olarak s\u00fcnneti g\u00f6lgede b\u0131rakm\u0131\u015ft\u0131r.<\/p>\n<p>Tek ba\u015f\u0131na kesin olmamakla birlikte, Yeni Ahit&#8217;in <em><u>paedobaptist<\/u><\/em> (bebek vaftizi) bir okumas\u0131n\u0131 destekleyen ba\u015fka arg\u00fcmanlar da vard\u0131r.<\/p>\n<p>Birincisi, ispat y\u00fck\u00fc \u00e7ocuklar\u0131n binlerce y\u0131ld\u0131r ald\u0131klar\u0131 bir i\u015fareti ink\u00e2r edenlerin \u00fczerindedir. E\u011fer \u00e7ocuklar aniden antla\u015fman\u0131n d\u0131\u015f\u0131nda kalsalard\u0131 ve herhangi bir &#8220;sakramental&#8221; i\u015faret almalar\u0131na izin verilmeseydi, b\u00f6ylesine b\u00fcy\u00fck bir de\u011fi\u015fiklik ve bunun sonucunda ortaya \u00e7\u0131kacak tart\u0131\u015fmalar Yeni Antla\u015fma\u2019da mutlaka kaydedilirdi. Dahas\u0131, Eski Antla\u015fma&#8217;dan Yeni Antla\u015fma&#8217;ya her \u015fey daha fazla kat\u0131l\u0131m y\u00f6n\u00fcnde ilerlerken, \u00e7ocuklar\u0131n antla\u015fmadan d\u0131\u015flanmas\u0131 garip olurdu.<\/p>\n<p>\u0130kincisi, ev halk\u0131 vaftizlerinin varl\u0131\u011f\u0131, Tanr\u0131&#8217;n\u0131n hala ev halk\u0131yla bir birim olarak ilgilendi\u011finin ve Mesih&#8217;in Rabli\u011fi alt\u0131na birlikte girmek i\u00e7in t\u00fcm aileleri kiliseye kabul etti\u011finin kan\u0131t\u0131d\u0131r (El\u00e7. 16:13-15; 32-34; 1Ko. 1:16; ayr\u0131ca bkz. Y\u015fu 24:15).<\/p>\n<p>\u00dc\u00e7\u00fcnc\u00fcs\u00fc, \u00e7ocuklara Rab&#8217;de anne babalar\u0131na itaat etmeleri s\u00f6ylenir (Efesliler 6:1). Kilisedeki \u00e7ocuklara m\u00fcjdelenmesi gereken k\u00fc\u00e7\u00fck putperestler olarak de\u011fil, Mesih&#8217;e ba\u011fl\u0131l\u0131k borcu olan antla\u015fma \u00fcyeleri olarak davran\u0131l\u0131r.<\/p>\n<p>D\u00f6rt, El\u00e7ilerden sonraki iki y\u00fczy\u0131l i\u00e7inde kilisenin bebek vaftizini uygulad\u0131\u011f\u0131na dair a\u00e7\u0131k kan\u0131tlara sahibiz. E\u011fer bu uzun s\u00fcredir devam eden gelenekte bir de\u011fi\u015fiklik olsayd\u0131, kilisenin bu yeni uygulama \u00fczerinde tart\u0131\u015ft\u0131\u011f\u0131na dair baz\u0131 kay\u0131tlara sahip olurduk. On alt\u0131nc\u0131 y\u00fczy\u0131la kadar Hristiyanlar bebek vaftizinin me\u015fruiyetini sorgulamaya ba\u015flamam\u0131\u015flard\u0131r.<\/p>\n<p>Dolay\u0131s\u0131yla, bug\u00fcn bu \u00e7ocu\u011fa vaftizi uygulamaya geldik, kilise tarihinin bizi cesaretlendiren a\u011f\u0131rl\u0131\u011f\u0131 ve Kutsal Yaz\u0131lar\u2019da bebek vaftizini do\u011frulayan kurtulu\u015f tarihinin \u00f6rnekleriyle geldik. Mesih&#8217;in emrine itaat ederek vaftiz ediyoruz. Uygulamak \u00fczere oldu\u011fumuz sakrament, s\u00fcnnet gibi antla\u015fma toplulu\u011funa dahil olman\u0131n bir i\u015faretidir ve serpmek \u00fczere oldu\u011fumuz su, Eski Antla\u015fma\u2019daki bo\u011fa ve ke\u00e7ilerin serpilen kan\u0131 gibi g\u00fcnahtan ar\u0131nman\u0131n bir i\u015faretidir. Bu ufakl\u0131\u011f\u0131n antla\u015fman\u0131n t\u00fcm ayr\u0131cal\u0131klar\u0131ndan yararlanmas\u0131, ya\u015fam\u0131n\u0131n her g\u00fcn\u00fcnde Rabbini kabul etmesi ve imanla bu vaatleri kendi vaadi haline getirmesi i\u00e7in dua ediyoruz.<\/p>\n<p>*****<\/p>\n<p>Bu k\u0131sa yaz\u0131da \u00e7o\u011funuzun fikrini de\u011fi\u015ftirmemi\u015fimdir fakat belki Baptist arkada\u015flar\u0131m\u0131n bebek vaftiziyle ne demek istedi\u011fimizi (ve ne demek istemedi\u011fimizi) anlamalar\u0131na yard\u0131mc\u0131 olmu\u015f olabilirim. Belki birka\u00e7 yanl\u0131\u015f anlamaya a\u00e7\u0131kl\u0131k getirmi\u015fimdir. Belki de inand\u0131klar\u0131n\u0131 s\u00f6yledikleri \u015feye neden inand\u0131klar\u0131ndan emin olmayan birka\u00e7 <em><u>paedobaptistin<\/u><\/em> inan\u00e7lar\u0131n\u0131 g\u00fc\u00e7lendirmi\u015fimdir. Bu konunun neresinde olursan\u0131z olun, a\u00e7\u0131k bir Kutsal Kitap ve elinizde baz\u0131 iyi kaynaklarla konu \u00fczerinde d\u00fc\u015f\u00fcnmenizi \u00f6neririm.<\/p>\n<p>&nbsp;<\/p>\n<p>Bir <em><u>paedobaptist<\/u><\/em> olarak a\u015fa\u011f\u0131daki \u015fu kaynaklar\u0131 tavsiye ederim:<\/p>\n<p>&#8211; John Murray, Hristiyan Vaftizi<\/p>\n<p>&#8211; Antla\u015fma\u2019ya Dayal\u0131 Bebek Vaftizi, Gregg Strawbridge taraf\u0131ndan derlenmi\u015ftir. (T\u00fcrk\u00e7esi mevcut)<\/p>\n<p>&#8211; Vaftiz: David F. Wright&#8217;\u0131n edit\u00f6rl\u00fc\u011f\u00fcnde, Sinclair Ferguson (bebek vaftizi), Bruce Ware (sadece inananlar\u0131n vaftizi), Anthony Lane (ikili uygulama)<\/p>\n<p>&#8211; Daniel R. Hyde, \u0130sa K\u00fc\u00e7\u00fck \u00c7ocuklar\u0131 Sever: \u00c7ocuklar\u0131 Neden Vaftiz Ediyoruz? (T\u00fcrk\u00e7esi mevcut)<\/p>\n<p>&#8211; Bryan Chapell, Bebekleri Neden Vaftiz Ediyoruz? (T\u00fcrk\u00e7esi mevcut)<\/p>\n<p>Bir ki\u015finin bebek vaftizini nas\u0131l benimseyebilece\u011fini anlamak i\u00e7in &#8220;Fikrimi Nas\u0131l De\u011fi\u015ftirdim&#8221; makalelerine g\u00f6z at\u0131n:<\/p>\n<p>&#8211; Liam Goligher (Tenth Presbyterian Church),<\/p>\n<p>&#8211; Sean Michael Lucas (First Presbyterian Church &#8211; Hattiesburg, MS),<\/p>\n<p>&#8211; Dennis Johnson (Westminster Theological Seminary &#8211; Escondido, CA).<\/p>\n<p>Johnson&#8217;\u0131n bebek vaftizi \u00f6\u011fretisiyle m\u00fccadele eden k\u0131z\u0131na yazd\u0131\u011f\u0131 14 sayfal\u0131k mektubu (T\u00fcrk\u00e7esi mevcut).<\/p>\n<p>&nbsp;<\/p>\n","protected":false},"excerpt":{"rendered":"<p>Yazan: Kevin DeYoung \u00c7ev: Fikret B\u00f6cek Kula\u011fa bir \u015faka yapacakm\u0131\u015f\u0131m gibi ya da destek grubu tan\u0131t\u0131m\u0131 gibi geliyor ama do\u011fru: en iyi arkada\u015flar\u0131mdan baz\u0131lar\u0131 Baptistler. Konferanslarda Baptistler ile ve Baptistler i\u00e7in konu\u015fuyorum. Baptistler taraf\u0131ndan yaz\u0131lan kitaplar\u0131 okuyorum (hem \u00f6lm\u00fc\u015f hem de ya\u015famakta olanlar\u0131n). Tanr\u0131&#8217;n\u0131n s\u00f6z\u00fcn\u00fc vaaz eden ve Mesih&#8217;in kilisesinde sadakatle hizmet eden tan\u0131d\u0131\u011f\u0131m Baptist &hellip;<\/p>\n","protected":false},"author":2,"featured_media":1334,"comment_status":"open","ping_status":"open","sticky":false,"template":"","format":"standard","meta":{"footnotes":""},"categories":[1],"tags":[99,29,34,100,46,101,33,98],"class_list":["post-1333","post","type-post","status-publish","format-standard","has-post-thumbnail","hentry","category-all_blogs","tag-bebek-vaftizi","tag-ilahiyat","tag-kilise","tag-paedobaptist","tag-protestan","tag-sakrament","tag-tanri","tag-vaftiz"],"yoast_head":"<!-- This site is optimized with the Yoast SEO plugin v20.11 - https:\/\/yoast.com\/wordpress\/plugins\/seo\/ -->\n<title>Bebek Vaftizinin K\u0131sa Bir Savunmas\u0131 - K\u00fcpeli Teolog<\/title>\n<meta name=\"robots\" content=\"index, follow, max-snippet:-1, max-image-preview:large, max-video-preview:-1\" \/>\n<link rel=\"canonical\" href=\"http:\/\/kupeliteolog.com\/index.php\/2023\/04\/22\/bebek-vaftizinin-kisa-bir-savunmasi\/\" \/>\n<meta property=\"og:locale\" content=\"tr_TR\" \/>\n<meta property=\"og:type\" content=\"article\" \/>\n<meta property=\"og:title\" content=\"Bebek Vaftizinin K\u0131sa Bir Savunmas\u0131 - K\u00fcpeli Teolog\" \/>\n<meta property=\"og:description\" content=\"Yazan: Kevin DeYoung \u00c7ev: Fikret B\u00f6cek Kula\u011fa bir \u015faka yapacakm\u0131\u015f\u0131m gibi ya da destek grubu tan\u0131t\u0131m\u0131 gibi geliyor ama do\u011fru: en iyi arkada\u015flar\u0131mdan baz\u0131lar\u0131 Baptistler. Konferanslarda Baptistler ile ve Baptistler i\u00e7in konu\u015fuyorum. Baptistler taraf\u0131ndan yaz\u0131lan kitaplar\u0131 okuyorum (hem \u00f6lm\u00fc\u015f hem de ya\u015famakta olanlar\u0131n). Tanr\u0131&#8217;n\u0131n s\u00f6z\u00fcn\u00fc vaaz eden ve Mesih&#8217;in kilisesinde sadakatle hizmet eden tan\u0131d\u0131\u011f\u0131m Baptist &hellip;\" \/>\n<meta property=\"og:url\" content=\"http:\/\/kupeliteolog.com\/index.php\/2023\/04\/22\/bebek-vaftizinin-kisa-bir-savunmasi\/\" \/>\n<meta property=\"og:site_name\" content=\"K\u00fcpeli Teolog\" \/>\n<meta property=\"article:published_time\" content=\"2023-04-22T20:45:12+00:00\" \/>\n<meta property=\"article:modified_time\" content=\"2023-04-22T20:51:54+00:00\" \/>\n<meta property=\"og:image\" content=\"http:\/\/kupeliteolog.com\/wp-content\/uploads\/2023\/04\/black-and-white-2604969_1280.jpg\" \/>\n\t<meta property=\"og:image:width\" content=\"1280\" \/>\n\t<meta property=\"og:image:height\" content=\"901\" \/>\n\t<meta property=\"og:image:type\" content=\"image\/jpeg\" \/>\n<meta name=\"author\" content=\"Kupeli Teolog\" \/>\n<meta name=\"twitter:card\" content=\"summary_large_image\" \/>\n<meta name=\"twitter:creator\" content=\"@https:\/\/twitter.com\/kupeliteolog\" \/>\n<meta name=\"twitter:site\" content=\"@kupeliteolog\" \/>\n<meta name=\"twitter:label1\" content=\"Yazan:\" \/>\n\t<meta name=\"twitter:data1\" content=\"Kupeli Teolog\" \/>\n\t<meta name=\"twitter:label2\" content=\"Tahmini okuma s\u00fcresi\" \/>\n\t<meta name=\"twitter:data2\" content=\"8 dakika\" \/>\n<script type=\"application\/ld+json\" class=\"yoast-schema-graph\">{\"@context\":\"https:\/\/schema.org\",\"@graph\":[{\"@type\":\"Article\",\"@id\":\"http:\/\/kupeliteolog.com\/index.php\/2023\/04\/22\/bebek-vaftizinin-kisa-bir-savunmasi\/#article\",\"isPartOf\":{\"@id\":\"http:\/\/kupeliteolog.com\/index.php\/2023\/04\/22\/bebek-vaftizinin-kisa-bir-savunmasi\/\"},\"author\":{\"name\":\"Kupeli Teolog\",\"@id\":\"http:\/\/kupeliteolog.com\/#\/schema\/person\/943430f95319ff35f2fa565dee706102\"},\"headline\":\"Bebek Vaftizinin K\u0131sa Bir Savunmas\u0131\",\"datePublished\":\"2023-04-22T20:45:12+00:00\",\"dateModified\":\"2023-04-22T20:51:54+00:00\",\"mainEntityOfPage\":{\"@id\":\"http:\/\/kupeliteolog.com\/index.php\/2023\/04\/22\/bebek-vaftizinin-kisa-bir-savunmasi\/\"},\"wordCount\":1542,\"commentCount\":0,\"publisher\":{\"@id\":\"http:\/\/kupeliteolog.com\/#\/schema\/person\/943430f95319ff35f2fa565dee706102\"},\"keywords\":[\"bebek vaftizi\",\"ilahiyat\",\"kilise\",\"paedobaptist\",\"protestan\",\"sakrament\",\"tanr\u0131\",\"vaftiz\"],\"articleSection\":[\"\u0130lahiyat\"],\"inLanguage\":\"tr\",\"potentialAction\":[{\"@type\":\"CommentAction\",\"name\":\"Comment\",\"target\":[\"http:\/\/kupeliteolog.com\/index.php\/2023\/04\/22\/bebek-vaftizinin-kisa-bir-savunmasi\/#respond\"]}]},{\"@type\":\"WebPage\",\"@id\":\"http:\/\/kupeliteolog.com\/index.php\/2023\/04\/22\/bebek-vaftizinin-kisa-bir-savunmasi\/\",\"url\":\"http:\/\/kupeliteolog.com\/index.php\/2023\/04\/22\/bebek-vaftizinin-kisa-bir-savunmasi\/\",\"name\":\"Bebek Vaftizinin K\u0131sa Bir Savunmas\u0131 - K\u00fcpeli Teolog\",\"isPartOf\":{\"@id\":\"http:\/\/kupeliteolog.com\/#website\"},\"datePublished\":\"2023-04-22T20:45:12+00:00\",\"dateModified\":\"2023-04-22T20:51:54+00:00\",\"breadcrumb\":{\"@id\":\"http:\/\/kupeliteolog.com\/index.php\/2023\/04\/22\/bebek-vaftizinin-kisa-bir-savunmasi\/#breadcrumb\"},\"inLanguage\":\"tr\",\"potentialAction\":[{\"@type\":\"ReadAction\",\"target\":[\"http:\/\/kupeliteolog.com\/index.php\/2023\/04\/22\/bebek-vaftizinin-kisa-bir-savunmasi\/\"]}]},{\"@type\":\"BreadcrumbList\",\"@id\":\"http:\/\/kupeliteolog.com\/index.php\/2023\/04\/22\/bebek-vaftizinin-kisa-bir-savunmasi\/#breadcrumb\",\"itemListElement\":[{\"@type\":\"ListItem\",\"position\":1,\"name\":\"Anasayfa\",\"item\":\"http:\/\/kupeliteolog.com\/\"},{\"@type\":\"ListItem\",\"position\":2,\"name\":\"Bebek Vaftizinin K\u0131sa Bir Savunmas\u0131\"}]},{\"@type\":\"WebSite\",\"@id\":\"http:\/\/kupeliteolog.com\/#website\",\"url\":\"http:\/\/kupeliteolog.com\/\",\"name\":\"K\u00fcpeli Teolog\",\"description\":\"K\u00fcpeli Teolog Blog Web Sitesi\",\"publisher\":{\"@id\":\"http:\/\/kupeliteolog.com\/#\/schema\/person\/943430f95319ff35f2fa565dee706102\"},\"potentialAction\":[{\"@type\":\"SearchAction\",\"target\":{\"@type\":\"EntryPoint\",\"urlTemplate\":\"http:\/\/kupeliteolog.com\/?s={search_term_string}\"},\"query-input\":\"required name=search_term_string\"}],\"inLanguage\":\"tr\"},{\"@type\":[\"Person\",\"Organization\"],\"@id\":\"http:\/\/kupeliteolog.com\/#\/schema\/person\/943430f95319ff35f2fa565dee706102\",\"name\":\"Kupeli Teolog\",\"image\":{\"@type\":\"ImageObject\",\"inLanguage\":\"tr\",\"@id\":\"http:\/\/kupeliteolog.com\/#\/schema\/person\/image\/\",\"url\":\"http:\/\/kupeliteolog.com\/wp-content\/uploads\/2022\/12\/favicon-1.png\",\"contentUrl\":\"http:\/\/kupeliteolog.com\/wp-content\/uploads\/2022\/12\/favicon-1.png\",\"width\":500,\"height\":500,\"caption\":\"Kupeli Teolog\"},\"logo\":{\"@id\":\"http:\/\/kupeliteolog.com\/#\/schema\/person\/image\/\"},\"sameAs\":[\"https:\/\/kupeliteolog.com\/\",\"https:\/\/twitter.com\/https:\/\/twitter.com\/kupeliteolog\"],\"url\":\"https:\/\/kupeliteolog.com\/index.php\/author\/kupeli_teolog\/\"}]}<\/script>\n<!-- \/ Yoast SEO plugin. -->","yoast_head_json":{"title":"Bebek Vaftizinin K\u0131sa Bir Savunmas\u0131 - K\u00fcpeli Teolog","robots":{"index":"index","follow":"follow","max-snippet":"max-snippet:-1","max-image-preview":"max-image-preview:large","max-video-preview":"max-video-preview:-1"},"canonical":"http:\/\/kupeliteolog.com\/index.php\/2023\/04\/22\/bebek-vaftizinin-kisa-bir-savunmasi\/","og_locale":"tr_TR","og_type":"article","og_title":"Bebek Vaftizinin K\u0131sa Bir Savunmas\u0131 - K\u00fcpeli Teolog","og_description":"Yazan: Kevin DeYoung \u00c7ev: Fikret B\u00f6cek Kula\u011fa bir \u015faka yapacakm\u0131\u015f\u0131m gibi ya da destek grubu tan\u0131t\u0131m\u0131 gibi geliyor ama do\u011fru: en iyi arkada\u015flar\u0131mdan baz\u0131lar\u0131 Baptistler. Konferanslarda Baptistler ile ve Baptistler i\u00e7in konu\u015fuyorum. Baptistler taraf\u0131ndan yaz\u0131lan kitaplar\u0131 okuyorum (hem \u00f6lm\u00fc\u015f hem de ya\u015famakta olanlar\u0131n). Tanr\u0131&#8217;n\u0131n s\u00f6z\u00fcn\u00fc vaaz eden ve Mesih&#8217;in kilisesinde sadakatle hizmet eden tan\u0131d\u0131\u011f\u0131m Baptist &hellip;","og_url":"http:\/\/kupeliteolog.com\/index.php\/2023\/04\/22\/bebek-vaftizinin-kisa-bir-savunmasi\/","og_site_name":"K\u00fcpeli Teolog","article_published_time":"2023-04-22T20:45:12+00:00","article_modified_time":"2023-04-22T20:51:54+00:00","og_image":[{"width":1280,"height":901,"url":"http:\/\/kupeliteolog.com\/wp-content\/uploads\/2023\/04\/black-and-white-2604969_1280.jpg","type":"image\/jpeg"}],"author":"Kupeli Teolog","twitter_card":"summary_large_image","twitter_creator":"@https:\/\/twitter.com\/kupeliteolog","twitter_site":"@kupeliteolog","twitter_misc":{"Yazan:":"Kupeli Teolog","Tahmini okuma s\u00fcresi":"8 dakika"},"schema":{"@context":"https:\/\/schema.org","@graph":[{"@type":"Article","@id":"http:\/\/kupeliteolog.com\/index.php\/2023\/04\/22\/bebek-vaftizinin-kisa-bir-savunmasi\/#article","isPartOf":{"@id":"http:\/\/kupeliteolog.com\/index.php\/2023\/04\/22\/bebek-vaftizinin-kisa-bir-savunmasi\/"},"author":{"name":"Kupeli Teolog","@id":"http:\/\/kupeliteolog.com\/#\/schema\/person\/943430f95319ff35f2fa565dee706102"},"headline":"Bebek Vaftizinin K\u0131sa Bir Savunmas\u0131","datePublished":"2023-04-22T20:45:12+00:00","dateModified":"2023-04-22T20:51:54+00:00","mainEntityOfPage":{"@id":"http:\/\/kupeliteolog.com\/index.php\/2023\/04\/22\/bebek-vaftizinin-kisa-bir-savunmasi\/"},"wordCount":1542,"commentCount":0,"publisher":{"@id":"http:\/\/kupeliteolog.com\/#\/schema\/person\/943430f95319ff35f2fa565dee706102"},"keywords":["bebek vaftizi","ilahiyat","kilise","paedobaptist","protestan","sakrament","tanr\u0131","vaftiz"],"articleSection":["\u0130lahiyat"],"inLanguage":"tr","potentialAction":[{"@type":"CommentAction","name":"Comment","target":["http:\/\/kupeliteolog.com\/index.php\/2023\/04\/22\/bebek-vaftizinin-kisa-bir-savunmasi\/#respond"]}]},{"@type":"WebPage","@id":"http:\/\/kupeliteolog.com\/index.php\/2023\/04\/22\/bebek-vaftizinin-kisa-bir-savunmasi\/","url":"http:\/\/kupeliteolog.com\/index.php\/2023\/04\/22\/bebek-vaftizinin-kisa-bir-savunmasi\/","name":"Bebek Vaftizinin K\u0131sa Bir Savunmas\u0131 - K\u00fcpeli Teolog","isPartOf":{"@id":"http:\/\/kupeliteolog.com\/#website"},"datePublished":"2023-04-22T20:45:12+00:00","dateModified":"2023-04-22T20:51:54+00:00","breadcrumb":{"@id":"http:\/\/kupeliteolog.com\/index.php\/2023\/04\/22\/bebek-vaftizinin-kisa-bir-savunmasi\/#breadcrumb"},"inLanguage":"tr","potentialAction":[{"@type":"ReadAction","target":["http:\/\/kupeliteolog.com\/index.php\/2023\/04\/22\/bebek-vaftizinin-kisa-bir-savunmasi\/"]}]},{"@type":"BreadcrumbList","@id":"http:\/\/kupeliteolog.com\/index.php\/2023\/04\/22\/bebek-vaftizinin-kisa-bir-savunmasi\/#breadcrumb","itemListElement":[{"@type":"ListItem","position":1,"name":"Anasayfa","item":"http:\/\/kupeliteolog.com\/"},{"@type":"ListItem","position":2,"name":"Bebek Vaftizinin K\u0131sa Bir Savunmas\u0131"}]},{"@type":"WebSite","@id":"http:\/\/kupeliteolog.com\/#website","url":"http:\/\/kupeliteolog.com\/","name":"K\u00fcpeli Teolog","description":"K\u00fcpeli Teolog Blog Web Sitesi","publisher":{"@id":"http:\/\/kupeliteolog.com\/#\/schema\/person\/943430f95319ff35f2fa565dee706102"},"potentialAction":[{"@type":"SearchAction","target":{"@type":"EntryPoint","urlTemplate":"http:\/\/kupeliteolog.com\/?s={search_term_string}"},"query-input":"required name=search_term_string"}],"inLanguage":"tr"},{"@type":["Person","Organization"],"@id":"http:\/\/kupeliteolog.com\/#\/schema\/person\/943430f95319ff35f2fa565dee706102","name":"Kupeli Teolog","image":{"@type":"ImageObject","inLanguage":"tr","@id":"http:\/\/kupeliteolog.com\/#\/schema\/person\/image\/","url":"http:\/\/kupeliteolog.com\/wp-content\/uploads\/2022\/12\/favicon-1.png","contentUrl":"http:\/\/kupeliteolog.com\/wp-content\/uploads\/2022\/12\/favicon-1.png","width":500,"height":500,"caption":"Kupeli Teolog"},"logo":{"@id":"http:\/\/kupeliteolog.com\/#\/schema\/person\/image\/"},"sameAs":["https:\/\/kupeliteolog.com\/","https:\/\/twitter.com\/https:\/\/twitter.com\/kupeliteolog"],"url":"https:\/\/kupeliteolog.com\/index.php\/author\/kupeli_teolog\/"}]}},"_links":{"self":[{"href":"https:\/\/kupeliteolog.com\/index.php\/wp-json\/wp\/v2\/posts\/1333","targetHints":{"allow":["GET"]}}],"collection":[{"href":"https:\/\/kupeliteolog.com\/index.php\/wp-json\/wp\/v2\/posts"}],"about":[{"href":"https:\/\/kupeliteolog.com\/index.php\/wp-json\/wp\/v2\/types\/post"}],"author":[{"embeddable":true,"href":"https:\/\/kupeliteolog.com\/index.php\/wp-json\/wp\/v2\/users\/2"}],"replies":[{"embeddable":true,"href":"https:\/\/kupeliteolog.com\/index.php\/wp-json\/wp\/v2\/comments?post=1333"}],"version-history":[{"count":5,"href":"https:\/\/kupeliteolog.com\/index.php\/wp-json\/wp\/v2\/posts\/1333\/revisions"}],"predecessor-version":[{"id":1339,"href":"https:\/\/kupeliteolog.com\/index.php\/wp-json\/wp\/v2\/posts\/1333\/revisions\/1339"}],"wp:featuredmedia":[{"embeddable":true,"href":"https:\/\/kupeliteolog.com\/index.php\/wp-json\/wp\/v2\/media\/1334"}],"wp:attachment":[{"href":"https:\/\/kupeliteolog.com\/index.php\/wp-json\/wp\/v2\/media?parent=1333"}],"wp:term":[{"taxonomy":"category","embeddable":true,"href":"https:\/\/kupeliteolog.com\/index.php\/wp-json\/wp\/v2\/categories?post=1333"},{"taxonomy":"post_tag","embeddable":true,"href":"https:\/\/kupeliteolog.com\/index.php\/wp-json\/wp\/v2\/tags?post=1333"}],"curies":[{"name":"wp","href":"https:\/\/api.w.org\/{rel}","templated":true}]}}