{"id":1582,"date":"2025-12-15T16:35:51","date_gmt":"2025-12-15T13:35:51","guid":{"rendered":"https:\/\/kupeliteolog.com\/?p=1582"},"modified":"2025-12-15T16:36:46","modified_gmt":"2025-12-15T13:36:46","slug":"tanrisal-anlasilamazlik-ve-skolastik-yontem-reform-ortodoksi","status":"publish","type":"post","link":"http:\/\/kupeliteolog.com\/index.php\/2025\/12\/15\/tanrisal-anlasilamazlik-ve-skolastik-yontem-reform-ortodoksi\/","title":{"rendered":"Tanr\u0131sal Anla\u015f\u0131lamazl\u0131k ve Skolastik Y\u00f6ntem"},"content":{"rendered":"<p><strong>Giri\u015f<\/strong><\/p>\n<p>Hristiyan teolojisi, anla\u015f\u0131lamazl\u0131kla hem ba\u015flar hem de sona erer\u2014bu kavram, bilgiyi b\u00fct\u00fcn\u00fcyle reddetmekten ziyade, onun epistemik s\u0131n\u0131r\u0131n\u0131 ifade eder. Anla\u015f\u0131lamazl\u0131k, ektipal teolojinin ufkunu belirler; yani, anla\u015f\u0131lamaz Tanr\u0131 taraf\u0131ndan yarat\u0131klara l\u00fctfedilen sonlu ve uyarlanm\u0131\u015f bilgiyi. Reformcu ortodoks ilahiyat\u00e7\u0131lar, klasik gelene\u011fe derin bir ba\u011fl\u0131l\u0131kla, merkezi paradoksu b\u00fcy\u00fck bir titizlikle kavrad\u0131lar: Tanr\u0131 hem anla\u015f\u0131lamaz hem de bilinebilir olabilir mi? O, yarat\u0131lm\u0131\u015f t\u00fcm kategorileri tamamen a\u015f\u0131yorsa, teoloji nas\u0131l h\u00e2l\u00e2 anlaml\u0131 kalabilir?<\/p>\n<p>Bu gerilim yaln\u0131zca Reform gelene\u011fine \u00f6zg\u00fc de\u011fildir; bilakis, Patristik ve Orta\u00e7a\u011f ilahiyat\u00e7\u0131lar\u0131\u2014\u00f6zellikle Augustinus ve Aquinas\u2014tanr\u0131sal anla\u015f\u0131lamazl\u0131\u011f\u0131 aksiomatik (a\u00e7\u0131k \u00f6nc\u00fcl) bir ilke olarak g\u00f6rm\u00fc\u015flerdir. Bu temelden, teolojik s\u00f6ylemin iki y\u00f6nelimi olan katafatik (olumlay\u0131c\u0131) ve apofatik (olumsuzlay\u0131c\u0131) yakla\u015f\u0131mlar ortaya \u00e7\u0131km\u0131\u015ft\u0131r; her ikisi de gizem unsurunu korurken septisizme ya da rasyonalizme yenik d\u00fc\u015fmemi\u015ftir. Ne var ki, 17. y\u00fczy\u0131l Reformcu skolasti\u011finde bu paradoks sistematik ve metodolojik bir derinlik kazanm\u0131\u015ft\u0131r.<\/p>\n<p>Francis Turretin, Petrus van Mastricht ve Johannes \u00e0 Marck gibi isimler, skolastik y\u00f6ntem ile teolojik ihtiyat\u0131n olgun Protestan sentezini temsil ederler. Bu d\u00fc\u015f\u00fcn\u00fcrler, skolastik ayr\u0131mlar\u0131 tanr\u0131sal gizemi \u00e7\u00f6zmek i\u00e7in de\u011fil, onu muhafaza etmek amac\u0131yla kullanm\u0131\u015flard\u0131r. Onlara g\u00f6re Tanr\u0131 doktrini spek\u00fclatif bir alan de\u011fil, epistemik tevazuyu \u00f6nceleyen disiplinli bir u\u011fra\u015ft\u0131. Mant\u0131k, metafizik ve tefsir, teolojik yap\u0131n\u0131n i\u00e7inde, Junius taraf\u0131ndan ilk kez form\u00fcle edilip Turretin taraf\u0131ndan geli\u015ftirilen arketipal\/ektipal ayr\u0131m\u0131na g\u00f6re i\u015flev g\u00f6r\u00fcyordu. Bu sayede Tanr\u0131, oldu\u011fu haliyle (in se) de\u011fil, kendisini bize (ad nos) \u00f6zg\u00fcrce a\u00e7\u0131\u011fa vurdu\u011fu bi\u00e7imiyle ikrar edilmekteydi.<a href=\"#_ftn1\" name=\"_ftnref1\">[1]<\/a><\/p>\n<p>Bu makale \u015fu ara\u015ft\u0131rma sorusunu ele almaktad\u0131r: Reformcu skolastikler, Tanr\u0131\u2019n\u0131n anla\u015f\u0131lamazl\u0131\u011f\u0131n\u0131 koruma alt\u0131na al\u0131rken ayn\u0131 zamanda O\u2019nun hakk\u0131nda ger\u00e7ek bilgi edinme imk\u00e2n\u0131n\u0131 da teyit edebilmek amac\u0131yla skolastik y\u00f6ntemi hangi bi\u00e7imde bir ara\u00e7 olarak kulland\u0131lar?<\/p>\n<p>Bu makale, Turretin, van Mastricht ve \u00e0 Marck\u2019\u0131n t\u00fcm teolojik ak\u0131l y\u00fcr\u00fctmeyi arketipal\/ektipal ayr\u0131m\u0131na dayand\u0131rmak suretiyle Tanr\u0131\u2019n\u0131n anla\u015f\u0131lamazl\u0131\u011f\u0131 ilkesinin b\u00fct\u00fcnl\u00fc\u011f\u00fcn\u00fc koruduklar\u0131 tezini ileri s\u00fcrmektedir. Basitlik ve de\u011fi\u015fmezlik \u00f6\u011fretilerine ili\u015fkin yakla\u015f\u0131mlar\u0131 arac\u0131l\u0131\u011f\u0131yla, skolastik y\u00f6ntemin gizemleri \u00e7\u00f6zmekten ziyade, onlar\u0131 daha y\u00fcksek bir kavramsal titizlikle s\u0131n\u0131rland\u0131rd\u0131\u011f\u0131n\u0131 ve \u00e7er\u00e7eveledi\u011fini ortaya koymaktad\u0131rlar.<\/p>\n<p>Makale d\u00f6rt b\u00f6l\u00fcmden olu\u015fmaktad\u0131r. \u0130lk olarak, Reform teolojisinin epistemik \u00e7er\u00e7evesini arketipal\/ektipal ayr\u0131m\u0131 ve analojik dil arac\u0131l\u0131\u011f\u0131yla ortaya koyar. \u0130kinci olarak, basitlik doktrinini, Tanr\u0131\u2019n\u0131n bile\u015fenlerden m\u00fcnezzeh varl\u0131\u011f\u0131n\u0131n insan bilgisi s\u0131n\u0131rlar\u0131 i\u00e7inde olumlanmas\u0131 olarak inceler. \u00dc\u00e7\u00fcnc\u00fc olarak, de\u011fi\u015fmezlik doktrinini, Tanr\u0131\u2019n\u0131n de\u011fi\u015fmezli\u011finin zamansal etkilerle ili\u015fkili olarak nas\u0131l ifade edildi\u011fini ara\u015ft\u0131r\u0131r. Son olarak, bir sentez sunar: skolastik y\u00f6ntemi \u2018yap\u0131land\u0131r\u0131lm\u0131\u015f sayg\u0131\u2019 (structured reverence) olarak de\u011ferlendirir. Skolastik ayr\u0131mlar\u0131n s\u0131n\u0131r-belirleyici olarak nas\u0131l i\u015flev g\u00f6rd\u00fc\u011f\u00fcn\u00fc izleyerek, bu \u00e7al\u0131\u015fma teolojik yeniden ke\u015fif s\u00fcrecine katk\u0131da bulunur ve skolastisizmin do\u011fas\u0131 gere\u011fi rasyonalist oldu\u011fu y\u00f6n\u00fcndeki varsay\u0131ma meydan okur.<a href=\"#_ftn2\" name=\"_ftnref2\">[2]<\/a><\/p>\n<p><strong>B\u00f6l\u00fcm 1: Epistemoloji ve Tanr\u0131sal Anla\u015f\u0131lamazl\u0131k: Arketipal ve Ektipal Teoloji<\/strong><\/p>\n<p>Reformcu skolastik teoloji, Tanr\u0131\u2019n\u0131n anla\u015f\u0131lamazl\u0131\u011f\u0131na dair ikrarla ba\u015flar\u2014yani Tanr\u0131 ger\u00e7ekten bilinebilir, fakat asla b\u00fct\u00fcn\u00fcyle kavranamaz. Bu paradoks, t\u00fcm teolojik bilginin \u00e7er\u00e7evesini tan\u0131mlar: Tanr\u0131 bilgisi ger\u00e7ektir \u00e7\u00fcnk\u00fc vahyedilmi\u015ftir; ancak s\u0131n\u0131rl\u0131d\u0131r \u00e7\u00fcnk\u00fc yarat\u0131lm\u0131\u015ft\u0131r. Bu \u00e7er\u00e7evede Reformcu skolastikler, arketipal ve ektipal teoloji ayr\u0131m\u0131n\u0131, al\u00e7akg\u00f6n\u00fcll\u00fcl\u00fckle d\u00fczenlenmi\u015f bir bilme dilbilgisi olarak form\u00fcle etmi\u015flerdir. Bu ayr\u0131m\u0131n ilk ad\u0131m\u0131 spek\u00fclasyon de\u011fil teslimiyettir; yani teolojinin, Tanr\u0131\u2019y\u0131 oldu\u011fu haliyle (in se) de\u011fil, kendisini a\u00e7\u0131klad\u0131\u011f\u0131 bi\u00e7imiyle ele ald\u0131\u011f\u0131 kabul\u00fcd\u00fcr. Hristiyan teolojisinin merkez\u00ee paradoksu \u015fudur: Tanr\u0131 ger\u00e7ekten bilinebilir, ama asla ku\u015fat\u0131c\u0131 bi\u00e7imde de\u011fil. Van Mastricht i\u00e7in Tanr\u0131 bilgisine dair gizem bir eksiklik de\u011fil, hakiki teolojinin alametidir: T\u00fcm insan bilgisi ektipaldir; Tanr\u0131\u2019n\u0131n vahyinden t\u00fcretilmi\u015ftir ve hi\u00e7bir zaman arketipal de\u011fildir.<a href=\"#_ftn3\" name=\"_ftnref3\">[3]<\/a><\/p>\n<p><strong>Arketipal ve Ektipal Teolojinin Temelleri<\/strong><\/p>\n<p>Theologia archetypa ile theologia ectypa aras\u0131ndaki bi\u00e7imsel ayr\u0131m, ilk kez Franciscus Junius taraf\u0131ndan <em>Ger\u00e7ek Teoloji \u00dczerine Bir \u0130nceleme<\/em> (<em>A Treatise on True Theology<\/em>, 1594) adl\u0131 eserinde a\u00e7\u0131k bir bi\u00e7imde form\u00fcle edilmi\u015f ve sistematik hale getirilmi\u015ftir. Junius, arketipal teolojiyi Tanr\u0131\u2019n\u0131n kendine dair bilgisi; ektipal teolojiyi ise, yarat\u0131klara bah\u015fedilen bu bilgiye sonlu kat\u0131l\u0131m olarak tan\u0131mlar.<a href=\"#_ftn4\" name=\"_ftnref4\">[4]<\/a> Arketipal teoloji, Tanr\u0131\u2019n\u0131n kendi hakk\u0131ndaki bilgisidir\u2014basit, dolays\u0131z ve sonsuzdur. Ektipal teoloji ise vahiy arac\u0131l\u0131\u011f\u0131yla iletilen ve sonlu varl\u0131klar\u0131n idrakine uygun \u015fekilde uyarlanm\u0131\u015f bilgidir.<\/p>\n<p>Junius, bu ayr\u0131m\u0131n Hristiyan epistemolojisi i\u00e7in temel te\u015fkil etti\u011finde \u0131srar eder. Teoloji \u201cTanr\u0131\u2019dan, Tanr\u0131 arac\u0131l\u0131\u011f\u0131yla ve Tanr\u0131\u2019ya do\u011fru\u201d bir ger\u00e7eklik olarak var olur;<a href=\"#_ftn5\" name=\"_ftnref5\">[5]<\/a> bu da herhangi bir antropomerkezci y\u00f6ntemi pe\u015finen d\u0131\u015flar. Onun amac\u0131 teolojinin otoritesini zay\u0131flatmak de\u011fil, onu temellendirmektir\u2014teolojiyi, vahye dayal\u0131 ve anla\u015f\u0131lamazl\u0131k ilkesiyle d\u00fczenlenmi\u015f bir <em>scientia<\/em> (bilimsel bilgi) olarak hem do\u011frulu\u011fu hem de s\u0131n\u0131rl\u0131l\u0131\u011f\u0131 i\u00e7inde teyit etmektir.<\/p>\n<p>Turretin, <em>Institutio Theologiae Elencticae<\/em>\u2019nin giri\u015finde Junius\u2019un arketipal\u2013ektipal ayr\u0131m\u0131n\u0131 ele al\u0131r ve geli\u015ftirir; bu ayr\u0131m\u0131 prolegomenas\u0131n\u0131n yap\u0131sal anahtar\u0131 h\u00e2line getirir. Tanr\u0131\u2019n\u0131n m\u00fckemmel \u00f6z bilgisi olan arketipal teoloji ile, ilah\u00ee vahiy arac\u0131l\u0131\u011f\u0131yla yarat\u0131klara iletilen t\u00fcrev bilgi anlam\u0131ndaki ektipal teoloji aras\u0131nda a\u00e7\u0131k bir ayr\u0131m yapar. Bu \u00e7er\u00e7evede teoloji, ger\u00e7ekten vard\u0131r ama analojik bir bi\u00e7imde; kavray\u0131\u015f olmaks\u0131z\u0131n ger\u00e7ek bir kat\u0131l\u0131m s\u00f6z konusudur.<a href=\"#_ftn6\" name=\"_ftnref6\">[6]<\/a> Bu ayr\u0131m sayesinde Turretin, ilahiyat\u0131n bilimsel niteli\u011fini teyit ederken hem Tanr\u0131\u2019n\u0131n a\u015fk\u0131nl\u0131\u011f\u0131n\u0131 muhafaza eder hem de akl\u0131n rol\u00fcn\u00fc s\u0131n\u0131rlar.<\/p>\n<p>Turretin, arketipal\u2013ektipal ayr\u0131m\u0131n\u0131 Tanr\u0131\u2019n\u0131n anla\u015f\u0131lamazl\u0131\u011f\u0131 doktrinine kadar geni\u015fletir. Tanr\u0131\u2019n\u0131n ger\u00e7ekten bilinebilece\u011fini, fakat asla b\u00fct\u00fcn\u00fcyle kavranamayaca\u011f\u0131n\u0131 savunur; bizim bilgimiz ger\u00e7ektir, ancak daima sonludur ve Tanr\u0131 \u00f6z\u00fcne oldu\u011fu h\u00e2liyle de\u011fil, vahye kar\u015f\u0131l\u0131k gelir.<a href=\"#_ftn7\" name=\"_ftnref7\">[7]<\/a> Bu noktada skolastik y\u00f6ntem bir sayg\u0131 arac\u0131 h\u00e2line gelir: ayr\u0131mlar gizemi ortadan kald\u0131rmak i\u00e7in de\u011fil, s\u0131n\u0131rlar\u0131n\u0131 \u00e7izmek i\u00e7in kullan\u0131l\u0131r. Vahiy, eksiksiz bir a\u00e7\u0131klama de\u011fil, sad\u0131k bir uyarlamad\u0131r; bir plan de\u011fil, bir penceredir. Bu nedenle arketipal\u2013ektipal ayr\u0131m\u0131 t\u00fcm teolojinin epistemik s\u0131n\u0131r\u0131n\u0131 belirler: kavray\u0131\u015fs\u0131z ger\u00e7ek kat\u0131l\u0131m.<\/p>\n<p><strong>Tanr\u0131sal Anla\u015f\u0131lamazl\u0131k ve Bilginin S\u0131n\u0131rlar\u0131<\/strong><\/p>\n<p>Kutsal Kitap, tanr\u0131sal gizemi epistemik bir s\u0131n\u0131r olarak teyit eder. Yasa\u2019n\u0131n Tekrar\u0131 29:29 \u015f\u00f6yle der: \u201cGizlilik Tanr\u0131m\u0131z RAB&#8217;be \u00f6zg\u00fcd\u00fcr. Ama bu yasan\u0131n b\u00fct\u00fcn s\u00f6zlerine uymam\u0131z i\u00e7in a\u00e7\u0131\u011fa \u00e7\u0131kar\u0131lanlar sonsuza dek bize ve \u00e7ocuklar\u0131m\u0131za aittir\u201d; Romal\u0131lar 11:33 ise \u015f\u00f6yle hayk\u0131r\u0131r: \u201cO&#8217;nun yarg\u0131lar\u0131 ne denli ak\u0131l ermez, yollar\u0131 ne denli anla\u015f\u0131lmazd\u0131r!\u201d Hem Turretin hem de van Mastricht, teolojiyi bu vahyedilmi\u015f s\u0131n\u0131r\u0131n i\u00e7ine yerle\u015ftirir. Van Mastricht bu metinlere do\u011frudan at\u0131fta bulunarak gizemi bir karanl\u0131k de\u011fil, bir ayd\u0131nl\u0131k olarak tasvir eder\u2014hem a\u00e7\u0131klayan hem de gizleyen bir ayd\u0131nlanma. Ona g\u00f6re, anla\u015f\u0131lamazl\u0131k bilgiye kar\u015f\u0131t de\u011fil, onun do\u011fru bi\u00e7imini tan\u0131mlayan bir ilkedir: Tanr\u0131\u2019y\u0131 \u00f6z\u00fc uyar\u0131nca de\u011fil, vahiy uyar\u0131nca biliriz.<a href=\"#_ftn8\" name=\"_ftnref8\">[8]<\/a><\/p>\n<p>Turretin de ayn\u0131 sonuca ula\u015f\u0131r ve teolojinin yaln\u0131zca Tanr\u0131\u2019n\u0131n kendisini a\u00e7\u0131klad\u0131\u011f\u0131 \u00f6l\u00e7\u00fcde ilerleyebilece\u011finde \u0131srar eder. Ona g\u00f6re, anla\u015f\u0131lamazl\u0131k teolojik ak\u0131l y\u00fcr\u00fctmenin me\u015fru s\u0131n\u0131rlar\u0131n\u0131 belirler.<a href=\"#_ftn9\" name=\"_ftnref9\">[9]<\/a> Muller\u2019\u0131n da belirtti\u011fi gibi, tanr\u0131sal anla\u015f\u0131lamazl\u0131k bilgiye bir red de\u011fil, sonlu akl\u0131n sonsuzu ku\u015fatamayaca\u011f\u0131n\u0131n kabul\u00fcd\u00fcr. Bu s\u0131n\u0131r, bizzat hakiki teolojik bilmenin bir bi\u00e7imidir; burada kavrama (comprehensio) yerine idrak (apprehensio) ge\u00e7erlidir. Skolastik ayr\u0131mlar, bu s\u0131n\u0131r\u0131 d\u00fczenlemek i\u00e7in hizmet eder; spek\u00fclatif a\u015f\u0131r\u0131l\u0131\u011f\u0131 dizginler ve Yarat\u0131c\u0131\u2013yarat\u0131k ayr\u0131m\u0131n\u0131 muhafaza eder.<a href=\"#_ftn10\" name=\"_ftnref10\">[10]<\/a><\/p>\n<p><strong>Anla\u015f\u0131lamazl\u0131\u011f\u0131n Dili: Apofatik ve Katafatik Gelenekler<\/strong><\/p>\n<p>Tanr\u0131 hakk\u0131nda teolojik dili disipline eden \u00fc\u00e7 klasik y\u00fcklem bi\u00e7imi vard\u0131r: <em>via causalitatis<\/em> (neden yoluyla), <em>via eminentiae<\/em> (y\u00fccelik yoluyla) ve <em>via negationis<\/em> (olumsuzlama yoluyla). Neden yoluyla, insan akl\u0131 yarat\u0131lm\u0131\u015f etkilerden ilk nedene do\u011fru ilerler ve iyilik, varl\u0131k ve hakikate dair her iz\u2019in Tanr\u0131\u2019dan kaynakland\u0131\u011f\u0131n\u0131 kabul eder. Y\u00fccelik yoluyla, bu yetkinliklerin Tanr\u0131\u2019da yaln\u0131zca derecesel olarak de\u011fil, sonsuz bir dolulukla bulundu\u011fu itiraf edilir. Olumsuzlama yoluyla ise, Tanr\u0131 varl\u0131\u011f\u0131ndan t\u00fcm yarat\u0131lm\u0131\u015f s\u0131n\u0131rl\u0131l\u0131k ve eksiklikler uzakla\u015ft\u0131r\u0131l\u0131r. Bu \u00fc\u00e7 yol birlikte, anla\u015f\u0131lamazl\u0131\u011f\u0131n dilsel ara\u00e7lar\u0131 olarak i\u015flev g\u00f6r\u00fcr\u2014Tanr\u0131 hakk\u0131nda ger\u00e7ek ama s\u0131n\u0131rl\u0131 bir konu\u015fmay\u0131 m\u00fcmk\u00fcn k\u0131lar ve olumlamalar\u0131m\u0131z\u0131n Yarat\u0131c\u0131 ile yarat\u0131k aras\u0131ndaki sonsuz ayr\u0131m\u0131 asla ortadan kald\u0131rmamas\u0131n\u0131 temin eder.<\/p>\n<p>Turretin, van Mastricht ve \u00e0 Marck gibi Reformcu skolastikler, bu \u00e7er\u00e7eveyi disiplinli bir teolojik ihtiyatla uyarlad\u0131lar. Analojik y\u00fcklemeyi ve klasik kategorileri kabul etmekle birlikte, t\u00fcm felsef\u00ee ak\u0131l y\u00fcr\u00fctmeleri Kutsal Yaz\u0131\u2019n\u0131n otoritesine t\u00e2bi k\u0131ld\u0131lar.<a href=\"#_ftn11\" name=\"_ftnref11\">[11]<\/a> Turretin\u2019e g\u00f6re bu ayr\u0131mlar, yaln\u0131zca ilah\u00ee vahyi ayd\u0131nlatt\u0131\u011f\u0131 \u00f6l\u00e7\u00fcde teolojiye hizmet ederdi;<a href=\"#_ftn12\" name=\"_ftnref12\">[12]<\/a> van Mastricht, teolojinin ba\u015flang\u0131\u00e7 ve biti\u015f noktas\u0131n\u0131n metafizik de\u011fil Kutsal Yaz\u0131 oldu\u011funu \u0131srarla vurgulad\u0131;<a href=\"#_ftn13\" name=\"_ftnref13\">[13]<\/a> \u00e0 Marck ise <em>viae<\/em> y\u00f6ntemlerini spek\u00fclatif ilkeler olarak de\u011fil, \u00f6\u011fretici ara\u00e7lar olarak kulland\u0131.<a href=\"#_ftn14\" name=\"_ftnref14\">[14]<\/a> \u00dc\u00e7\u00fc de Yarat\u0131c\u0131\u2013yarat\u0131k ayr\u0131m\u0131n\u0131 ortadan kald\u0131racak olan tek-anlaml\u0131 (univocal) y\u00fckleme bi\u00e7imini ve teolojiyi anlams\u0131z k\u0131lacak olan \u00e7ok-anlaml\u0131 (equivocal) dili reddettiler. Bunun yerine analojiyi benimsediler: Tanr\u0131\u2019ya nispet edilen isimler, Tanr\u0131 \u00f6z\u00fcne de\u011fil, vahye dayal\u0131 ger\u00e7ek bir benzerli\u011fi ifade eder.<a href=\"#_ftn15\" name=\"_ftnref15\">[15]<\/a><\/p>\n<p>Bu \u00e7er\u00e7evede, arketipal\/ektipal ayr\u0131m\u0131 teolojinin epistemik s\u0131n\u0131r\u0131 i\u015flevi g\u00f6rerek Tanr\u0131 hakk\u0131nda yap\u0131lan konu\u015fman\u0131n, O\u2019nun <em>ad nos<\/em> (bize y\u00f6nelik) olarak a\u00e7\u0131klad\u0131klar\u0131yla s\u0131n\u0131rl\u0131 kalmas\u0131n\u0131 ve <em>in se<\/em> (kendinde oldu\u011fu h\u00e2liyle) bilgi iddias\u0131nda bulunulmamas\u0131n\u0131 sa\u011flam\u0131\u015ft\u0131r. Bu analojik dilbilgisi, gizemi cehalet olarak de\u011fil, sayg\u0131l\u0131 bir al\u00e7akg\u00f6n\u00fcll\u00fcl\u00fck olarak muhafaza etmi\u015ftir\u2014yani Tanr\u0131\u2019n\u0131n kendini a\u00e7\u0131\u011fa vurmas\u0131n\u0131n hakikat i\u00e7erdi\u011fini, fakat asla t\u00fckenmez olmad\u0131\u011f\u0131n\u0131 kabul eden bir yakla\u015f\u0131m. Art\u0131k anla\u015f\u0131lamazl\u0131k, arketipal ve ektipal teoloji ile analojik dilin terimleri tan\u0131mland\u0131\u011f\u0131na g\u00f6re, tart\u0131\u015fma Reformcu skolastik gelenek i\u00e7erisindeki tarihsel geli\u015fimlerine odaklanabilir.<\/p>\n<p><strong>B\u00f6l\u00fcm II: Skolastik Y\u00f6ntem ve Tanr\u0131sal Anla\u015f\u0131lamazl\u0131\u011f\u0131n Muhafazas\u0131<\/strong><\/p>\n<p>Reformcu skolastik teoloji \u00e7o\u011fu zaman spek\u00fclatif bir sistem olarak yanl\u0131\u015f okunur\u2014ilahi ger\u00e7ekli\u011fi metafizik bir iskele arac\u0131l\u0131\u011f\u0131yla haritaland\u0131rma \u00e7abas\u0131 gibi g\u00f6r\u00fcl\u00fcr. Ancak bu yanl\u0131\u015f okuma, onun temel amac\u0131n\u0131 g\u00f6z ard\u0131 eder: Tanr\u0131\u2019n\u0131n anla\u015f\u0131lamazl\u0131\u011f\u0131n\u0131, teolojik dili disipline ederek muhafaza etmek. Skolastik y\u00f6ntem, Tanr\u0131\u2019n\u0131n anla\u015f\u0131lamazl\u0131\u011f\u0131n\u0131 \u00e7\u00f6zmek i\u00e7in de\u011fil, yap\u0131land\u0131r\u0131lm\u0131\u015f ayr\u0131mlar, k\u0131yas yoluyla ak\u0131l y\u00fcr\u00fctmeler ve akl\u0131n kapsam\u0131n\u0131 bilin\u00e7li olarak s\u0131n\u0131rlayan bir yakla\u015f\u0131mla onu korumak \u00fczere tasarlanm\u0131\u015ft\u0131r. Bu gelenekte y\u00f6ntem, spek\u00fclatif bir ara\u00e7 de\u011fil, teolojik bir s\u0131n\u0131r i\u015flevi g\u00f6r\u00fcr\u2014dilin s\u0131n\u0131rlar\u0131n\u0131 i\u015faretler ve anla\u015f\u0131lamazl\u0131\u011f\u0131n ba\u015flad\u0131\u011f\u0131 noktay\u0131 belirler.<\/p>\n<p><strong>Skolastik Ayr\u0131mlar ve Anla\u015f\u0131lamazl\u0131k<\/strong><\/p>\n<p>Muller\u2019\u0131n a\u00e7\u0131klad\u0131\u011f\u0131 \u00fczere, skolastik y\u00f6ntemde ayr\u0131mlar\u0131n kullan\u0131m\u0131 y\u00f6ntemlerinin \u00f6z\u00fcn\u00fc olu\u015fturur\u2014ilahi \u00f6z\u00fc b\u00f6lmek i\u00e7in de\u011fil, teolojik dilin mant\u0131\u011f\u0131n\u0131 a\u00e7\u0131kl\u0131\u011fa kavu\u015fturmak i\u00e7in. Bu t\u00fcr ayr\u0131mlar, Tanr\u0131\u2019n\u0131n b\u00f6l\u00fcnemez sadeli\u011fi i\u00e7inde ili\u015fkileri ve yetkinlikleri ifade eden kavramsal ara\u00e7lar olarak i\u015flev g\u00f6r\u00fcr; bile\u015fim veya ayr\u0131labilirlik ima etmeden.<a href=\"#_ftn16\" name=\"_ftnref16\">[16]<\/a> Reformcu ilahiyat\u00e7\u0131lar genellikle \u00fc\u00e7 t\u00fcr ayr\u0131m kullan\u0131r:<\/p>\n<ul>\n<li><strong>Temel ayr\u0131m (<em>distinctio realis<\/em>)<\/strong>: Ger\u00e7ekten ayr\u0131 varl\u0131klar aras\u0131ndaki fark, \u00f6rne\u011fin ilahi ki\u015filiklerde oldu\u011fu gibi.<\/li>\n<li><strong>Bi\u00e7imsel ayr\u0131m (<em>distinctio formalis<\/em>)<\/strong>: Tek bir varl\u0131k i\u00e7inde, zihinsel olarak ay\u0131rt edilebilen fakat ontolojik olarak ayr\u0131lmayan y\u00f6nler (\u00f6rne\u011fin Tanr\u0131\u2019daki adalet ve merhamet).<\/li>\n<li><strong>D\u00fc\u015f\u00fcnsel ayr\u0131m (<em>distinctio rationalis<\/em>)<\/strong>: Tanr\u0131\u2019da ger\u00e7ek bir kar\u015f\u0131l\u0131\u011f\u0131 olmayan, yaln\u0131zca zihinsel olarak kurgulanm\u0131\u015f ayr\u0131mlar (\u00f6rne\u011fin yaratmak ve y\u00f6netmek gibi, ayn\u0131 eylemin kavramsal kipleri).<\/li>\n<\/ul>\n<p>Turretin, geleneksel skolastik ayr\u0131m kategorilerini kabul eder ancak Tanr\u0131\u2019n\u0131n sadeli\u011fini korumak amac\u0131yla bi\u00e7imsel ve d\u00fc\u015f\u00fcnsel ayr\u0131mlar\u0131 sentezler. Tanr\u0131\u2019da ger\u00e7ek bir ayr\u0131m\u0131n bulunmad\u0131\u011f\u0131nda \u0131srar eder\u2014aksi takdirde \u00f6z b\u00f6l\u00fcnm\u00fc\u015f olur\u2014ancak tek Tanr\u0131 hakk\u0131nda makul ve anla\u015f\u0131l\u0131r bir konu\u015fmay\u0131 s\u00fcrd\u00fcrebilmek i\u00e7in s\u0131fatlar ve ili\u015fkiler aras\u0131nda kavramsal ayr\u0131mlara izin verir.<a href=\"#_ftn17\" name=\"_ftnref17\">[17]<\/a> \u0130lahi sadelik tart\u0131\u015fmas\u0131nda Turretin, Tanr\u0131\u2019n\u0131n s\u0131fatlar\u0131n\u0131n ilahi \u00f6zle ger\u00e7ekten \u00f6zde\u015f oldu\u011funu, ancak akl\u0131n i\u015fleyi\u015fine g\u00f6re (secundum rationem ratiocinantis) kavramsal olarak ayr\u0131ld\u0131\u011f\u0131n\u0131 belirtir. Ona g\u00f6re bu kavramsal ayr\u0131m, Tanr\u0131\u2019da bile\u015fim ima etmeksizin ilahi yetkinliklerin teolojik olarak ifade edilmesini m\u00fcmk\u00fcn k\u0131lar.<a href=\"#_ftn18\" name=\"_ftnref18\">[18]<\/a><\/p>\n<p>Van Mastricht de benzer bir ihtiyat sergiler ve ilahi s\u0131fatlar\u0131n yaln\u0131zca \u201cbizim kavrama tarz\u0131m\u0131za g\u00f6re\u201d farkl\u0131la\u015ft\u0131\u011f\u0131n\u0131, ancak Tanr\u0131\u2019n\u0131n kendisinde b\u00fct\u00fcn\u00fcyle bir ve b\u00f6l\u00fcnmez olduklar\u0131n\u0131 a\u00e7\u0131klar.<a href=\"#_ftn19\" name=\"_ftnref19\">[19]<\/a> Van Mastricht\u2019e g\u00f6re teolojik ayr\u0131mlar, ilahi \u00f6z\u00fc b\u00f6lmek i\u00e7in de\u011fil, zihni e\u011fitmek ve kalbi sayg\u0131l\u0131 ibadete y\u00f6nlendirmek i\u00e7in kullan\u0131l\u0131r. Bu kavramsal ara\u00e7lar, bir yandan tek Tanr\u0131\u2019n\u0131n sadeli\u011fini ve birli\u011fini a\u00e7\u0131kl\u0131\u011fa kavu\u015ftururken, di\u011fer yandan \u00f6\u011fretici ve ruhsal bir amaca hizmet eder.<a href=\"#_ftn20\" name=\"_ftnref20\">[20]<\/a> \u00c0 Marck da ilahi s\u0131fatlar aras\u0131ndaki ayr\u0131mlar\u0131 Tanr\u0131\u2019n\u0131n i\u00e7inde ger\u00e7ek ayr\u0131l\u0131klar olarak de\u011fil, teolojik \u00f6\u011fretimi d\u00fczenlemeye y\u00f6nelik pedagojik ara\u00e7lar olarak sunar. Tanr\u0131\u2019n\u0131n \u00f6zsel birli\u011fini teyit eder ve \u00f6z ile s\u0131fatlar aras\u0131nda herhangi bir bile\u015fim ya da ger\u00e7ek ayr\u0131m bulundu\u011funu a\u00e7\u0131k\u00e7a reddeder.<a href=\"#_ftn21\" name=\"_ftnref21\">[21]<\/a><\/p>\n<p>Bu ayr\u0131mlar spek\u00fclatif birer al\u0131\u015ft\u0131rma de\u011fildi. Aksine ya Tanr\u0131\u2019n\u0131n \u00f6z\u00fcn\u00fc b\u00f6lme ya da onu yarat\u0131lm\u0131\u015f kategorilere indirgeme gibi metafizik hatalardan ka\u00e7\u0131nmak amac\u0131yla dikkatle kullan\u0131l\u0131yorlard\u0131. Skolastik ayr\u0131mlar, do\u011fru ve analojik y\u00fcklemenin ger\u00e7ekle\u015febilece\u011fi s\u0131n\u0131rlar olarak i\u015flev g\u00f6r\u00fcyordu. B\u00f6ylece, anla\u015f\u0131lamazl\u0131k ortadan kald\u0131r\u0131lm\u0131yor; aksine, disipline edilmi\u015f bir dilbilgisi arac\u0131l\u0131\u011f\u0131yla korunuyordu.<\/p>\n<p><strong>Anla\u015f\u0131lamazl\u0131k Taraf\u0131ndan S\u0131n\u0131rland\u0131r\u0131lan Ara\u00e7lar Olarak Mant\u0131k ve Dil<\/strong><\/p>\n<p>Reformcu skolastik teoloji, akl\u0131 yap\u0131land\u0131r\u0131lm\u0131\u015f y\u00f6ntemlerle\u2014\u00f6zellikle k\u0131yas ve m\u00fcnazara yoluyla\u2014disipline ederdi; amac\u0131, ilahi hakikati zapt etmek de\u011fil, onu vahiy s\u0131n\u0131rlar\u0131 i\u00e7inde a\u00e7\u0131kl\u0131\u011fa kavu\u015fturmakt\u0131. K\u0131yas, \u00e7\u0131kar\u0131msal sonu\u00e7lar \u00fcretirken; m\u00fcnazara, teolojik bir soruyu ortaya koyar, itirazlar\u0131 de\u011ferlendirir ve Kutsal Yaz\u0131lar \u0131\u015f\u0131\u011f\u0131nda \u00e7\u00f6z\u00fcme kavu\u015fturur. Turretin\u2019in <em>Institutio<\/em>\u2019su bu modeli tam anlam\u0131yla takip eder; ancak o, mant\u0131ksal a\u00e7\u0131kl\u0131\u011f\u0131n gizemi ortadan kald\u0131rmad\u0131\u011f\u0131n\u0131 da \u00f6zellikle vurgular. Tanr\u0131\u2019n\u0131n s\u0131fatlar\u0131 \u00f6z itibar\u0131yla \u00f6zde\u015f olsa da kip bak\u0131m\u0131ndan ayr\u0131\u015f\u0131k \u015fekilde kavranabilir\u2014bu da Tanr\u0131\u2019n\u0131n sadeli\u011fini korurken insan\u0131n s\u0131n\u0131rl\u0131l\u0131\u011f\u0131n\u0131 kabul eden epistemik bir uyarlamad\u0131r. Van Mastricht, skolastik ara\u00e7lar\u0131 pastoral bir ama\u00e7la uygular; akl\u0131, vahyedilmi\u015f hakikatleri ifade etmek i\u00e7in kullan\u0131r ama onlar\u0131 insan kavray\u0131\u015f\u0131na indirgemez. Ona g\u00f6re mant\u0131k, spek\u00fclasyon i\u00e7in de\u011fil, bi\u00e7imlenme i\u00e7indir. Johannes \u00e0 Marck ise didaktik\u2013elenktik bir yap\u0131 benimser; m\u00fcnazaray\u0131 her meseleyi \u00e7\u00f6zmek i\u00e7in de\u011fil, zihni do\u011fru itirafa y\u00f6neltmek i\u00e7in bir e\u011fitim arac\u0131 olarak kullan\u0131r.<a href=\"#_ftn22\" name=\"_ftnref22\">[22]<\/a><\/p>\n<p>Bu \u00fc\u00e7 isim de Reformcu gelene\u011fin \u00f6\u011fretici ve hizmetk\u00e2r ak\u0131l ayr\u0131m\u0131n\u0131 \u00f6rneklendirir. Ak\u0131l, vahyedileni d\u00fczenleyip a\u00e7\u0131kl\u0131\u011fa kavu\u015fturabilir; ancak teolojik i\u00e7erik \u00fcretemez ve onu yarg\u0131layamaz. Muller\u2019\u0131n da belirtti\u011fi \u00fczere, bu gelenekte mant\u0131k, vahyin s\u0131n\u0131rlar\u0131 i\u00e7inde i\u015flev g\u00f6r\u00fcr; onlar\u0131 a\u015famaz.<a href=\"#_ftn23\" name=\"_ftnref23\">[23]<\/a> Anla\u015f\u0131lamazl\u0131k, bilgide bir bo\u015fluk de\u011fil, akl\u0131n uygun s\u0131n\u0131r\u0131d\u0131r\u2014t\u00fckenmeyen, fakat a\u00e7\u0131klanan hakikat. Ge\u00e7 d\u00f6nem skolastik rasyonalizminin ve modern minimalizmin aksine, Reformcu skolastisizm, Tanr\u0131\u2019n\u0131n anla\u015f\u0131lamazl\u0131\u011f\u0131n\u0131 korumak i\u00e7in mant\u0131\u011f\u0131 disipline eder; teolojiyi yap\u0131land\u0131r\u0131lm\u0131\u015f bir h\u00fcrmet eylemi olarak \u015fekillendirir.<\/p>\n<p><strong>Calvin\u2019in \u0130lkesi: \u201cKutsal Yaz\u0131\u2019n\u0131n Sustu\u011fu Yerde Biz de \u00d6\u011frenmeyi Durdurmal\u0131y\u0131z\u201d<\/strong><\/p>\n<p>Reformcu skolastik y\u00f6ntemin skolastik \u00f6ncesi temeli, Calvin\u2019in epistemolojik ilkesinde bulunur: \u201cRab kutsal a\u011fz\u0131n\u0131 kapat\u0131r kapatmaz, daha fazlas\u0131n\u0131 bilme arzumdan vazge\u00e7erim.\u201d<a href=\"#_ftn24\" name=\"_ftnref24\">[24]<\/a> <em>Hristiyan Dininin Temelleri<\/em> I.13.21\u2019de yer alan bu ifade, daha sonraki skolastik y\u00f6ntemde g\u00f6r\u00fclen teolojik ihtiyat vurgusunun zeminini olu\u015fturur. Calvin, Tanr\u0131\u2019n\u0131n kendisini ger\u00e7ekten a\u00e7\u0131klad\u0131\u011f\u0131n\u0131 ancak \u00f6z itibar\u0131yla anla\u015f\u0131lamaz kald\u0131\u011f\u0131n\u0131 \u0131srarla savunur: \u201cTanr\u0131 bizimle konu\u015furken bir anlamda kekeler&#8230; [ve] kendisine dair bilgiyi bizim yetersiz idrakimize uyarlar.\u201d<a href=\"#_ftn25\" name=\"_ftnref25\">[25]<\/a><\/p>\n<p>Calvin\u2019in ruhsal bir duru\u015f olarak adland\u0131rd\u0131\u011f\u0131 \u015feyi, Turretin, van Mastricht ve \u00e0 Marck teolojik bir y\u00f6nteme d\u00f6n\u00fc\u015ft\u00fcr\u00fcr. Calvin\u2019in ihtiyat\u0131n\u0131, arketipal\/ektipal \u00e7er\u00e7eveyle d\u00fczenlenen ve Kutsal Yaz\u0131 taraf\u0131ndan denetlenen yap\u0131land\u0131r\u0131lm\u0131\u015f ayr\u0131mlar bi\u00e7iminde disiplinli bir modele ta\u015f\u0131rlar. Bi\u00e7imsel olarak farkl\u0131l\u0131klar g\u00f6sterseler de, hepsi Calvin\u2019in \u015fu kanaatini payla\u015f\u0131r: Anla\u015f\u0131lamazl\u0131k, teolojinin sona erdi\u011fi yer de\u011fil, onun do\u011fru ba\u011flam\u0131d\u0131r.<a href=\"#_ftn26\" name=\"_ftnref26\">[26]<\/a><\/p>\n<p>Dolay\u0131s\u0131yla Reform ortodokslu\u011fundaki skolastik y\u00f6ntem, salt sistem kurma u\u011fra\u015f\u0131 de\u011fildi. Bu y\u00f6ntem, bir s\u0131n\u0131rlar teolojisiydi\u2014mant\u0131k ve dili vahiy do\u011frultusunda d\u00fczenleyerek bilinebilecek olan\u0131 ikrar eden, ancak gizli kalmas\u0131 gerekeni sayg\u0131yla koruyan bir yakla\u015f\u0131m.<\/p>\n<p><strong>B\u00f6l\u00fcm III: \u0130lahi Sadelik ve Reformcu Skolastik Teolojide Anla\u015f\u0131lamazl\u0131\u011f\u0131n Yap\u0131s\u0131<\/strong><\/p>\n<p>\u0130lahi sadelik, Reformcu skolastik y\u00f6ntem i\u00e7in doktrinsel bir pota i\u015flevi g\u00f6r\u00fcr. Arketipal\u2013ektipal ayr\u0131m \u00e7er\u00e7evesinde konumlanan ve anla\u015f\u0131lamazl\u0131kla s\u0131n\u0131rland\u0131r\u0131lm\u0131\u015f bir epistemolojiyle \u015fekillenen sadelik, spek\u00fclatif bir aksiyom de\u011fil, s\u0131n\u0131r belirleyici bir ikrard\u0131r. Reformcu ilahiyat\u00e7\u0131lar Tanr\u0131\u2019y\u0131 kavramsal par\u00e7alara ay\u0131rmad\u0131lar; aksine O\u2019nun b\u00f6l\u00fcnmez dolulu\u011funu disiplinli bir hassasiyetle ikrar ettiler. Ayr\u0131ma, olumsuzlamaya ve analojik y\u00fcklemeye dayanan skolastik form, Tanr\u0131\u2019n\u0131n anla\u015f\u0131lamazl\u0131\u011f\u0131n\u0131 \u00e7\u00f6zmek yerine onu muhafaza etti.<\/p>\n<p>Turretin, ilahi sadeli\u011fi Tanr\u0131\u2019n\u0131n aseitesine (kendili\u011finden varl\u0131\u011f\u0131na) dayand\u0131r\u0131r: Bile\u015fik olan her \u015fey, varl\u0131\u011f\u0131n\u0131 ba\u015fka bir \u015feye bor\u00e7ludur; ancak Tanr\u0131, ilk ve ba\u011f\u0131ms\u0131z varl\u0131k olarak, bile\u015fik olamaz.<a href=\"#_ftn27\" name=\"_ftnref27\">[27]<\/a> Sadelik, Tanr\u0131\u2019n\u0131n ontolojik kendine yeterlili\u011finden zorunlu olarak \u00e7\u0131kar.<\/p>\n<p>Turretin, <em>quaestio\u2013responsio\u2013determinatio<\/em> (soru\u2013cevap\u2013belirleme) format\u0131n\u0131 kullan\u0131r: \u201cTanr\u0131 sade midir?\u201d sorusu, metafizik spek\u00fclasyonla de\u011fil, Kutsal Yaz\u0131\u2019ya dayal\u0131 akli bir zorunluluk olarak yan\u0131tlan\u0131r. Bile\u015fim de\u011fi\u015febilirli\u011fi ima eder; sadelik ise \u201cBen Olan\u0131m\u201d (\u00c7\u0131k. 3:14) ifadesinde a\u00e7\u0131\u011fa \u00e7\u0131kan birlik ve de\u011fi\u015fmezli\u011fi korur. Turretin, Tanr\u0131\u2019n\u0131n \u00f6z\u00fcn\u00fcn t\u00fcm s\u0131fatlar\u0131yla ger\u00e7ekten \u00f6zde\u015f oldu\u011funu savunur; dolay\u0131s\u0131yla ya\u015fam, kudret, hikmet ve irade Tanr\u0131\u2019da birbirinden ayr\u0131 \u015feyler de\u011fildir, sadece bizim kavrama tarz\u0131m\u0131za g\u00f6re ayr\u0131d\u0131r.<a href=\"#_ftn28\" name=\"_ftnref28\">[28]<\/a> Skolastik y\u00f6ntem, t\u00fckenmez bilgi \u00fcretmeye y\u00f6nelik bir sistem de\u011fil, sayg\u0131l\u0131 konu\u015fmay\u0131 m\u00fcmk\u00fcn k\u0131lan bir dilbilgisi h\u00e2line gelir.<\/p>\n<p>Turretin, <em>via negativa<\/em>\u2019y\u0131 (olumsuzlama yolu) g\u00fc\u00e7l\u00fc bi\u00e7imde savunur: Tanr\u0131\u2019ya \u201csade\u201d demek, O\u2019nda bile\u015fimin, ba\u011f\u0131ml\u0131l\u0131\u011f\u0131n ve de\u011fi\u015fimin bulunmad\u0131\u011f\u0131n\u0131 ifade etmektir. Aquinas\u2019\u0131 takip ederek, Tanr\u0131\u2019y\u0131 olumlay\u0131c\u0131 betimlemelerden ziyade olumsuzlamalar arac\u0131l\u0131\u011f\u0131yla daha do\u011fru \u015fekilde tan\u0131d\u0131\u011f\u0131m\u0131z\u0131 ileri s\u00fcrer. Ancak, salt apofatik (tamamen olumsuzlay\u0131c\u0131) teolojilerden farkl\u0131 olarak, Turretin\u2019in sadelik anlay\u0131\u015f\u0131 analojik olarak da olumlan\u0131r<a href=\"#_ftn29\" name=\"_ftnref29\">[29]<\/a>\u2014sonlu idrake uyarlan\u0131r, fakat tek-anlaml\u0131l\u0131\u011fa indirgenmeden.<\/p>\n<p>Turretin\u2019e g\u00f6re teolojik dil, tek-anlaml\u0131 (univocal) de\u011fil, analojiktir; Tanr\u0131 hakk\u0131nda do\u011fru bir \u015fekilde konu\u015fabiliriz, ancak hi\u00e7bir zaman ku\u015fat\u0131c\u0131 bi\u00e7imde de\u011fil, \u00e7\u00fcnk\u00fc sonlu olan, sonsuzu kavrayamaz.<a href=\"#_ftn30\" name=\"_ftnref30\">[30]<\/a> Sadelik, ilahi a\u015fk\u0131nl\u0131\u011f\u0131 spek\u00fclatif m\u00fcdahalelerden koruyan kavramsal bir korkuluk i\u015flevi g\u00f6r\u00fcr.<\/p>\n<p>Van Mastricht, ilahi sadelik konusuna hem teolojik bir a\u00e7\u0131kl\u0131kla hem de pastoral bir niyetle yakla\u015f\u0131r. Sadelik tan\u0131m\u0131n\u0131 \u015f\u00f6yle yapar: \u201cTanr\u0131\u2019n\u0131n, ger\u00e7ek ya da zihinsel her t\u00fcrl\u00fc bile\u015fimden uzak olmas\u0131yla ilgili yetkinli\u011fi.\u201d Bu tan\u0131m, Turretin\u2019in bile\u015fim ile ba\u011f\u0131ml\u0131l\u0131k aras\u0131ndaki ili\u015fkiye yapt\u0131\u011f\u0131 vurguya paraleldir\u2014her ikisi de ilahi aseite ile ba\u011fda\u015fmaz.<\/p>\n<p>Ne var ki, van Mastricht\u2019in vurgusu <em>usus<\/em>\u2019ta\u2014doktrinin pratik ve takdis edici amac\u0131nda yatar. Sadelik, onun ifadesiyle, \u201cbir, b\u00fct\u00fcn ve b\u00f6l\u00fcnmez Tanr\u0131\u2019ya tap\u0131nmaya\u201d sevk etmelidir. Skolastik y\u00f6ntem onun i\u00e7in soyut bir al\u0131\u015ft\u0131rma de\u011fil, gizemden dile ve oradan ibadete uzanan bir yoldur. Olumsuzlama, y\u00fccelik ve neden yollar\u0131 gibi klasik ara\u00e7lar kullan\u0131lmaya devam eder, fakat her zaman vahyin ve doksolojinin hizmetinde. Van Mastricht i\u00e7in sadelik yaln\u0131zca tan\u0131mlanmaz\u2014ayn\u0131 zamanda y\u00fcceltilir.<\/p>\n<p>\u00c0 Marck, ilahi sadelik \u00f6\u011fretisini pedagojik bir \u00f6zl\u00fckle ifade eder; sadeli\u011fi, Tanr\u0131\u2019dan her t\u00fcrl\u00fc bile\u015fimin d\u0131\u015fland\u0131\u011f\u0131 bir yetkinlik olarak tan\u0131mlar. Didaktik\u2013elenktik y\u00f6nteminde, olumsuzlama, y\u00fccelik ve nedensellik gibi klasik yollar, spek\u00fclatif bir y\u00fckseli\u015fe de\u011fil, Kutsal Yaz\u0131\u2019n\u0131n denetiminde d\u00fczenli bir ak\u0131l y\u00fcr\u00fctmeye hizmet eder. Yakla\u015f\u0131m\u0131, y\u00f6ntemsel bir ihtiyatla belirgindir: Sadelik, a\u00e7\u0131klanacak bir metafizik plan de\u011fil, ikrar edilecek bir hakikattir. Bu ba\u011flamda, <em>ineffabilis<\/em> (ifade edilemez) olana yapt\u0131\u011f\u0131 s\u00fcrekli vurgu, sadeli\u011fin teolojik s\u00f6ylemin s\u0131n\u0131r\u0131n\u0131 i\u015faret etti\u011fini g\u00f6sterir.<a href=\"#_ftn31\" name=\"_ftnref31\">[31]<\/a><\/p>\n<p>Farkl\u0131 vurgu noktalar\u0131na sahip olsalar da, Turretin, van Mastricht ve \u00e0 Marck, ilahi sadeli\u011fin Tanr\u0131\u2019n\u0131n aseitesi, birli\u011fi ve de\u011fi\u015fmezli\u011fi a\u00e7\u0131s\u0131ndan vazge\u00e7ilmez oldu\u011fu ve teolojik ak\u0131l y\u00fcr\u00fctmenin s\u0131n\u0131r\u0131n\u0131 belirledi\u011fi konusunda hemfikirdir. Turretin sadeli\u011fi mant\u0131ksal bir kesinlikle savunurken, van Mastricht onu ibadetle ve ruhsal bir duru\u015fla ili\u015fkilendirir; \u00e0 Marck ise spek\u00fclasyona diren\u00e7li, ihtiyatl\u0131 ve \u00f6\u011fretici bir form\u00fclasyon sunar.<a href=\"#_ftn32\" name=\"_ftnref32\">[32]<\/a><\/p>\n<p>\u00dc\u00e7\u00fc de sadelik \u00f6\u011fretisini soyut bir metafizik iddia olarak de\u011fil, teolojik dili y\u00f6neten vahyedilmi\u015f bir hakikat olarak ele al\u0131r. Analojik y\u00fckleme ilkesine dayanan yakla\u015f\u0131mlar\u0131, Yarat\u0131c\u0131\u2013yarat\u0131k ayr\u0131m\u0131n\u0131 korur; ne tek-anlaml\u0131l\u0131\u011fa (univocity) ne de \u00e7ok-anlaml\u0131l\u0131\u011fa (equivocity) indirger. Aquinas\u2019\u0131n etkisi, <em>via negativa<\/em>\u2019n\u0131n (olumsuzlama yolu) kullan\u0131m\u0131 ve bile\u015fim fikrinin reddedilmesinde a\u00e7\u0131kt\u0131r; ancak Reform gelene\u011fi bu ara\u00e7lar\u0131 Kutsal Yaz\u0131 ve antla\u015fmasal epistemoloji \u00e7er\u00e7evesiyle s\u0131n\u0131rland\u0131r\u0131r.<\/p>\n<p>Modern sapmalara kar\u015f\u0131\u2014ister metafizik a\u015f\u0131r\u0131l\u0131k ister septik reddiye \u015feklinde olsun\u2014Reformcu skolastikler, sadeli\u011fi bir teolojik dilbilgisi olarak sunar. Bu doktrin, Tanr\u0131\u2019n\u0131n \u00f6z\u00fcn\u00fc a\u00e7\u0131klamaz; bilginin s\u0131n\u0131r\u0131n\u0131 i\u015faret eder. Onlar i\u00e7in sadelik, anla\u015f\u0131lamazl\u0131\u011f\u0131n s\u0131n\u0131r\u0131d\u0131r: kavranan de\u011fil, ikrar edilen bir hakikattir.<a href=\"#_ftn33\" name=\"_ftnref33\">[33]<\/a><\/p>\n<p><strong>B\u00f6l\u00fcm IV: \u0130lahi De\u011fi\u015fmezlik ve Anla\u015f\u0131lamaz Tanr\u0131\u2019n\u0131n S\u00fcreklili\u011fi<\/strong><\/p>\n<p>\u0130lahi sadelik, Tanr\u0131\u2019n\u0131n ne oldu\u011fu konusundaki gizemi koruyorsa; ilahi de\u011fi\u015fmezlik, anla\u015f\u0131lamaz Tanr\u0131\u2019n\u0131n nas\u0131l oldu\u011fu konusundaki gizemi korur. De\u011fi\u015fmezlik, sadeli\u011fi Tanr\u0131\u2019n\u0131n fiil alan\u0131na ta\u015f\u0131r: Par\u00e7alardan m\u00fcnezzeh olan Tanr\u0131, de\u011fi\u015fimden de m\u00fcnezzehtir. De\u011fi\u015fmezli\u011fi ikrar etmek, Tanr\u0131\u2019n\u0131n salt edim (<em>actus purus<\/em>) oldu\u011funu; hi\u00e7bir potansiyellik bar\u0131nd\u0131rmad\u0131\u011f\u0131n\u0131 ve oldu\u011fundan ba\u015fka bir h\u00e2le gelemez oldu\u011funu kabul etmektir. Reformcu skolastik teolojide bu doktrin, akl\u0131 dizginleyerek ilahi a\u015fk\u0131nl\u0131\u011f\u0131 muhafaza eden bir s\u0131n\u0131r i\u015flevi g\u00f6r\u00fcr. Ayr\u0131mlar ve olumsuzlamalar arac\u0131l\u0131\u011f\u0131yla skolastik y\u00f6ntem, teolojik dili d\u00fczenler ve anla\u015f\u0131lamazl\u0131\u011f\u0131 disiplinli bir ikrar yoluyla g\u00fcvence alt\u0131na al\u0131r.<\/p>\n<p>Turretin, ilahi de\u011fi\u015fmezli\u011fin Tanr\u0131\u2019n\u0131n sadeli\u011fi, aseitesi ve ezelili\u011finden kaynakland\u0131\u011f\u0131n\u0131 savunur. De\u011fi\u015fime u\u011frayan her \u015fey ya bile\u015fiktir ya da ba\u011f\u0131ml\u0131d\u0131r; ancak Tanr\u0131, sade ve ba\u011f\u0131ms\u0131z oldu\u011fu i\u00e7in de\u011fi\u015fime tabi olamaz. Bu nedenle Turretin, de\u011fi\u015fmezli\u011fi Tanr\u0131\u2019n\u0131n varl\u0131\u011f\u0131n\u0131n dolulu\u011funu koruyan bir yetkinlik olarak ele al\u0131r: Tanr\u0131 ne artabilir, ne azalabilir, ne de geli\u015ftirilebilir. Skolastik <em>actus purus<\/em> kategorisine dayanarak, Tanr\u0131\u2019n\u0131n yarat\u0131klarda de\u011fi\u015fim meydana getirdi\u011fini, fakat kendisinde hi\u00e7bir de\u011fi\u015fim olmad\u0131\u011f\u0131n\u0131 ileri s\u00fcrer. T\u00fcm de\u011fi\u015fim <em>ad extra<\/em>d\u0131r\u2014yani d\u0131\u015fsal etkilerde ve ili\u015fkilerde ger\u00e7ekle\u015fir, <em>ad intra<\/em>, yani Tanr\u0131\u2019n\u0131n i\u00e7 varl\u0131\u011f\u0131nda de\u011fil. Bu nedenle, Kutsal Yaz\u0131\u2019da Tanr\u0131\u2019n\u0131n \u201cpi\u015fman olmas\u0131\u201d gibi ifadeler, Tanr\u0131 \u00f6z\u00fcnde bir de\u011fi\u015fime de\u011fil, yarat\u0131klar\u0131n Tanr\u0131\u2019ya y\u00f6nelik duru\u015flar\u0131ndaki d\u00f6n\u00fc\u015f\u00fcme i\u015faret eder.<a href=\"#_ftn34\" name=\"_ftnref34\">[34]<\/a><\/p>\n<p>Van Mastricht, de\u011fi\u015fmezli\u011fi Tanr\u0131\u2019n\u0131n \u00f6z\u00fc, iradesi ya da fiilinde herhangi bir de\u011fi\u015fimden mutlak olarak \u00f6zg\u00fcr olmas\u0131 \u015feklinde tan\u0131mlar ve bunu sadelik ile yetkinli\u011fe dayand\u0131r\u0131r. Ancak onun as\u0131l vurgusu, bu \u00f6\u011fretinin ruhsal kullan\u0131m\u0131ndad\u0131r: De\u011fi\u015fmezlik, kesinli\u011fin ve g\u00fcvenin demir ataca\u011f\u0131 noktad\u0131r\u2014Tanr\u0131\u2019n\u0131n tasar\u0131s\u0131 s\u00fcrer \u00e7\u00fcnk\u00fc O de\u011fi\u015fmez. D\u00f6rt a\u015famal\u0131 y\u00f6ntemi (tefsir, doktrin, itiraz, uygulama), skolastik a\u00e7\u0131kl\u0131\u011f\u0131n nas\u0131l ibadete hizmet etti\u011fini g\u00f6sterir. Malaki 3:6 gibi metinleri i\u015flerken, titiz bir a\u00e7\u0131klamadan pratik teselliye ge\u00e7er: \u201cKutsallar, de\u011fi\u015fmeyen Tanr\u0131\u2019da g\u00fcvenle dinlensin.\u201d <em>Via negativa<\/em> ve <em>via eminentiae<\/em> gibi skolastik ara\u00e7lar, soyutlamaya de\u011fil, sayg\u0131l\u0131 bir g\u00fcvene hizmet eder.<\/p>\n<p>\u00c0 Marck, ilahi de\u011fi\u015fmezli\u011fi, Tanr\u0131\u2019n\u0131n \u00f6z\u00fcnde, iradesinde ve faaliyetlerinde ayn\u0131 kalan bir yetkinlik olarak tan\u0131mlar. Geleneksel <em>viae<\/em> y\u00f6ntemlerini spek\u00fclatif bir y\u00fckseli\u015f i\u00e7in de\u011fil, vahye dayal\u0131 d\u00fczenli bir ak\u0131l y\u00fcr\u00fctme bi\u00e7imi olarak kullan\u0131r ve Tanr\u0131\u2019n\u0131n i\u00e7sel bir de\u011fi\u015fime u\u011framad\u0131\u011f\u0131n\u0131, t\u00fcm de\u011fi\u015fimin de\u011fi\u015fmeyen nedeni oldu\u011funu teyit eder. Antropopatik metinlerin analojik bi\u00e7imde, <em>secundum modum loquendi<\/em> (konu\u015fma tarz\u0131na g\u00f6re) yorumlanmas\u0131n\u0131 savunur. Didaktik y\u00f6ntemi \u00f6zl\u00fc ve sayg\u0131l\u0131d\u0131r; s\u0131k\u00e7a ifade edilemezli\u011fe (<em>ineffabilis<\/em>) yap\u0131lan at\u0131flarla belirginle\u015fir. \u00c0 Marck i\u00e7in de\u011fi\u015fmezlik a\u00e7\u0131klanacak de\u011fil, ikrar edilecek bir ger\u00e7ektir ve de\u011fi\u015fmeyen Tanr\u0131 kar\u015f\u0131s\u0131nda al\u00e7akg\u00f6n\u00fcll\u00fcl\u00fc\u011f\u00fc \u00f6\u011freten bir kateketik s\u0131n\u0131r i\u015flevi g\u00f6r\u00fcr.<a href=\"#_ftn35\" name=\"_ftnref35\">[35]<\/a><\/p>\n<p>Anla\u015f\u0131lamazl\u0131\u011f\u0131n Ufku Olarak De\u011fi\u015fmezlik<\/p>\n<p>Turretin, van Mastricht ve \u00e0 Marck i\u00e7in ilahi de\u011fi\u015fmezlik hem bir doktrin hem de bir s\u0131n\u0131r i\u015flevi g\u00f6r\u00fcr\u2014Tanr\u0131\u2019n\u0131n ger\u00e7ekten bilinebilir oldu\u011fu, fakat yine de anla\u015f\u0131lamaz kald\u0131\u011f\u0131 bir ufuk \u00e7izgisi. Bu anlay\u0131\u015f\u0131n merkezinde <em>via negativa<\/em> yer al\u0131r; onlar\u0131n gizemi muhafaza etmede kulland\u0131klar\u0131 ba\u015fl\u0131ca y\u00f6ntem budur. Tanr\u0131\u2019n\u0131n de\u011fi\u015fmez oldu\u011funu s\u00f6ylemek, O\u2019nda her t\u00fcrl\u00fc de\u011fi\u015fimi, ard\u0131ll\u0131\u011f\u0131 ve geli\u015fimi reddetmektir. Bununla birlikte, olumsuzlama bo\u015f bir ink\u00e2r de\u011fildir; y\u00fcklemeyi ar\u0131nd\u0131r\u0131r. Thomas Joseph White\u2019\u0131n belirtti\u011fi gibi, olumsuzlama anlam\u0131 \u00e7\u00f6kertmeden netle\u015ftirir ve suskunluk yerine disiplinli bir konu\u015fmay\u0131 m\u00fcmk\u00fcn k\u0131lar.<a href=\"#_ftn36\" name=\"_ftnref36\">[36]<\/a><\/p>\n<p>Her bir ilahiyat\u00e7\u0131 bu ger\u00e7e\u011fi farkl\u0131 bir vurgu ile ortaya koyar: Turretin, olumsuzlamay\u0131 Yarat\u0131c\u0131\u2013yarat\u0131k ayr\u0131m\u0131n\u0131 korumak i\u00e7in kullan\u0131r; van Mastricht, ruhu tap\u0131nmaya y\u00f6nlendirmek i\u00e7in; \u00e0 Marck ise teolojik a\u00e7\u0131kl\u0131\u011f\u0131 sa\u011flamak amac\u0131yla. Hepsinde ortak olan nokta \u015fudur: De\u011fi\u015fmezlik, kendi s\u0131n\u0131rlar\u0131 i\u00e7inde ikrar edilir\u2014ger\u00e7ek olarak, fakat asla ku\u015fat\u0131c\u0131 bi\u00e7imde de\u011fil. Bu ihtiyat, arketipal\/ektipal ayr\u0131m\u0131na dayan\u0131r. Tanr\u0131\u2019n\u0131n de\u011fi\u015fmez oldu\u011funu biliriz; ancak bu de\u011fi\u015fmezli\u011fin Tanr\u0131\u2019n\u0131n kendisinde nas\u0131l var oldu\u011funu bilmeyiz. Turretin\u2019e g\u00f6re bu ayr\u0131m sayg\u0131y\u0131 muhafaza eder; van Mastricht ve \u00e0 Marck\u2019a g\u00f6re ise, Tanr\u0131\u2019n\u0131n ezeli iradesi ile zamansal fiilleri aras\u0131ndaki fark\u0131 korur. \u00dc\u00e7\u00fcn\u00fcn ortak ilkesi nettir: Tanr\u0131\u2019n\u0131n etkileri de\u011fi\u015fkendir; \u00f6z\u00fc ise de\u011fi\u015fmez.<\/p>\n<p>Muller\u2019\u0131n g\u00f6zlemledi\u011fi \u00fczere, Reformcu ortodokslar ilahi de\u011fi\u015fmezli\u011fi d\u00fczenleyici bir doktrinsel s\u0131n\u0131r olarak kavram\u0131\u015flard\u0131r: Bu s\u0131n\u0131r, spek\u00fclatif ta\u015fk\u0131nl\u0131klar\u0131 dizginlemi\u015f ve uyarlanm\u0131\u015f vahyin Tanr\u0131\u2019n\u0131n de\u011fi\u015fmeyen do\u011fas\u0131n\u0131 sadakatle yans\u0131tan bir a\u00e7\u0131klama olarak kalmas\u0131n\u0131 sa\u011flam\u0131\u015ft\u0131r.<a href=\"#_ftn37\" name=\"_ftnref37\">[37]<\/a> De\u011fi\u015fmezlik, anla\u015f\u0131lamazl\u0131\u011f\u0131n ufku h\u00e2line gelir: Zorunlulu\u011fu tap\u0131nmaya d\u00f6n\u00fc\u015ft\u00fcren ve Tanr\u0131\u2019n\u0131n yetkinli\u011fini muhafaza eden, fakat onu kavramaya kalk\u0131\u015fmayan doktrinsel bir \u00e7izgi.<\/p>\n<p><strong>Teolojinin Ufku Olarak De\u011fi\u015fmezlik<\/strong><\/p>\n<p>\u0130lahi de\u011fi\u015fmezlik, sadeli\u011fin zamanla kesi\u015fti\u011fi noktada yer al\u0131r. Bu, salt edim olan Tanr\u0131\u2019n\u0131n antla\u015fmasal sadakatinde de de\u011fi\u015fmez oldu\u011funu ikrar etmektir. Turretin i\u00e7in de\u011fi\u015fmezlik, ilahi aseitenin mant\u0131ksal sonucudur. Van Mastricht i\u00e7in, imanl\u0131n\u0131n sars\u0131lmaz Tanr\u0131 sevgisine duydu\u011fu umudun temelidir. \u00c0 Marck i\u00e7inse, sayg\u0131y\u0131 \u00f6\u011freten pedagojik bir s\u0131n\u0131rd\u0131r.<\/p>\n<p>Ortak y\u00f6ntemleri\u2014olumsuzlama, ayr\u0131m ve analojik y\u00fckleme\u2014skolastik gelene\u011fin ilahi anla\u015f\u0131lamazl\u0131\u011f\u0131 a\u00e7\u0131klamak i\u00e7in de\u011fil, g\u00fcvence alt\u0131na almak i\u00e7in i\u015fledi\u011fini ortaya koyar. De\u011fi\u015fmezlik, Tanr\u0131\u2019n\u0131n \u00f6zg\u00fcrl\u00fc\u011f\u00fcn\u00fc ya da mevcudiyetini ortadan kald\u0131rmaz; aksine, m\u00fckemmel hayat\u0131n s\u00fcreklili\u011fini a\u00e7\u0131\u011fa \u00e7\u0131kar\u0131r. Bu y\u00fczden teoloji, en keskin anlar\u0131nda hu\u015fuya ula\u015f\u0131r. T\u0131pk\u0131 Pavlus\u2019un ilan etti\u011fi gibi, teoloji kavray\u0131\u015fta de\u011fil, hayrette sona erer: \u201cO&#8217;nun yarg\u0131lar\u0131 ne denli ak\u0131l ermez, yollar\u0131 ne denli anla\u015f\u0131lmazd\u0131r!\u201d (Rom. 11:33).<\/p>\n<p><strong>B\u00f6l\u00fcm V: S\u0131n\u0131r Olarak Y\u00f6ntem: Skolastik Form ve Reform Ortodokslu\u011funda Tanr\u0131sal Anla\u015f\u0131lamazl\u0131\u011f\u0131n Muhafazas\u0131<\/strong><\/p>\n<p>Reform ortodokslu\u011fu, Tanr\u0131\u2019n\u0131n anla\u015f\u0131lamazl\u0131\u011f\u0131n\u0131n ikrar\u0131yla ba\u015flar\u2014bu, Tanr\u0131\u2019n\u0131n tamamen bilinemez oldu\u011fu de\u011fil, O\u2019nun kendisini bildi\u011fi \u015fekilde bilinemeyece\u011fi anlam\u0131na gelir. Franciscus Junius\u2019tan hareketle Reformcu ilahiyat\u00e7\u0131lar, arketipal teoloji (Tanr\u0131\u2019n\u0131n kendi hakk\u0131ndaki bilgisi) ile ektipal teoloji (yarat\u0131klar\u0131n bu bilgiye kat\u0131l\u0131m\u0131) aras\u0131nda bir ayr\u0131m yapm\u0131\u015flard\u0131r. Daha sonra Turretin taraf\u0131ndan geli\u015ftirilen bu ayr\u0131m, t\u00fcm teolojik faaliyeti epistemik bir al\u00e7akg\u00f6n\u00fcll\u00fcl\u00fck \u00fczerine temellendirir: Anla\u015f\u0131lamazl\u0131k, bilginin yoklu\u011fu de\u011fil, onun m\u00fcmk\u00fcnl\u00fc\u011f\u00fcn\u00fcn s\u0131n\u0131r\u0131d\u0131r.<\/p>\n<p>Turretin, ger\u00e7ek (realis), bi\u00e7imsel (formalis) ve d\u00fc\u015f\u00fcnsel (notionalis) ayr\u0131mlar\u0131n, Tanr\u0131\u2019n\u0131n sadeli\u011finden \u00f6d\u00fcn vermeksizin ilahi yetkinliklerin olumlanmas\u0131n\u0131 m\u00fcmk\u00fcn k\u0131ld\u0131\u011f\u0131n\u0131 savunur. Benzer \u015fekilde, Aquinas\u2019tan al\u0131nan analojik\u2013tek-anlaml\u0131\u2013\u00e7ok-anlaml\u0131 \u00fc\u00e7lemesi, <em>sola Scriptura<\/em> ilkesine tabi k\u0131l\u0131narak yeniden \u015fekillendirilir; b\u00f6ylece a\u015fk\u0131nl\u0131k ile anla\u015f\u0131labilirlik birlikte korunur. Muller\u2019\u0131n da belirtti\u011fi \u00fczere, bu t\u00fcr skolastik ayr\u0131mlar hi\u00e7bir zaman anla\u015f\u0131lamazl\u0131\u011f\u0131 \u00e7\u00f6zmek i\u00e7in de\u011fil, teolojik dili disipline etmek i\u00e7in kullan\u0131lm\u0131\u015f; tutarl\u0131l\u0131\u011f\u0131 muhafaza ederken haddini a\u015fmamay\u0131 temin etmi\u015ftir.<a href=\"#_ftn38\" name=\"_ftnref38\">[38]<\/a><\/p>\n<p>Skolastik y\u00f6ntem\u2014sorular, k\u0131yaslar ve d\u00fczenli ayr\u0131mlar arac\u0131l\u0131\u011f\u0131yla yap\u0131land\u0131r\u0131lm\u0131\u015f bi\u00e7imiyle\u2014bir s\u0131n\u0131r belirleme arac\u0131 olarak i\u015flev g\u00f6rm\u00fc\u015ft\u00fcr. Mant\u0131k, vahyin hizmetine sunulmu\u015f; Tanr\u0131\u2019y\u0131 sistemle\u015ftirmek i\u00e7in de\u011fil, hakikati sayg\u0131 i\u00e7erisinde ifade etmek i\u00e7in kullan\u0131lm\u0131\u015ft\u0131r. Reformcu skolastikler i\u00e7in teoloji hi\u00e7bir zaman spek\u00fclatif bir u\u011fra\u015f de\u011fil, ilahi kendini a\u00e7\u0131\u011fa vurman\u0131n s\u0131n\u0131rlar\u0131 i\u00e7inde yap\u0131land\u0131r\u0131lm\u0131\u015f bir ibadetti.<\/p>\n<p>Reformcu skolastikler i\u00e7in Tanr\u0131, insan akl\u0131n\u0131n y\u00fckseli\u015fiyle de\u011fil, ilahi kendini a\u00e7\u0131\u011fa vurma yoluyla bilinebilir. Calvin bu ihtiyat\u0131 unutulmaz bir \u015fekilde dile getirir: \u0130manl\u0131lar, vahyin \u00f6tesini kurcalamamal\u0131d\u0131r\u2014\u201cRab kutsal a\u011fz\u0131n\u0131 kapat\u0131r kapatmaz, daha fazlas\u0131n\u0131 bilme arzumdan vazge\u00e7erim.\u201d<a href=\"#_ftn39\" name=\"_ftnref39\">[39]<\/a> Turretin, ilahi ve be\u015fer\u00ee teoloji tarzlar\u0131 aras\u0131nda ayr\u0131m yapar; bizimkisinin arketipal de\u011fil\u2014yani Tanr\u0131\u2019n\u0131n m\u00fckemmel \u00f6z bilgisi\u2014ektipal, yani vahiy arac\u0131l\u0131\u011f\u0131yla o bilgiye sonlu bir kat\u0131l\u0131m oldu\u011funu vurgular.<a href=\"#_ftn40\" name=\"_ftnref40\">[40]<\/a> Tanr\u0131 hakk\u0131nda hakikatleri ak\u0131ldan t\u00fcretmeyiz; onlar\u0131 vahiy yoluyla al\u0131r\u0131z.<\/p>\n<p>Dolay\u0131s\u0131yla anla\u015f\u0131lamazl\u0131k, bilginin bir eksikli\u011fi de\u011fil, Tanr\u0131\u2019y\u0131 do\u011fru bi\u00e7imde bilmenin bizzat bi\u00e7imidir. Reformcu yakla\u015f\u0131m, t\u00fcm teolojinin s\u0131n\u0131rl\u0131 bir konu\u015fma oldu\u011funu teyit eder\u2014do\u011frudur, \u00e7\u00fcnk\u00fc vahyedilmi\u015ftir; s\u0131n\u0131rl\u0131d\u0131r, \u00e7\u00fcnk\u00fc analojiktir. Arketipal\/ektipal ayr\u0131m\u0131 bu al\u00e7akg\u00f6n\u00fcll\u00fcl\u00fc\u011f\u00fc yap\u0131land\u0131r\u0131r: Teoloji, sonsuz Tanr\u0131\u2019n\u0131n kendi kendini iletiminin sonlu bir yans\u0131mas\u0131d\u0131r.<\/p>\n<p>E\u011fer teoloji analojik ve ektipalse, o h\u00e2lde dili de konusuna uygun olmal\u0131d\u0131r\u2014do\u011frulu\u011fu \u00f6zde\u015flikten de\u011fil, kar\u015f\u0131l\u0131kl\u0131l\u0131ktan kaynaklan\u0131r. Reformcu skolastikler, teolojik s\u00f6ylemin sonlu olmakla birlikte, Tanr\u0131\u2019n\u0131n kendisini a\u00e7\u0131klad\u0131\u011f\u0131 bi\u00e7imiyle O\u2019nu ger\u00e7ekten ifade edebilece\u011fini savunmu\u015flard\u0131r. Ne tek-anlaml\u0131l\u0131\u011f\u0131 (univocity) ne de \u00e7ok-anlaml\u0131l\u0131\u011f\u0131 (equivocity) kabul etmi\u015f; Tanr\u0131\u2019y\u0131 a\u00e7\u0131klamak i\u00e7in de\u011fil, vahyin s\u0131n\u0131rlar\u0131 i\u00e7inde ikrar etmek i\u00e7in geleneksel <em>viae<\/em> y\u00f6ntemlerini kullanm\u0131\u015flard\u0131r.<\/p>\n<p>Turretin, bu yollar\u0131 Kutsal Yaz\u0131\u2019ya uygun \u015fekilde uyarlayarak onlar\u0131n spek\u00fclatif ara\u00e7lar de\u011fil, s\u0131n\u0131r i\u015flevi g\u00f6rmesini sa\u011flar. Van Mastricht ise bu yakla\u015f\u0131m\u0131, kesin tan\u0131mdan sayg\u0131l\u0131 tefekk\u00fcre ge\u00e7erek \u00f6rnekler; dili, kendisinin \u00f6tesine i\u015faret eden ve adland\u0131rd\u0131\u011f\u0131 anla\u015f\u0131lamazl\u0131\u011fa y\u00f6nelten sakramental bir ara\u00e7 olarak ele al\u0131r.<\/p>\n<p>Aquinas, teolojik bilgiyi geleneksel <em>viae<\/em>\u2014olumsuzlama, y\u00fccelik ve nedensellik\u2014arac\u0131l\u0131\u011f\u0131yla yap\u0131land\u0131r\u0131rken, akl\u0131n i\u015fleyi\u015fini vahyin \u00f6nceli\u011fine t\u00e2bi k\u0131lar.<a href=\"#_ftn41\" name=\"_ftnref41\">[41]<\/a> Reformcu ilahiyat\u00e7\u0131lar bu y\u00f6ntemi benimsemi\u015f, ancak onu Kutsal Yaz\u0131\u2019n\u0131n \u00f6nceli\u011fine tabi k\u0131lm\u0131\u015flard\u0131r. Do\u011fal teolojiyi bir \u00f6ns\u00f6z (prolegomena) olarak reddetmi\u015f, bunun yerine t\u00fcm teolojik s\u00f6ylemi ilahi uyarlamaya dayand\u0131rm\u0131\u015flard\u0131r.<\/p>\n<p>Olumlay\u0131c\u0131 y\u00fcklemeyi ask\u0131ya alan Do\u011fu apofatizmine kar\u015f\u0131l\u0131k, Johannes \u00e0 Marck ile temsil edilen Reformcu skolastisizm, ilahi anla\u015f\u0131lamazl\u0131\u011f\u0131 korurken analojik dilin ge\u00e7erlili\u011fini teyit eder. \u00c0 Marck, Tanr\u0131\u2019y\u0131 <em>ineffabilis<\/em> (ifade edilemez) olarak adland\u0131r\u0131r; bu, Tanr\u0131 hakk\u0131nda anlaml\u0131 konu\u015fmay\u0131 reddetmek i\u00e7in de\u011fil, her ismin O\u2019nun \u00f6z\u00fcn\u00fc ku\u015fatmada yetersiz kald\u0131\u011f\u0131n\u0131 ikrar etmek i\u00e7indir\u2014bunu yaparken de \u00f6\u011fretim amac\u0131yla son derece net doktrinsel a\u00e7\u0131klamalar sunar.<a href=\"#_ftn42\" name=\"_ftnref42\">[42]<\/a> Reformcu skolastikler i\u00e7in anla\u015f\u0131lamazl\u0131k, susarak de\u011fil, konu\u015fmay\u0131 vahyin d\u00fczenine tabi k\u0131larak korunur.<\/p>\n<p>Teolojik y\u00f6ntem, en iyi h\u00e2liyle soyut ak\u0131l y\u00fcr\u00fctme al\u0131\u015ft\u0131rmas\u0131 de\u011fil, bir ibadet bi\u00e7imidir\u2014Tanr\u0131\u2019n\u0131n kendini a\u00e7\u0131\u011fa vurmas\u0131n\u0131n s\u0131n\u0131rlar\u0131 i\u00e7inde y\u00fcr\u00fct\u00fclen sayg\u0131l\u0131 bir d\u00fc\u015f\u00fcnme. Skolastik form, rasyonalist bir ara\u00e7 de\u011fil, itirafa dayal\u0131 bir dilbilgisiydi. Amac\u0131, ilahi \u00f6z\u00fc a\u00e7\u0131klamak de\u011fil, onu al\u00e7akg\u00f6n\u00fcll\u00fcl\u00fckle ikrar etmekti. Bu anlamda y\u00f6ntem bir s\u0131n\u0131rd\u0131\u2014ve o s\u0131n\u0131r bizzat bir \u00f6vg\u00fc bi\u00e7imiydi.<a href=\"#_ftn43\" name=\"_ftnref43\">[43]<\/a><\/p>\n<p><strong>B\u00f6l\u00fcm VI: Sonu\u00e7 \u2013Reform Teolojisinin Grameri Olarak Tanr\u0131sal Anla\u015f\u0131lamazl\u0131k<\/strong><\/p>\n<p>Bu \u00e7al\u0131\u015fma, Reformcu skolastisizmin Tanr\u0131\u2019n\u0131n anla\u015f\u0131lamazl\u0131\u011f\u0131n\u0131 ak\u0131ldan ka\u00e7arak de\u011fil, akl\u0131 disipline ederek nas\u0131l muhafaza etti\u011fini incelemi\u015ftir. Turretin, van Mastricht ve \u00e0 Marck\u2019\u0131n skolastik y\u00f6ntemleri arac\u0131l\u0131\u011f\u0131yla teoloji, ayr\u0131m yoluyla d\u00fczenlenmi\u015f, vahiy taraf\u0131ndan s\u0131n\u0131rland\u0131r\u0131lm\u0131\u015f ve ibadete y\u00f6nlendirilmi\u015ftir. \u0130lahi sadelik ve de\u011fi\u015fmezlik, spek\u00fclatif aksiyomlar olarak de\u011fil, sad\u0131k Tanr\u0131 konu\u015fmas\u0131n\u0131 \u015fekillendiren doktrinsel s\u0131n\u0131rlar\u2014kavramsal korkuluklar\u2014olarak ele al\u0131nm\u0131\u015ft\u0131r. Her a\u015famada y\u00f6ntem, bir al\u00e7akg\u00f6n\u00fcll\u00fcl\u00fck dilbilgisi olarak i\u015flev g\u00f6rm\u00fc\u015ft\u00fcr.<\/p>\n<p>Bu \u00e7al\u0131\u015fma, Reform teolojisinin epistemolojik temeli olarak arketipal\/ektipal ayr\u0131m\u0131n\u0131 tespit ederek ba\u015flam\u0131\u015ft\u0131r. Bu \u00e7er\u00e7eve, Tanr\u0131\u2019ya dair her ger\u00e7ek bilginin, ilahi hikmete l\u00fctufk\u00e2r ve uyarlanm\u0131\u015f bir kat\u0131l\u0131m oldu\u011funu teyit eder. Skolastik ayr\u0131mlar (ger\u00e7ek, bi\u00e7imsel, d\u00fc\u015f\u00fcnsel), ilahi \u00f6z\u00fc par\u00e7alamak i\u00e7in de\u011fil, onun birli\u011fini korumak ve teolojik hatalar\u0131 \u00f6nlemek amac\u0131yla kullan\u0131lm\u0131\u015ft\u0131r. Sadelik ve de\u011fi\u015fmezlik analizleri, skolastik mant\u0131\u011f\u0131n vahye nas\u0131l hizmet etti\u011fini g\u00f6stermi\u015ftir: Turretin, ilahi dolulu\u011fu korumak i\u00e7in kesin ak\u0131l y\u00fcr\u00fctmeler kullanm\u0131\u015f; van Mastricht, doktrini pastoral teselliye d\u00f6n\u00fc\u015ft\u00fcrm\u00fc\u015f; \u00e0 Marck ise \u00f6\u011fretici bir ihtiyatla doktrinsel netlik sunmu\u015ftur. Her bir y\u00f6ntemde ortak olan \u015fey, anla\u015f\u0131lamazl\u0131\u011f\u0131 azaltmaks\u0131z\u0131n disiplinli bir s\u00f6ylem \u00fcretmektir.<\/p>\n<p>Be\u015finci B\u00f6l\u00fcm, skolastik teolojinin sayg\u0131l\u0131 bir s\u0131n\u0131r muhafazas\u0131 dilbilgisi olarak i\u015fledi\u011fini ortaya koymu\u015ftur. Reform ortodokslu\u011fu, ayr\u0131mlar, analojik dil ve geleneksel <em>viae<\/em> arac\u0131l\u0131\u011f\u0131yla, Tanr\u0131\u2019n\u0131n anla\u015f\u0131lamazl\u0131\u011f\u0131n\u0131 ger\u00e7ek bilgiden vazge\u00e7meden korumu\u015ftur. Bu \u00e7al\u0131\u015fman\u0131n temel tezi \u015fudur: Reformcu skolastisizm, anla\u015f\u0131lamazl\u0131\u011f\u0131 zapt etmek i\u00e7in de\u011fil, onu vahyin s\u0131n\u0131rlar\u0131 i\u00e7inde sadakatle ikrar etmek \u00fczere y\u00f6ntemi kullanm\u0131\u015ft\u0131r.<\/p>\n<p>Reformcu skolastik y\u00f6ntem, akli disiplini ve teolojik sayg\u0131y\u0131 birle\u015ftiren \u00f6zg\u00fcn bir sentezi temsil eder. Junius\u2019un, akl\u0131n imana ayd\u0131nlat\u0131lm\u0131\u015f bir hizmetk\u00e2r olarak teolojiye hizmet etti\u011fine dair \u0131srar\u0131 \u00fczerine in\u015fa edilen bu yakla\u015f\u0131mda Reformcu ilahiyat\u00e7\u0131lar hem spek\u00fclatif rasyonalizmi hem de deneyimci s\u00fcbjektivizmi reddetmi\u015f ve <em>ratio adorans<\/em> olarak adland\u0131r\u0131labilecek bir tav\u0131r sergilemi\u015flerdir\u2014yani Tanr\u0131 \u00f6n\u00fcnde sayg\u0131l\u0131 bir teslimiyetle i\u015fleyen ak\u0131l.<a href=\"#_ftn44\" name=\"_ftnref44\">[44]<\/a> Bu y\u00f6ntemin yap\u0131s\u0131, Tanr\u0131\u2019y\u0131 ku\u015fatacak bir sistem de\u011fil, vahye hizmet edecek bir bi\u00e7imdi.<\/p>\n<p>Ba\u015fkalar\u0131 ilahi s\u0131fatlar\u0131 felsefi \u00f6nermelere ya da sembollere indirgerken, Reform ortodokslu\u011fu onlar\u0131 s\u0131n\u0131rland\u0131r\u0131lm\u0131\u015f bir ikrar i\u00e7inde muhafaza edilen anla\u015f\u0131lamazl\u0131klar olarak korumu\u015ftur. Skolastik y\u00f6ntem, denetim de\u011fil, ikrar ile ilgilidir.<\/p>\n<p>Sadelik, de\u011fi\u015fmezlik ve y\u00f6ntemin kesi\u015fim noktas\u0131nda anla\u015f\u0131lamazl\u0131k yer al\u0131r\u2014cehalet olarak de\u011fil, ger\u00e7ek bilginin \u015fart\u0131 olarak. Anla\u015f\u0131lamazl\u0131k; sadelikte birli\u011fi, de\u011fi\u015fmezlikte a\u015fk\u0131nl\u0131\u011f\u0131 ve y\u00f6ntemde sayg\u0131y\u0131 korur. Skolastik ayr\u0131mlar, anla\u015f\u0131lamazl\u0131\u011f\u0131n derinli\u011fine n\u00fcfuz etmez; yaln\u0131zca onun s\u0131n\u0131rlar\u0131n\u0131 \u00e7izer.<\/p>\n<p>Bu anlay\u0131\u015fta teoloji, Tanr\u0131\u2019y\u0131 kavrayarak de\u011fil, insan idrakini a\u015fan \u0131\u015f\u0131\u011f\u0131 tan\u0131yarak a\u00e7\u0131kl\u0131\u011fa ula\u015f\u0131r. \u0130lahi anla\u015f\u0131lamazl\u0131k, \u00e7\u00f6z\u00fclecek bir sorun de\u011fil; Tanr\u0131 bilgisine ger\u00e7ekten ula\u015fman\u0131n bizzat ko\u015fuludur. \u201cTanr\u0131&#8217;n\u0131n zenginli\u011fi ne b\u00fcy\u00fck, bilgeli\u011fi ve bilgisi ne derindir! O&#8217;nun yarg\u0131lar\u0131 ne denli ak\u0131l ermez, yollar\u0131 ne denli anla\u015f\u0131lmazd\u0131r!\u201d (Rom. 11:33)<\/p>\n<p><strong>Kaynak\u00e7a<\/strong><\/p>\n<p>Aquinas, Thomas. <em>Summa Theologiae.<\/em><\/p>\n<p>Calvin, John. <em>Institutes of the Christian Religion.<\/em> Edited by John T. McNeill. Translated by Ford Lewis Battles. Philadelphia: Westminster Press, 1960.<\/p>\n<p>Dolezal, James E. <em>All That Is in God.<\/em> Grand Rapids: Reformation Heritage Books, 2017.<\/p>\n<p>Helm, Paul. <em>Eternal God: A Study of God without Time.<\/em> Oxford: Oxford University Press, 1997.<\/p>\n<p>Junius, Franciscus. <em>A Treatise on True Theology.<\/em> Translated by David C. Noe. Grand Rapids: Reformation Heritage Books, 2014.<\/p>\n<p>Mastricht, Petrus van. <em>Theoretical-Practical Theology. Vol. 1: Prolegomena.<\/em> Edited by Joel R. Beeke. Translated by Todd M. Rester. Grand Rapids: Reformation Heritage Books, 2018.<\/p>\n<p>Marck, Johannes \u00e0. <em>Compendium theologiae Christianae didactico-elencticum.<\/em> Amstelodami: Gerardus Borstius, 1690.<\/p>\n<p>Muller, Richard A. <em>Post-Reformation Reformed Dogmatics. Vol. 1: Prolegomena to Theology.<\/em> Grand Rapids: Baker Academic, 2003.<\/p>\n<p>Trueman, Carl R. \u201cScholasticism: Real or Imagined?\u201d <em>Westminster Theological Journal<\/em> 62 (2000): 77\u201398.<\/p>\n<p>Turretin, Francis. <em>Institutes of Elenctic Theology.<\/em> Edited by James T. Dennison Jr. Translated by George Musgrave Giger. 3 vols. Phillipsburg, NJ: P&amp;R Publishing, 1992.<\/p>\n<p>White, Thomas Joseph. <em>The Trinity: On the Nature and Mystery of the One God.<\/em> Washington, DC: Catholic University of America Press, 2022.<\/p>\n<p>&nbsp;<\/p>\n<p><a href=\"#_ftnref1\" name=\"_ftn1\">[1]<\/a> Francis Turretin, <em>Institutes of Elenctic Theology<\/em>, ed. James T. Dennison Jr., trans. George Musgrave Giger (Phillipsburg, NJ: P&amp;R Publishing, 1992), 1:4. Franciscus Junius, A Treatise on True Theology, trans. David C. Noe (Grand Rapids: Reformation Heritage Books, 2014), chs. 5\u20136 (pp. 108\u2013115).<\/p>\n<p><a href=\"#_ftnref2\" name=\"_ftn2\">[2]<\/a> Richard A. Muller, Post-Reformation Reformed Dogmatics, vol. 1: Prolegomena to Theology, EPUB ed. (Grand Rapids: Baker Academic, 2003), chs. 1\u20132 (&#8220;The Study of Post-Reformation Reformed Thought&#8221; and &#8220;Scholasticism and Orthodoxy&#8221;).Carl R. Trueman, &#8220;Scholasticism: Real or Imagined?&#8221; Westminster Theological Journal 62 (2000): 77\u201398; James E. Dolezal, All That Is in God (Grand Rapids: Reformation Heritage Books, 2017), chs. 1\u20132; and Paul Helm, Eternal God: A Study of God without Time (Oxford: Oxford University Press, 1997), ch. 3.<\/p>\n<p><a href=\"#_ftnref3\" name=\"_ftn3\">[3]<\/a> Petrus van Mastricht, Theoretical-Practical Theology, Vol. 1: Prolegomena, trans. Todd M. Rester, ed. Joel R. Beeke (Grand Rapids: Reformation Heritage Books, 2018), EPUB ed., ch. 2, \u201cOn the Nature of Theology,\u201d \u00a7 II.ii.1.<\/p>\n<p><a href=\"#_ftnref4\" name=\"_ftn4\">[4]<\/a> Junius, <em>True Theology<\/em>, 108\u201315.<\/p>\n<p><a href=\"#_ftnref5\" name=\"_ftn5\">[5]<\/a> A.g.e.<\/p>\n<p><a href=\"#_ftnref6\" name=\"_ftn6\">[6]<\/a> Turretin, <em>Institutes<\/em>, 1:2:6.<\/p>\n<p><a href=\"#_ftnref7\" name=\"_ftn7\">[7]<\/a> Turretin, <em>Institutes<\/em>, 1:1:V\u2013VI; 3:2:VII\u2013X.<\/p>\n<p><a href=\"#_ftnref8\" name=\"_ftn8\">[8]<\/a> Turretin, <em>Institutes<\/em>, I.2.5; III.v.7; van Mastricht, <em>TPT<\/em>, I.1.13; II.2.7.<\/p>\n<p><a href=\"#_ftnref9\" name=\"_ftn9\">[9]<\/a> Turretin, <em>Institutes<\/em>, 1:2:5; 1:5:12<\/p>\n<p><a href=\"#_ftnref10\" name=\"_ftn10\">[10]<\/a> Muller, <em>PRRD<\/em>, 3:165\u2013201.<\/p>\n<p><a href=\"#_ftnref11\" name=\"_ftn11\">[11]<\/a> Turretin, <em>Institutes<\/em>, 1:2:4\u20135; 1:3:12; 1:8:5; van Mastricht, <em>TPT<\/em>, I.1.13; II.2.7; Johannes \u00e0 Marck, <em>Compendium theologiae Christianae didactico-elencticum<\/em> (Amstelodami: Gerardus Borstius, 1690), IV.xxiii\u2013xxv, 76\u201384.<\/p>\n<p><a href=\"#_ftnref12\" name=\"_ftn12\">[12]<\/a> Turretin, <em>Institutes<\/em>, 1:2:5; 1:8:5.<\/p>\n<p><a href=\"#_ftnref13\" name=\"_ftn13\">[13]<\/a> van Mastricht, <em>TPT<\/em>, I.1.13; II.2.7.<\/p>\n<p><a href=\"#_ftnref14\" name=\"_ftn14\">[14]<\/a> \u00e0 Marck, <em>Compendium<\/em>, IV.xxiii\u2013xxv, 76\u201384.<\/p>\n<p><a href=\"#_ftnref15\" name=\"_ftn15\">[15]<\/a> Muller, <em>PRRD<\/em>, 3:199\u2013205.<\/p>\n<p><a href=\"#_ftnref16\" name=\"_ftn16\">[16]<\/a> Muller, <em>PRRD<\/em>, 1:8.1.<\/p>\n<p><a href=\"#_ftnref17\" name=\"_ftn17\">[17]<\/a> Turretin, <em>Institutes<\/em>, 1:3:IV\u2013IX; 3:27:XIV<\/p>\n<p><a href=\"#_ftnref18\" name=\"_ftn18\">[18]<\/a> Turretin, <em>Institutes<\/em>, 1:3:V\u2013IX.<\/p>\n<p><a href=\"#_ftnref19\" name=\"_ftn19\">[19]<\/a> van Mastricht, <em>TPT<\/em>, II.2 (\u201cOn the Simplicity of God\u201d).<\/p>\n<p><a href=\"#_ftnref20\" name=\"_ftn20\">[20]<\/a> A.g.e.<\/p>\n<p><a href=\"#_ftnref21\" name=\"_ftn21\">[21]<\/a> \u00e0 Marck, <em>Compendium<\/em>, IV.xxiv, 77.<\/p>\n<p><a href=\"#_ftnref22\" name=\"_ftn22\">[22]<\/a> Muller, <em>PRRD<\/em>, 1:267<\/p>\n<p><a href=\"#_ftnref23\" name=\"_ftn23\">[23]<\/a> Muller, <em>PRRD<\/em>, 1:8.4 (246\u201347).<\/p>\n<p><a href=\"#_ftnref24\" name=\"_ftn24\">[24]<\/a> John Calvin, <em>Institutes of the Christian Religion<\/em>, ed. John T. McNeill, trans. Ford Lewis Battles (Philadelphia: Westminster Press, 1960), III.xxi.2.<\/p>\n<p><a href=\"#_ftnref25\" name=\"_ftn25\">[25]<\/a> A.g.e. 141.<\/p>\n<p><a href=\"#_ftnref26\" name=\"_ftn26\">[26]<\/a> Calvin, <em>Institutes<\/em>, 1:131\u201332 (I.13.1); 2:921 (III.xxi.2); Francis Turretin, <em>Institutes, <\/em>1:2:5; 1:5:12. van Mastricht, <em>TPT<\/em>, I.1.3; II.2.7; \u00e0 Marck, <em>Compendium<\/em>, IV.xxiii\u2013xxiv, 76\u201384.<\/p>\n<p><a href=\"#_ftnref27\" name=\"_ftn27\">[27]<\/a> Turretin, <em>Institutes<\/em>, 1:7:IV.<\/p>\n<p><a href=\"#_ftnref28\" name=\"_ftn28\">[28]<\/a> Turretin, <em>Institutes<\/em>, 1:3:VII\u2013XI<\/p>\n<p><a href=\"#_ftnref29\" name=\"_ftn29\">[29]<\/a> Thomas Aquinas, <em>Summa Theologiae<\/em>, I, q. 12, a. 12.<\/p>\n<p><a href=\"#_ftnref30\" name=\"_ftn30\">[30]<\/a> Turretin, <em>Institutes<\/em>, 1:3:VII\u2013XI; 3:10:X.<\/p>\n<p><a href=\"#_ftnref31\" name=\"_ftn31\">[31]<\/a> \u00e0 Marck, <em>Compendium<\/em>, IV.xxiii, 83\u201384.<\/p>\n<p><a href=\"#_ftnref32\" name=\"_ftn32\">[32]<\/a> Turretin, <em>Institutes<\/em>, I.3.V\u2013VIII; I.5.12; van Mastricht, <em>TPT<\/em>, I.1.3; II.2.7. \u00e0 Marck, <em>Compendium<\/em>, IV.xxiii, 83\u201384.<\/p>\n<p><a href=\"#_ftnref33\" name=\"_ftn33\">[33]<\/a> Muller, <em>PRRD<\/em>, 3:164\u2013168, 188\u2013193.<\/p>\n<p><a href=\"#_ftnref34\" name=\"_ftn34\">[34]<\/a> Turretin, <em>Institutes<\/em>, III.xi.3\u20137.<\/p>\n<p><a href=\"#_ftnref35\" name=\"_ftn35\">[35]<\/a> \u00e0 Marck, <em>Compendium<\/em>, IV.xxvi, 84; Muller, <em>PRRD<\/em>, 3:312\u2013320.<\/p>\n<p><a href=\"#_ftnref36\" name=\"_ftn36\">[36]<\/a> Thomas Joseph White, <em>The Trinity: On the Nature and Mystery of the One God<\/em> (Washington, DC: Catholic University of America Press, 2022), 222.<\/p>\n<p><a href=\"#_ftnref37\" name=\"_ftn37\">[37]<\/a> Muller, <em>PRRD<\/em>, 3:312\u2013320.<\/p>\n<p><a href=\"#_ftnref38\" name=\"_ftn38\">[38]<\/a> Turretin, <em>Institutes<\/em>, 1:3:V\u2013IX; Aquinas, <em>ST<\/em>, I, q. 12; q. 13; Muller, <em>PRRD<\/em>, 1:8.4; 3:165\u2013193.<\/p>\n<p><a href=\"#_ftnref39\" name=\"_ftn39\">[39]<\/a> Calvin, <em>Institutes<\/em>, III.xxi.2<\/p>\n<p><a href=\"#_ftnref40\" name=\"_ftn40\">[40]<\/a> Turretin, <em>Institutes<\/em>, 1:2:VI.<\/p>\n<p><a href=\"#_ftnref41\" name=\"_ftn41\">[41]<\/a> Aquinas, <em>ST<\/em>, I, q. 12, a. 12.; Muller, <em>PRRD<\/em>, 3:46\u201348; 1:60\u201363.<\/p>\n<p><a href=\"#_ftnref42\" name=\"_ftn42\">[42]<\/a> \u00e0 Marck, <em>Compendium<\/em>, IV.xxv, 76\u201377<\/p>\n<p><a href=\"#_ftnref43\" name=\"_ftn43\">[43]<\/a> Junius, <em>True Theology<\/em>, I.1\u20133; III.18; Muller, <em>PRRD<\/em>, 1:235\u2013247; Turretin, <em>Institutes<\/em>, I.2.5; I.5.12; van Mastricht, <em>TPT<\/em>, I.1.3; II.2.7.<\/p>\n<p><a href=\"#_ftnref44\" name=\"_ftn44\">[44]<\/a> Junius, <em>True Theology<\/em>, 82\u201389.<\/p>\n","protected":false},"excerpt":{"rendered":"<p>Giri\u015f Hristiyan teolojisi, anla\u015f\u0131lamazl\u0131kla hem ba\u015flar hem de sona erer\u2014bu kavram, bilgiyi b\u00fct\u00fcn\u00fcyle reddetmekten ziyade, onun epistemik s\u0131n\u0131r\u0131n\u0131 ifade eder. Anla\u015f\u0131lamazl\u0131k, ektipal teolojinin ufkunu belirler; yani, anla\u015f\u0131lamaz Tanr\u0131 taraf\u0131ndan yarat\u0131klara l\u00fctfedilen sonlu ve uyarlanm\u0131\u015f bilgiyi. Reformcu ortodoks ilahiyat\u00e7\u0131lar, klasik gelene\u011fe derin bir ba\u011fl\u0131l\u0131kla, merkezi paradoksu b\u00fcy\u00fck bir titizlikle kavrad\u0131lar: Tanr\u0131 hem anla\u015f\u0131lamaz hem de bilinebilir &hellip;<\/p>\n","protected":false},"author":2,"featured_media":1583,"comment_status":"open","ping_status":"open","sticky":false,"template":"","format":"standard","meta":{"footnotes":""},"categories":[1,64],"tags":[284,282,283,281,33,30],"class_list":["post-1582","post","type-post","status-publish","format-standard","has-post-thumbnail","hentry","category-all_blogs","category-tarih","tag-bilinmezlik","tag-ortodoksi","tag-reformcu","tag-skolastik","tag-tanri","tag-teoloji"],"yoast_head":"<!-- This site is optimized with the Yoast SEO plugin v20.11 - https:\/\/yoast.com\/wordpress\/plugins\/seo\/ -->\n<title>Tanr\u0131sal Anla\u015f\u0131lamazl\u0131k ve Skolastik Y\u00f6ntem - K\u00fcpeli Teolog<\/title>\n<meta name=\"description\" content=\"Bu makale \u015fu ara\u015ft\u0131rma sorusunu ele almaktad\u0131r: Reformcu skolastikler, Tanr\u0131\u2019n\u0131n anla\u015f\u0131lamazl\u0131\u011f\u0131n\u0131 koruma alt\u0131na al\u0131rken ayn\u0131 zamanda...\" \/>\n<meta name=\"robots\" content=\"index, follow, max-snippet:-1, max-image-preview:large, max-video-preview:-1\" \/>\n<link rel=\"canonical\" href=\"http:\/\/kupeliteolog.com\/index.php\/2025\/12\/15\/tanrisal-anlasilamazlik-ve-skolastik-yontem-reform-ortodoksi\/\" \/>\n<meta property=\"og:locale\" content=\"tr_TR\" \/>\n<meta property=\"og:type\" content=\"article\" \/>\n<meta property=\"og:title\" content=\"Tanr\u0131sal Anla\u015f\u0131lamazl\u0131k ve Skolastik Y\u00f6ntem - K\u00fcpeli Teolog\" \/>\n<meta property=\"og:description\" content=\"Bu makale \u015fu ara\u015ft\u0131rma sorusunu ele almaktad\u0131r: Reformcu skolastikler, Tanr\u0131\u2019n\u0131n anla\u015f\u0131lamazl\u0131\u011f\u0131n\u0131 koruma alt\u0131na al\u0131rken ayn\u0131 zamanda...\" \/>\n<meta property=\"og:url\" content=\"http:\/\/kupeliteolog.com\/index.php\/2025\/12\/15\/tanrisal-anlasilamazlik-ve-skolastik-yontem-reform-ortodoksi\/\" \/>\n<meta property=\"og:site_name\" content=\"K\u00fcpeli Teolog\" \/>\n<meta property=\"article:published_time\" content=\"2025-12-15T13:35:51+00:00\" \/>\n<meta property=\"article:modified_time\" content=\"2025-12-15T13:36:46+00:00\" \/>\n<meta property=\"og:image\" content=\"http:\/\/kupeliteolog.com\/wp-content\/uploads\/2025\/12\/bourg-en-bresse-3599450_1280.jpg\" \/>\n\t<meta property=\"og:image:width\" content=\"1280\" \/>\n\t<meta property=\"og:image:height\" content=\"853\" \/>\n\t<meta property=\"og:image:type\" content=\"image\/jpeg\" \/>\n<meta name=\"author\" content=\"Kupeli Teolog\" \/>\n<meta name=\"twitter:card\" content=\"summary_large_image\" \/>\n<meta name=\"twitter:creator\" content=\"@https:\/\/twitter.com\/kupeliteolog\" \/>\n<meta name=\"twitter:site\" content=\"@kupeliteolog\" \/>\n<meta name=\"twitter:label1\" content=\"Yazan:\" \/>\n\t<meta name=\"twitter:data1\" content=\"Kupeli Teolog\" \/>\n\t<meta name=\"twitter:label2\" content=\"Tahmini okuma s\u00fcresi\" \/>\n\t<meta name=\"twitter:data2\" content=\"31 dakika\" \/>\n<script type=\"application\/ld+json\" class=\"yoast-schema-graph\">{\"@context\":\"https:\/\/schema.org\",\"@graph\":[{\"@type\":\"Article\",\"@id\":\"http:\/\/kupeliteolog.com\/index.php\/2025\/12\/15\/tanrisal-anlasilamazlik-ve-skolastik-yontem-reform-ortodoksi\/#article\",\"isPartOf\":{\"@id\":\"http:\/\/kupeliteolog.com\/index.php\/2025\/12\/15\/tanrisal-anlasilamazlik-ve-skolastik-yontem-reform-ortodoksi\/\"},\"author\":{\"name\":\"Kupeli Teolog\",\"@id\":\"http:\/\/kupeliteolog.com\/#\/schema\/person\/943430f95319ff35f2fa565dee706102\"},\"headline\":\"Tanr\u0131sal Anla\u015f\u0131lamazl\u0131k ve Skolastik Y\u00f6ntem\",\"datePublished\":\"2025-12-15T13:35:51+00:00\",\"dateModified\":\"2025-12-15T13:36:46+00:00\",\"mainEntityOfPage\":{\"@id\":\"http:\/\/kupeliteolog.com\/index.php\/2025\/12\/15\/tanrisal-anlasilamazlik-ve-skolastik-yontem-reform-ortodoksi\/\"},\"wordCount\":7412,\"commentCount\":0,\"publisher\":{\"@id\":\"http:\/\/kupeliteolog.com\/#\/schema\/person\/943430f95319ff35f2fa565dee706102\"},\"keywords\":[\"bilinmezlik\",\"ortodoksi\",\"reformcu\",\"skolastik\",\"tanr\u0131\",\"teoloji\"],\"articleSection\":[\"\u0130lahiyat\",\"Tarih\"],\"inLanguage\":\"tr\",\"potentialAction\":[{\"@type\":\"CommentAction\",\"name\":\"Comment\",\"target\":[\"http:\/\/kupeliteolog.com\/index.php\/2025\/12\/15\/tanrisal-anlasilamazlik-ve-skolastik-yontem-reform-ortodoksi\/#respond\"]}]},{\"@type\":\"WebPage\",\"@id\":\"http:\/\/kupeliteolog.com\/index.php\/2025\/12\/15\/tanrisal-anlasilamazlik-ve-skolastik-yontem-reform-ortodoksi\/\",\"url\":\"http:\/\/kupeliteolog.com\/index.php\/2025\/12\/15\/tanrisal-anlasilamazlik-ve-skolastik-yontem-reform-ortodoksi\/\",\"name\":\"Tanr\u0131sal Anla\u015f\u0131lamazl\u0131k ve Skolastik Y\u00f6ntem - K\u00fcpeli Teolog\",\"isPartOf\":{\"@id\":\"http:\/\/kupeliteolog.com\/#website\"},\"datePublished\":\"2025-12-15T13:35:51+00:00\",\"dateModified\":\"2025-12-15T13:36:46+00:00\",\"description\":\"Bu makale \u015fu ara\u015ft\u0131rma sorusunu ele almaktad\u0131r: Reformcu skolastikler, Tanr\u0131\u2019n\u0131n anla\u015f\u0131lamazl\u0131\u011f\u0131n\u0131 koruma alt\u0131na al\u0131rken ayn\u0131 zamanda...\",\"breadcrumb\":{\"@id\":\"http:\/\/kupeliteolog.com\/index.php\/2025\/12\/15\/tanrisal-anlasilamazlik-ve-skolastik-yontem-reform-ortodoksi\/#breadcrumb\"},\"inLanguage\":\"tr\",\"potentialAction\":[{\"@type\":\"ReadAction\",\"target\":[\"http:\/\/kupeliteolog.com\/index.php\/2025\/12\/15\/tanrisal-anlasilamazlik-ve-skolastik-yontem-reform-ortodoksi\/\"]}]},{\"@type\":\"BreadcrumbList\",\"@id\":\"http:\/\/kupeliteolog.com\/index.php\/2025\/12\/15\/tanrisal-anlasilamazlik-ve-skolastik-yontem-reform-ortodoksi\/#breadcrumb\",\"itemListElement\":[{\"@type\":\"ListItem\",\"position\":1,\"name\":\"Anasayfa\",\"item\":\"http:\/\/kupeliteolog.com\/\"},{\"@type\":\"ListItem\",\"position\":2,\"name\":\"Tanr\u0131sal Anla\u015f\u0131lamazl\u0131k ve Skolastik Y\u00f6ntem\"}]},{\"@type\":\"WebSite\",\"@id\":\"http:\/\/kupeliteolog.com\/#website\",\"url\":\"http:\/\/kupeliteolog.com\/\",\"name\":\"K\u00fcpeli Teolog\",\"description\":\"K\u00fcpeli Teolog Blog Web Sitesi\",\"publisher\":{\"@id\":\"http:\/\/kupeliteolog.com\/#\/schema\/person\/943430f95319ff35f2fa565dee706102\"},\"potentialAction\":[{\"@type\":\"SearchAction\",\"target\":{\"@type\":\"EntryPoint\",\"urlTemplate\":\"http:\/\/kupeliteolog.com\/?s={search_term_string}\"},\"query-input\":\"required name=search_term_string\"}],\"inLanguage\":\"tr\"},{\"@type\":[\"Person\",\"Organization\"],\"@id\":\"http:\/\/kupeliteolog.com\/#\/schema\/person\/943430f95319ff35f2fa565dee706102\",\"name\":\"Kupeli Teolog\",\"image\":{\"@type\":\"ImageObject\",\"inLanguage\":\"tr\",\"@id\":\"http:\/\/kupeliteolog.com\/#\/schema\/person\/image\/\",\"url\":\"http:\/\/kupeliteolog.com\/wp-content\/uploads\/2022\/12\/favicon-1.png\",\"contentUrl\":\"http:\/\/kupeliteolog.com\/wp-content\/uploads\/2022\/12\/favicon-1.png\",\"width\":500,\"height\":500,\"caption\":\"Kupeli Teolog\"},\"logo\":{\"@id\":\"http:\/\/kupeliteolog.com\/#\/schema\/person\/image\/\"},\"sameAs\":[\"https:\/\/kupeliteolog.com\/\",\"https:\/\/twitter.com\/https:\/\/twitter.com\/kupeliteolog\"],\"url\":\"http:\/\/kupeliteolog.com\/index.php\/author\/kupeli_teolog\/\"}]}<\/script>\n<!-- \/ Yoast SEO plugin. -->","yoast_head_json":{"title":"Tanr\u0131sal Anla\u015f\u0131lamazl\u0131k ve Skolastik Y\u00f6ntem - K\u00fcpeli Teolog","description":"Bu makale \u015fu ara\u015ft\u0131rma sorusunu ele almaktad\u0131r: Reformcu skolastikler, Tanr\u0131\u2019n\u0131n anla\u015f\u0131lamazl\u0131\u011f\u0131n\u0131 koruma alt\u0131na al\u0131rken ayn\u0131 zamanda...","robots":{"index":"index","follow":"follow","max-snippet":"max-snippet:-1","max-image-preview":"max-image-preview:large","max-video-preview":"max-video-preview:-1"},"canonical":"http:\/\/kupeliteolog.com\/index.php\/2025\/12\/15\/tanrisal-anlasilamazlik-ve-skolastik-yontem-reform-ortodoksi\/","og_locale":"tr_TR","og_type":"article","og_title":"Tanr\u0131sal Anla\u015f\u0131lamazl\u0131k ve Skolastik Y\u00f6ntem - K\u00fcpeli Teolog","og_description":"Bu makale \u015fu ara\u015ft\u0131rma sorusunu ele almaktad\u0131r: Reformcu skolastikler, Tanr\u0131\u2019n\u0131n anla\u015f\u0131lamazl\u0131\u011f\u0131n\u0131 koruma alt\u0131na al\u0131rken ayn\u0131 zamanda...","og_url":"http:\/\/kupeliteolog.com\/index.php\/2025\/12\/15\/tanrisal-anlasilamazlik-ve-skolastik-yontem-reform-ortodoksi\/","og_site_name":"K\u00fcpeli Teolog","article_published_time":"2025-12-15T13:35:51+00:00","article_modified_time":"2025-12-15T13:36:46+00:00","og_image":[{"width":1280,"height":853,"url":"http:\/\/kupeliteolog.com\/wp-content\/uploads\/2025\/12\/bourg-en-bresse-3599450_1280.jpg","type":"image\/jpeg"}],"author":"Kupeli Teolog","twitter_card":"summary_large_image","twitter_creator":"@https:\/\/twitter.com\/kupeliteolog","twitter_site":"@kupeliteolog","twitter_misc":{"Yazan:":"Kupeli Teolog","Tahmini okuma s\u00fcresi":"31 dakika"},"schema":{"@context":"https:\/\/schema.org","@graph":[{"@type":"Article","@id":"http:\/\/kupeliteolog.com\/index.php\/2025\/12\/15\/tanrisal-anlasilamazlik-ve-skolastik-yontem-reform-ortodoksi\/#article","isPartOf":{"@id":"http:\/\/kupeliteolog.com\/index.php\/2025\/12\/15\/tanrisal-anlasilamazlik-ve-skolastik-yontem-reform-ortodoksi\/"},"author":{"name":"Kupeli Teolog","@id":"http:\/\/kupeliteolog.com\/#\/schema\/person\/943430f95319ff35f2fa565dee706102"},"headline":"Tanr\u0131sal Anla\u015f\u0131lamazl\u0131k ve Skolastik Y\u00f6ntem","datePublished":"2025-12-15T13:35:51+00:00","dateModified":"2025-12-15T13:36:46+00:00","mainEntityOfPage":{"@id":"http:\/\/kupeliteolog.com\/index.php\/2025\/12\/15\/tanrisal-anlasilamazlik-ve-skolastik-yontem-reform-ortodoksi\/"},"wordCount":7412,"commentCount":0,"publisher":{"@id":"http:\/\/kupeliteolog.com\/#\/schema\/person\/943430f95319ff35f2fa565dee706102"},"keywords":["bilinmezlik","ortodoksi","reformcu","skolastik","tanr\u0131","teoloji"],"articleSection":["\u0130lahiyat","Tarih"],"inLanguage":"tr","potentialAction":[{"@type":"CommentAction","name":"Comment","target":["http:\/\/kupeliteolog.com\/index.php\/2025\/12\/15\/tanrisal-anlasilamazlik-ve-skolastik-yontem-reform-ortodoksi\/#respond"]}]},{"@type":"WebPage","@id":"http:\/\/kupeliteolog.com\/index.php\/2025\/12\/15\/tanrisal-anlasilamazlik-ve-skolastik-yontem-reform-ortodoksi\/","url":"http:\/\/kupeliteolog.com\/index.php\/2025\/12\/15\/tanrisal-anlasilamazlik-ve-skolastik-yontem-reform-ortodoksi\/","name":"Tanr\u0131sal Anla\u015f\u0131lamazl\u0131k ve Skolastik Y\u00f6ntem - K\u00fcpeli Teolog","isPartOf":{"@id":"http:\/\/kupeliteolog.com\/#website"},"datePublished":"2025-12-15T13:35:51+00:00","dateModified":"2025-12-15T13:36:46+00:00","description":"Bu makale \u015fu ara\u015ft\u0131rma sorusunu ele almaktad\u0131r: Reformcu skolastikler, Tanr\u0131\u2019n\u0131n anla\u015f\u0131lamazl\u0131\u011f\u0131n\u0131 koruma alt\u0131na al\u0131rken ayn\u0131 zamanda...","breadcrumb":{"@id":"http:\/\/kupeliteolog.com\/index.php\/2025\/12\/15\/tanrisal-anlasilamazlik-ve-skolastik-yontem-reform-ortodoksi\/#breadcrumb"},"inLanguage":"tr","potentialAction":[{"@type":"ReadAction","target":["http:\/\/kupeliteolog.com\/index.php\/2025\/12\/15\/tanrisal-anlasilamazlik-ve-skolastik-yontem-reform-ortodoksi\/"]}]},{"@type":"BreadcrumbList","@id":"http:\/\/kupeliteolog.com\/index.php\/2025\/12\/15\/tanrisal-anlasilamazlik-ve-skolastik-yontem-reform-ortodoksi\/#breadcrumb","itemListElement":[{"@type":"ListItem","position":1,"name":"Anasayfa","item":"http:\/\/kupeliteolog.com\/"},{"@type":"ListItem","position":2,"name":"Tanr\u0131sal Anla\u015f\u0131lamazl\u0131k ve Skolastik Y\u00f6ntem"}]},{"@type":"WebSite","@id":"http:\/\/kupeliteolog.com\/#website","url":"http:\/\/kupeliteolog.com\/","name":"K\u00fcpeli Teolog","description":"K\u00fcpeli Teolog Blog Web Sitesi","publisher":{"@id":"http:\/\/kupeliteolog.com\/#\/schema\/person\/943430f95319ff35f2fa565dee706102"},"potentialAction":[{"@type":"SearchAction","target":{"@type":"EntryPoint","urlTemplate":"http:\/\/kupeliteolog.com\/?s={search_term_string}"},"query-input":"required name=search_term_string"}],"inLanguage":"tr"},{"@type":["Person","Organization"],"@id":"http:\/\/kupeliteolog.com\/#\/schema\/person\/943430f95319ff35f2fa565dee706102","name":"Kupeli Teolog","image":{"@type":"ImageObject","inLanguage":"tr","@id":"http:\/\/kupeliteolog.com\/#\/schema\/person\/image\/","url":"http:\/\/kupeliteolog.com\/wp-content\/uploads\/2022\/12\/favicon-1.png","contentUrl":"http:\/\/kupeliteolog.com\/wp-content\/uploads\/2022\/12\/favicon-1.png","width":500,"height":500,"caption":"Kupeli Teolog"},"logo":{"@id":"http:\/\/kupeliteolog.com\/#\/schema\/person\/image\/"},"sameAs":["https:\/\/kupeliteolog.com\/","https:\/\/twitter.com\/https:\/\/twitter.com\/kupeliteolog"],"url":"http:\/\/kupeliteolog.com\/index.php\/author\/kupeli_teolog\/"}]}},"_links":{"self":[{"href":"http:\/\/kupeliteolog.com\/index.php\/wp-json\/wp\/v2\/posts\/1582","targetHints":{"allow":["GET"]}}],"collection":[{"href":"http:\/\/kupeliteolog.com\/index.php\/wp-json\/wp\/v2\/posts"}],"about":[{"href":"http:\/\/kupeliteolog.com\/index.php\/wp-json\/wp\/v2\/types\/post"}],"author":[{"embeddable":true,"href":"http:\/\/kupeliteolog.com\/index.php\/wp-json\/wp\/v2\/users\/2"}],"replies":[{"embeddable":true,"href":"http:\/\/kupeliteolog.com\/index.php\/wp-json\/wp\/v2\/comments?post=1582"}],"version-history":[{"count":2,"href":"http:\/\/kupeliteolog.com\/index.php\/wp-json\/wp\/v2\/posts\/1582\/revisions"}],"predecessor-version":[{"id":1585,"href":"http:\/\/kupeliteolog.com\/index.php\/wp-json\/wp\/v2\/posts\/1582\/revisions\/1585"}],"wp:featuredmedia":[{"embeddable":true,"href":"http:\/\/kupeliteolog.com\/index.php\/wp-json\/wp\/v2\/media\/1583"}],"wp:attachment":[{"href":"http:\/\/kupeliteolog.com\/index.php\/wp-json\/wp\/v2\/media?parent=1582"}],"wp:term":[{"taxonomy":"category","embeddable":true,"href":"http:\/\/kupeliteolog.com\/index.php\/wp-json\/wp\/v2\/categories?post=1582"},{"taxonomy":"post_tag","embeddable":true,"href":"http:\/\/kupeliteolog.com\/index.php\/wp-json\/wp\/v2\/tags?post=1582"}],"curies":[{"name":"wp","href":"https:\/\/api.w.org\/{rel}","templated":true}]}}