{"id":1567,"date":"2025-07-23T16:55:39","date_gmt":"2025-07-23T13:55:39","guid":{"rendered":"https:\/\/kupeliteolog.com\/?p=1567"},"modified":"2025-07-23T17:11:18","modified_gmt":"2025-07-23T14:11:18","slug":"iman-sinandiginda-anlam-kazanir","status":"publish","type":"post","link":"http:\/\/kupeliteolog.com\/index.php\/2025\/07\/23\/iman-sinandiginda-anlam-kazanir\/","title":{"rendered":"\u0130man, S\u0131nand\u0131\u011f\u0131nda Anlam Kazan\u0131r"},"content":{"rendered":"<p data-pm-slice=\"1 1 []\">Hayat\u0131m boyunca bir\u00e7ok konuda konu\u015ftu\u011fumu fark ettim. Sadakat hakk\u0131nda konu\u015ftum, affetmek \u00fczerine konu\u015ftum, hizmetk\u00e2rl\u0131ktan, tevazudan, sebatk\u00e2rl\u0131ktan\u2026 Hepsi hakk\u0131nda c\u00fcmlelerim oldu. Ancak bir noktada kendime \u015funu sordum: Ger\u00e7ekten s\u0131nanmad\u0131\u011f\u0131m bir konuda hakikati ne kadar temsil edebilirim? Denemeden ge\u00e7memi\u015f bir bilgelik, sadece teori de\u011fil midir? Evet yaln\u0131zca teoridir. Ben de \u015funu s\u00f6ylemeye ba\u015flad\u0131m art\u0131k: <em>S\u0131nanmad\u0131\u011f\u0131n konuda do\u011fru davranaca\u011f\u0131n\u0131 varsaymak kibirdir.<\/em><\/p>\n<p>\u00c7o\u011fumuz Hristiyan\u0131z, yani en az\u0131ndan \u00f6yleyiz oldu\u011fumuzu iddia ediyoruz. Ancak bu iman ka\u00e7\u0131m\u0131z\u0131n zihnini delip y\u00fcre\u011fine i\u015fledi? Ka\u00e7\u0131m\u0131z, sadece \u2018inan\u0131yorum\u2019 diyerek de\u011fil, zorlanarak, teredd\u00fctle, g\u00f6zya\u015f\u0131yla ve bazen susarak y\u00fcr\u00fcd\u00fc Tanr\u0131&#8217;n\u0131n ard\u0131ndan?<\/p>\n<p>Ben Tanr\u0131\u2019ya evet dedi\u011fimde, neyle kar\u015f\u0131la\u015faca\u011f\u0131m\u0131 bilmiyordum. Asl\u0131nda pek \u00e7o\u011fumuz bilmiyoruz. Ruhsal heyecan, ba\u015flang\u0131\u00e7ta g\u00fczel bir dosttur. Ancak zaman ge\u00e7tik\u00e7e, iman\u0131n bedeli kar\u015f\u0131na \u00e7\u0131kt\u0131\u011f\u0131nda, i\u015fte o zaman ba\u015fl\u0131yor as\u0131l yolculuk. \u0130\u015fte tam da o anlarda \u015funu \u00f6\u011frendim: \u0130man, s\u0131nand\u0131\u011f\u0131nda anlam kazan\u0131yor.<\/p>\n<h5 data-pm-slice=\"1 1 []\">Konu\u015fmak Kolay, Ya\u015famak Zor<\/h5>\n<p>Kutsal Kitap\u2019ta \u015f\u00f6yle yaz\u0131yor: \u201c<em>Onun i\u00e7in, ayakta sa\u011flam durdu\u011funu sanan dikkat etsin, d\u00fc\u015fmesin!<\/em>\u201d (1Ko. 10:12). Bu uyar\u0131 ilk ba\u015fta biraz sert gelebilir. Fakat asl\u0131nda \u00e7ok ger\u00e7ek\u00e7i bir tespit. Kendimizi \u00e7o\u011fu zaman oldu\u011fumuzdan daha sa\u011flam zannediyoruz. F\u0131rt\u0131na \u00e7\u0131kmadan \u00f6nce herkesin teknesi sa\u011flamd\u0131r ancak sular y\u00fckselince, ger\u00e7ek ortaya \u00e7\u0131kar.<\/p>\n<p>\u00d6yle zamanlar ya\u015fad\u0131m ki, bana yap\u0131lan bir haks\u0131zl\u0131k kar\u015f\u0131s\u0131nda \u201cHristiyan gibi davranaca\u011f\u0131m\u201d demekle, ger\u00e7ekten o anda \u00f6yle davranmak aras\u0131nda ne kadar b\u00fcy\u00fck bir u\u00e7urum oldu\u011funu g\u00f6rd\u00fcm. Hatta o u\u00e7urumun kenar\u0131nda saatlerce durdum, karar veremedim. Kendime bile itiraf edemedim ne kadar k\u0131r\u0131ld\u0131\u011f\u0131m\u0131, ne kadar \u00f6fkeli oldu\u011fumu. Fakat i\u015fte o noktada, iman\u0131m\u0131n sadece s\u00f6zlerden mi, yoksa Tanr\u0131\u2019ya olan ger\u00e7ek ba\u011fl\u0131l\u0131\u011f\u0131mdan m\u0131 kaynakland\u0131\u011f\u0131 ortaya \u00e7\u0131kt\u0131.<\/p>\n<h5 data-pm-slice=\"1 1 []\">S\u0131nanmak K\u00f6t\u00fc Bir \u015eey De\u011fildir<\/h5>\n<p data-pm-slice=\"1 1 []\">Yakup \u015f\u00f6yle der: \u201c<em>Karde\u015flerim, \u00e7e\u015fitli denemelerle y\u00fcz y\u00fcze geldi\u011finizde bunu b\u00fcy\u00fck sevin\u00e7le kar\u015f\u0131lay\u0131n. \u00c7\u00fcnk\u00fc bilirsiniz ki, iman\u0131n\u0131z\u0131n s\u0131nanmas\u0131 dayanma g\u00fcc\u00fcn\u00fc yarat\u0131r<\/em>\u201d (Yak. 1:2\u20133). Bu ayet kula\u011fa \u00e7eli\u015fkili gibi geliyor, de\u011fil mi? S\u0131nanmak veya denenmek neden sevin\u00e7 getirsin ki? \u00c7\u00fcnk\u00fc Tanr\u0131\u2019n\u0131n y\u00f6ntemi farkl\u0131d\u0131r. O bizim kusursuz olmam\u0131z\u0131 de\u011fil, olgunla\u015fmam\u0131z\u0131 ister ve olgunluk, yaln\u0131zca s\u0131nanmayla gelir.<\/p>\n<p>\u0130brahim\u2019in hikayesini \u015f\u00f6yle bir d\u00fc\u015f\u00fcn\u00fcn. Tanr\u0131 ona \u201cO\u011flunu bana kurban et\u201d dedi\u011finde, bu sadece bir itaat s\u0131nav\u0131 de\u011fildi. Bu, iman\u0131n temelini neyin olu\u015fturdu\u011funun s\u0131nav\u0131yd\u0131. O\u011flu \u0130shak, Tanr\u0131\u2019dan daha de\u011ferli miydi? Tanr\u0131 ona verdi\u011fini geri istese, \u0130brahim \u201chay\u0131r\u201d m\u0131 diyecekti? Sonunda Tanr\u0131 onu durdurdu. Ancak o ana kadar, \u0130brahim Tanr\u0131\u2019ya \u2018evet\u2019 demeyi ba\u015fard\u0131. Bu y\u00fczden de iman\u0131n atas\u0131 oldu.<\/p>\n<h5 data-pm-slice=\"1 1 []\">Petrus Gibi Konu\u015fmak Kolay<\/h5>\n<p>\u0130sa \u00e7arm\u0131ha gitmeden \u00f6nce Petrus \u015f\u00f6yle dedi: \u201cHerkes senden \u00f6t\u00fcr\u00fc sendeleyip d\u00fc\u015fse de ben asla d\u00fc\u015fmem\u201d (Mat. 26:33). Ne kadar da cesur bir adam gibi g\u00f6r\u00fcn\u00fcyor, de\u011fil mi? Fakat yaln\u0131zca birka\u00e7 saat sonra, ayn\u0131 Petrus, bir hizmet\u00e7inin kar\u015f\u0131s\u0131nda \u201cBen o adam\u0131 tan\u0131m\u0131yorum\u201d diyecek kadar korkuya kap\u0131ld\u0131. \u0130\u015fte iman da bu anlarda s\u0131nan\u0131yor. Cesurca s\u00f6z s\u00f6ylemek kolay ama Tanr\u0131\u2019ya sad\u0131k kalmak, hayat pahas\u0131na olur bazen.<\/p>\n<p>Bu beni d\u00fc\u015f\u00fcnd\u00fcr\u00fcyor. Ben ne zaman \u201cAsla \u015funu yapmam\u201d desem, sanki g\u00f6ky\u00fcz\u00fc susuyor. \u00c7\u00fcnk\u00fc Tanr\u0131, o \u00f6zg\u00fcveni s\u0131namak istiyor. Beni mahvetmek i\u00e7in de\u011fil, ger\u00e7e\u011fe d\u00f6nd\u00fcrmek i\u00e7in yap\u0131yor bunu. Zira kibir, ruhsal hayat\u0131n en sinsi zehirlerinden biridir ve \u00e7o\u011fu zaman, en \u00e7ok da \u2018iman\u2019 maskesiyle gelir.<\/p>\n<h5 data-pm-slice=\"1 1 []\">Modern Hristiyanl\u0131\u011f\u0131n Zaaf\u0131<\/h5>\n<p>Bug\u00fcn\u00fcn Hristiyan d\u00fcnyas\u0131nda, s\u0131nanmam\u0131\u015f imanlara fazlas\u0131yla tap\u0131l\u0131yor. Alk\u0131\u015f geldi\u011fi s\u00fcrece hizmet etmek sevilip \u00f6v\u00fcl\u00fcyor. Haks\u0131zl\u0131\u011fa u\u011frayan ki\u015fi biz olmad\u0131\u011f\u0131m\u0131z s\u00fcrece, affetmek te\u015fvik ediliyor. Bizden bir \u015fey istenmedi\u011fi s\u00fcrece g\u00fcvenilir ve sad\u0131k olmak y\u00fcceltiliyor. Tanr\u0131\u2019y\u0131 sevmek kolay ama Tanr\u0131 bizden hayat\u0131m\u0131z\u0131n iplerini b\u0131rakmam\u0131z\u0131 istedi\u011finde ne olacak?<\/p>\n<p>Bir\u00e7ok Hristiyan, krizle kar\u015f\u0131la\u015ft\u0131\u011f\u0131nda dua etmeyi b\u0131rak\u0131yor. \u00c7\u00fcnk\u00fc dua edince, \u00e7\u00f6z\u00fcm gelmiyor. Oysa dua bir \u00e7\u00f6z\u00fcm arac\u0131 de\u011fil, Tanr\u0131\u2019yla yak\u0131nl\u0131k aray\u0131\u015f\u0131d\u0131r. Dua bizi d\u00f6n\u00fc\u015ft\u00fcrmek i\u00e7in vard\u0131r. \u0130\u015fte bu anlay\u0131\u015f yoksa, iman sadece duygusal bir tatminden ibaret olur. Bu da, Tanr\u0131\u2019n\u0131n bizim i\u00e7in istedi\u011fi ruhsal derinli\u011fe ula\u015fmam\u0131z\u0131 engeller.<\/p>\n<h5 data-pm-slice=\"1 1 []\">Ger\u00e7ek S\u0131nanma Nerede Ba\u015flar?<\/h5>\n<p>Ger\u00e7ek s\u0131nanma, Tanr\u0131 seni g\u00f6r\u00fcnmez k\u0131ld\u0131\u011f\u0131nda ba\u015flar. Hizmet ediyorsun, dua ediyorsun, veriyorsun ama kimse te\u015fekk\u00fcr etmiyor. Hatta bazen yanl\u0131\u015f anl\u0131yorlar seni. Orada h\u00e2l\u00e2 sad\u0131k kalabiliyor musun? Ger\u00e7ek s\u0131nanma, affedemedi\u011fin ki\u015fiyi dua listene koydu\u011funda ba\u015flar. Ger\u00e7ek s\u0131nanma, yan\u0131t alamad\u0131\u011f\u0131n dualara ra\u011fmen yine de diz \u00e7\u00f6kt\u00fc\u011f\u00fcnde ba\u015flar. Ger\u00e7ek s\u0131nanma, Tanr\u0131&#8217;n\u0131n suskunlu\u011funa ra\u011fmen sad\u0131k kalabildi\u011finde ba\u015flar.<\/p>\n<p>Bunlar birer teori de\u011fil. Bunlar, iman yolculu\u011funun bedelleridir ve bu bedeller \u00f6denmedik\u00e7e, iman sadece s\u00fcsl\u00fc bir etiketten ibaret kal\u0131r.<\/p>\n<h5 data-pm-slice=\"1 1 []\">S\u0131nanmak D\u00fc\u015fmek De\u011fildir, F\u0131rsatt\u0131r<\/h5>\n<p>Petrus ink\u00e2r etti. Fakat bu onun hik\u00e2yesinin sonu olmad\u0131. Dirildikten sonra \u0130sa ona d\u00f6nd\u00fc ve tekrar \u201cbeni seviyor musun?\u201d (Yu. 21:15\u201317) diye sordu. \u0130\u015fte Tanr\u0131\u2019n\u0131n l\u00fctfu burada devreye giriyor. S\u0131nanmak, d\u00fc\u015fmek de\u011fildir. S\u0131nanmak, i\u00e7ini g\u00f6rmektir ve Tanr\u0131 o i\u00e7i d\u00fczeltmek ister.<\/p>\n<p>Ben de hayat\u0131mda bir\u00e7ok kez s\u0131nand\u0131m. Her seferinde de\u011fil ama baz\u0131 zamanlar d\u00fc\u015ft\u00fcm ve her d\u00fc\u015ft\u00fc\u011f\u00fcmde, Tanr\u0131 beni geri \u00e7a\u011f\u0131rd\u0131. \u015eunu \u00f6\u011frendim asl\u0131nda: \u0130manl\u0131 olmak demek, hi\u00e7 d\u00fc\u015fmemek de\u011fil. Tanr\u0131\u2019n\u0131n elinden hi\u00e7 ayr\u0131lmamak, O&#8217;nun elini hi\u00e7 b\u0131rakmamakt\u0131r.<\/p>\n<h5 data-pm-slice=\"1 1 []\">S\u0131nanmad\u0131\u011f\u0131n \u015eeyde G\u00fcvenme Kendine<\/h5>\n<p>\u0130man, g\u00fczel s\u00f6zlerle de\u011fil, k\u0131r\u0131k dualarla in\u015fa edilir. Sadakat, kararl\u0131l\u0131kla de\u011fil, Rabbin l\u00fctfuna tutunarak s\u00fcrd\u00fcr\u00fcl\u00fcr ve karakter, yaln\u0131zca krizle olu\u015fur. Bu y\u00fczden, s\u0131nanmad\u0131\u011f\u0131m konularda art\u0131k iddial\u0131 de\u011filim. Kriz ya\u015famam\u0131\u015f, ciddi anlamda burnu s\u00fcrt\u00fclmemi\u015f insan\u0131n laf\u0131na da g\u00fcvenmemeyi \u00f6\u011frendim. Kendi nefsime de g\u00fcvenmiyorum. \u00c7\u00fcnk\u00fc iman, s\u0131nand\u0131\u011f\u0131nda anlam kazan\u0131yor.<\/p>\n<p>Bug\u00fcn bir s\u0131nav\u0131n i\u00e7indeyseniz, korkmay\u0131n. Belki can\u0131n\u0131z yan\u0131yor, belki g\u00f6zleriniz doluyor. Ancak \u015funu bilin ki, bu s\u00fcre\u00e7 iman\u0131n\u0131z\u0131 ger\u00e7ek k\u0131lacak. Tanr\u0131 sizi terk etmedi. Belki sadece sizi pi\u015firiyor ve bu pi\u015fme, sizin i\u00e7in yeni bir sadakat seviyesi do\u011furacak.<\/p>\n","protected":false},"excerpt":{"rendered":"<p>Hayat\u0131m boyunca bir\u00e7ok konuda konu\u015ftu\u011fumu fark ettim. Sadakat hakk\u0131nda konu\u015ftum, affetmek \u00fczerine konu\u015ftum, hizmetk\u00e2rl\u0131ktan, tevazudan, sebatk\u00e2rl\u0131ktan\u2026 Hepsi hakk\u0131nda c\u00fcmlelerim oldu. Ancak bir noktada kendime \u015funu sordum: Ger\u00e7ekten s\u0131nanmad\u0131\u011f\u0131m bir konuda hakikati ne kadar temsil edebilirim? Denemeden ge\u00e7memi\u015f bir bilgelik, sadece teori de\u011fil midir? Evet yaln\u0131zca teoridir. Ben de \u015funu s\u00f6ylemeye ba\u015flad\u0131m art\u0131k: S\u0131nanmad\u0131\u011f\u0131n konuda do\u011fru &hellip;<\/p>\n","protected":false},"author":2,"featured_media":1568,"comment_status":"open","ping_status":"open","sticky":false,"template":"","format":"standard","meta":{"footnotes":""},"categories":[1],"tags":[272,239,271,270,33],"class_list":["post-1567","post","type-post","status-publish","format-standard","has-post-thumbnail","hentry","category-all_blogs","tag-denenme","tag-iman","tag-kriz","tag-sinanma","tag-tanri"],"yoast_head":"<!-- This site is optimized with the Yoast SEO plugin v20.11 - https:\/\/yoast.com\/wordpress\/plugins\/seo\/ -->\n<title>\u0130man, S\u0131nand\u0131\u011f\u0131nda Anlam Kazan\u0131r - K\u00fcpeli Teolog<\/title>\n<meta name=\"description\" content=\"Bir\u00e7ok Hristiyan, krizle kar\u015f\u0131la\u015ft\u0131\u011f\u0131nda dua etmeyi b\u0131rak\u0131yor. \u00c7\u00fcnk\u00fc dua edince, \u00e7\u00f6z\u00fcm gelmiyor. Oysa dua bir \u00e7\u00f6z\u00fcm arac\u0131 de\u011fil, Tanr\u0131\u2019yla...\" \/>\n<meta name=\"robots\" content=\"index, follow, max-snippet:-1, max-image-preview:large, max-video-preview:-1\" \/>\n<link rel=\"canonical\" href=\"http:\/\/kupeliteolog.com\/index.php\/2025\/07\/23\/iman-sinandiginda-anlam-kazanir\/\" \/>\n<meta property=\"og:locale\" content=\"tr_TR\" \/>\n<meta property=\"og:type\" content=\"article\" \/>\n<meta property=\"og:title\" content=\"\u0130man, S\u0131nand\u0131\u011f\u0131nda Anlam Kazan\u0131r - K\u00fcpeli Teolog\" \/>\n<meta property=\"og:description\" content=\"Bir\u00e7ok Hristiyan, krizle kar\u015f\u0131la\u015ft\u0131\u011f\u0131nda dua etmeyi b\u0131rak\u0131yor. \u00c7\u00fcnk\u00fc dua edince, \u00e7\u00f6z\u00fcm gelmiyor. Oysa dua bir \u00e7\u00f6z\u00fcm arac\u0131 de\u011fil, Tanr\u0131\u2019yla...\" \/>\n<meta property=\"og:url\" content=\"http:\/\/kupeliteolog.com\/index.php\/2025\/07\/23\/iman-sinandiginda-anlam-kazanir\/\" \/>\n<meta property=\"og:site_name\" content=\"K\u00fcpeli Teolog\" \/>\n<meta property=\"article:published_time\" content=\"2025-07-23T13:55:39+00:00\" \/>\n<meta property=\"article:modified_time\" content=\"2025-07-23T14:11:18+00:00\" \/>\n<meta property=\"og:image\" content=\"http:\/\/kupeliteolog.com\/wp-content\/uploads\/2025\/07\/krems-7619682_1280.jpg\" \/>\n\t<meta property=\"og:image:width\" content=\"1280\" \/>\n\t<meta property=\"og:image:height\" content=\"853\" \/>\n\t<meta property=\"og:image:type\" content=\"image\/jpeg\" \/>\n<meta name=\"author\" content=\"Kupeli Teolog\" \/>\n<meta name=\"twitter:card\" content=\"summary_large_image\" \/>\n<meta name=\"twitter:creator\" content=\"@https:\/\/twitter.com\/kupeliteolog\" \/>\n<meta name=\"twitter:site\" content=\"@kupeliteolog\" \/>\n<meta name=\"twitter:label1\" content=\"Yazan:\" \/>\n\t<meta name=\"twitter:data1\" content=\"Kupeli Teolog\" \/>\n\t<meta name=\"twitter:label2\" content=\"Tahmini okuma s\u00fcresi\" \/>\n\t<meta name=\"twitter:data2\" content=\"5 dakika\" \/>\n<script type=\"application\/ld+json\" class=\"yoast-schema-graph\">{\"@context\":\"https:\/\/schema.org\",\"@graph\":[{\"@type\":\"Article\",\"@id\":\"http:\/\/kupeliteolog.com\/index.php\/2025\/07\/23\/iman-sinandiginda-anlam-kazanir\/#article\",\"isPartOf\":{\"@id\":\"http:\/\/kupeliteolog.com\/index.php\/2025\/07\/23\/iman-sinandiginda-anlam-kazanir\/\"},\"author\":{\"name\":\"Kupeli Teolog\",\"@id\":\"http:\/\/kupeliteolog.com\/#\/schema\/person\/943430f95319ff35f2fa565dee706102\"},\"headline\":\"\u0130man, S\u0131nand\u0131\u011f\u0131nda Anlam Kazan\u0131r\",\"datePublished\":\"2025-07-23T13:55:39+00:00\",\"dateModified\":\"2025-07-23T14:11:18+00:00\",\"mainEntityOfPage\":{\"@id\":\"http:\/\/kupeliteolog.com\/index.php\/2025\/07\/23\/iman-sinandiginda-anlam-kazanir\/\"},\"wordCount\":1227,\"commentCount\":0,\"publisher\":{\"@id\":\"http:\/\/kupeliteolog.com\/#\/schema\/person\/943430f95319ff35f2fa565dee706102\"},\"keywords\":[\"denenme\",\"iman\",\"kriz\",\"s\u0131nanma\",\"tanr\u0131\"],\"articleSection\":[\"\u0130lahiyat\"],\"inLanguage\":\"tr\",\"potentialAction\":[{\"@type\":\"CommentAction\",\"name\":\"Comment\",\"target\":[\"http:\/\/kupeliteolog.com\/index.php\/2025\/07\/23\/iman-sinandiginda-anlam-kazanir\/#respond\"]}]},{\"@type\":\"WebPage\",\"@id\":\"http:\/\/kupeliteolog.com\/index.php\/2025\/07\/23\/iman-sinandiginda-anlam-kazanir\/\",\"url\":\"http:\/\/kupeliteolog.com\/index.php\/2025\/07\/23\/iman-sinandiginda-anlam-kazanir\/\",\"name\":\"\u0130man, S\u0131nand\u0131\u011f\u0131nda Anlam Kazan\u0131r - K\u00fcpeli Teolog\",\"isPartOf\":{\"@id\":\"http:\/\/kupeliteolog.com\/#website\"},\"datePublished\":\"2025-07-23T13:55:39+00:00\",\"dateModified\":\"2025-07-23T14:11:18+00:00\",\"description\":\"Bir\u00e7ok Hristiyan, krizle kar\u015f\u0131la\u015ft\u0131\u011f\u0131nda dua etmeyi b\u0131rak\u0131yor. \u00c7\u00fcnk\u00fc dua edince, \u00e7\u00f6z\u00fcm gelmiyor. Oysa dua bir \u00e7\u00f6z\u00fcm arac\u0131 de\u011fil, Tanr\u0131\u2019yla...\",\"breadcrumb\":{\"@id\":\"http:\/\/kupeliteolog.com\/index.php\/2025\/07\/23\/iman-sinandiginda-anlam-kazanir\/#breadcrumb\"},\"inLanguage\":\"tr\",\"potentialAction\":[{\"@type\":\"ReadAction\",\"target\":[\"http:\/\/kupeliteolog.com\/index.php\/2025\/07\/23\/iman-sinandiginda-anlam-kazanir\/\"]}]},{\"@type\":\"BreadcrumbList\",\"@id\":\"http:\/\/kupeliteolog.com\/index.php\/2025\/07\/23\/iman-sinandiginda-anlam-kazanir\/#breadcrumb\",\"itemListElement\":[{\"@type\":\"ListItem\",\"position\":1,\"name\":\"Anasayfa\",\"item\":\"http:\/\/kupeliteolog.com\/\"},{\"@type\":\"ListItem\",\"position\":2,\"name\":\"\u0130man, S\u0131nand\u0131\u011f\u0131nda Anlam Kazan\u0131r\"}]},{\"@type\":\"WebSite\",\"@id\":\"http:\/\/kupeliteolog.com\/#website\",\"url\":\"http:\/\/kupeliteolog.com\/\",\"name\":\"K\u00fcpeli Teolog\",\"description\":\"K\u00fcpeli Teolog Blog Web Sitesi\",\"publisher\":{\"@id\":\"http:\/\/kupeliteolog.com\/#\/schema\/person\/943430f95319ff35f2fa565dee706102\"},\"potentialAction\":[{\"@type\":\"SearchAction\",\"target\":{\"@type\":\"EntryPoint\",\"urlTemplate\":\"http:\/\/kupeliteolog.com\/?s={search_term_string}\"},\"query-input\":\"required name=search_term_string\"}],\"inLanguage\":\"tr\"},{\"@type\":[\"Person\",\"Organization\"],\"@id\":\"http:\/\/kupeliteolog.com\/#\/schema\/person\/943430f95319ff35f2fa565dee706102\",\"name\":\"Kupeli Teolog\",\"image\":{\"@type\":\"ImageObject\",\"inLanguage\":\"tr\",\"@id\":\"http:\/\/kupeliteolog.com\/#\/schema\/person\/image\/\",\"url\":\"http:\/\/kupeliteolog.com\/wp-content\/uploads\/2022\/12\/favicon-1.png\",\"contentUrl\":\"http:\/\/kupeliteolog.com\/wp-content\/uploads\/2022\/12\/favicon-1.png\",\"width\":500,\"height\":500,\"caption\":\"Kupeli Teolog\"},\"logo\":{\"@id\":\"http:\/\/kupeliteolog.com\/#\/schema\/person\/image\/\"},\"sameAs\":[\"https:\/\/kupeliteolog.com\/\",\"https:\/\/twitter.com\/https:\/\/twitter.com\/kupeliteolog\"],\"url\":\"http:\/\/kupeliteolog.com\/index.php\/author\/kupeli_teolog\/\"}]}<\/script>\n<!-- \/ Yoast SEO plugin. -->","yoast_head_json":{"title":"\u0130man, S\u0131nand\u0131\u011f\u0131nda Anlam Kazan\u0131r - K\u00fcpeli Teolog","description":"Bir\u00e7ok Hristiyan, krizle kar\u015f\u0131la\u015ft\u0131\u011f\u0131nda dua etmeyi b\u0131rak\u0131yor. \u00c7\u00fcnk\u00fc dua edince, \u00e7\u00f6z\u00fcm gelmiyor. Oysa dua bir \u00e7\u00f6z\u00fcm arac\u0131 de\u011fil, Tanr\u0131\u2019yla...","robots":{"index":"index","follow":"follow","max-snippet":"max-snippet:-1","max-image-preview":"max-image-preview:large","max-video-preview":"max-video-preview:-1"},"canonical":"http:\/\/kupeliteolog.com\/index.php\/2025\/07\/23\/iman-sinandiginda-anlam-kazanir\/","og_locale":"tr_TR","og_type":"article","og_title":"\u0130man, S\u0131nand\u0131\u011f\u0131nda Anlam Kazan\u0131r - K\u00fcpeli Teolog","og_description":"Bir\u00e7ok Hristiyan, krizle kar\u015f\u0131la\u015ft\u0131\u011f\u0131nda dua etmeyi b\u0131rak\u0131yor. \u00c7\u00fcnk\u00fc dua edince, \u00e7\u00f6z\u00fcm gelmiyor. Oysa dua bir \u00e7\u00f6z\u00fcm arac\u0131 de\u011fil, Tanr\u0131\u2019yla...","og_url":"http:\/\/kupeliteolog.com\/index.php\/2025\/07\/23\/iman-sinandiginda-anlam-kazanir\/","og_site_name":"K\u00fcpeli Teolog","article_published_time":"2025-07-23T13:55:39+00:00","article_modified_time":"2025-07-23T14:11:18+00:00","og_image":[{"width":1280,"height":853,"url":"http:\/\/kupeliteolog.com\/wp-content\/uploads\/2025\/07\/krems-7619682_1280.jpg","type":"image\/jpeg"}],"author":"Kupeli Teolog","twitter_card":"summary_large_image","twitter_creator":"@https:\/\/twitter.com\/kupeliteolog","twitter_site":"@kupeliteolog","twitter_misc":{"Yazan:":"Kupeli Teolog","Tahmini okuma s\u00fcresi":"5 dakika"},"schema":{"@context":"https:\/\/schema.org","@graph":[{"@type":"Article","@id":"http:\/\/kupeliteolog.com\/index.php\/2025\/07\/23\/iman-sinandiginda-anlam-kazanir\/#article","isPartOf":{"@id":"http:\/\/kupeliteolog.com\/index.php\/2025\/07\/23\/iman-sinandiginda-anlam-kazanir\/"},"author":{"name":"Kupeli Teolog","@id":"http:\/\/kupeliteolog.com\/#\/schema\/person\/943430f95319ff35f2fa565dee706102"},"headline":"\u0130man, S\u0131nand\u0131\u011f\u0131nda Anlam Kazan\u0131r","datePublished":"2025-07-23T13:55:39+00:00","dateModified":"2025-07-23T14:11:18+00:00","mainEntityOfPage":{"@id":"http:\/\/kupeliteolog.com\/index.php\/2025\/07\/23\/iman-sinandiginda-anlam-kazanir\/"},"wordCount":1227,"commentCount":0,"publisher":{"@id":"http:\/\/kupeliteolog.com\/#\/schema\/person\/943430f95319ff35f2fa565dee706102"},"keywords":["denenme","iman","kriz","s\u0131nanma","tanr\u0131"],"articleSection":["\u0130lahiyat"],"inLanguage":"tr","potentialAction":[{"@type":"CommentAction","name":"Comment","target":["http:\/\/kupeliteolog.com\/index.php\/2025\/07\/23\/iman-sinandiginda-anlam-kazanir\/#respond"]}]},{"@type":"WebPage","@id":"http:\/\/kupeliteolog.com\/index.php\/2025\/07\/23\/iman-sinandiginda-anlam-kazanir\/","url":"http:\/\/kupeliteolog.com\/index.php\/2025\/07\/23\/iman-sinandiginda-anlam-kazanir\/","name":"\u0130man, S\u0131nand\u0131\u011f\u0131nda Anlam Kazan\u0131r - K\u00fcpeli Teolog","isPartOf":{"@id":"http:\/\/kupeliteolog.com\/#website"},"datePublished":"2025-07-23T13:55:39+00:00","dateModified":"2025-07-23T14:11:18+00:00","description":"Bir\u00e7ok Hristiyan, krizle kar\u015f\u0131la\u015ft\u0131\u011f\u0131nda dua etmeyi b\u0131rak\u0131yor. \u00c7\u00fcnk\u00fc dua edince, \u00e7\u00f6z\u00fcm gelmiyor. Oysa dua bir \u00e7\u00f6z\u00fcm arac\u0131 de\u011fil, Tanr\u0131\u2019yla...","breadcrumb":{"@id":"http:\/\/kupeliteolog.com\/index.php\/2025\/07\/23\/iman-sinandiginda-anlam-kazanir\/#breadcrumb"},"inLanguage":"tr","potentialAction":[{"@type":"ReadAction","target":["http:\/\/kupeliteolog.com\/index.php\/2025\/07\/23\/iman-sinandiginda-anlam-kazanir\/"]}]},{"@type":"BreadcrumbList","@id":"http:\/\/kupeliteolog.com\/index.php\/2025\/07\/23\/iman-sinandiginda-anlam-kazanir\/#breadcrumb","itemListElement":[{"@type":"ListItem","position":1,"name":"Anasayfa","item":"http:\/\/kupeliteolog.com\/"},{"@type":"ListItem","position":2,"name":"\u0130man, S\u0131nand\u0131\u011f\u0131nda Anlam Kazan\u0131r"}]},{"@type":"WebSite","@id":"http:\/\/kupeliteolog.com\/#website","url":"http:\/\/kupeliteolog.com\/","name":"K\u00fcpeli Teolog","description":"K\u00fcpeli Teolog Blog Web Sitesi","publisher":{"@id":"http:\/\/kupeliteolog.com\/#\/schema\/person\/943430f95319ff35f2fa565dee706102"},"potentialAction":[{"@type":"SearchAction","target":{"@type":"EntryPoint","urlTemplate":"http:\/\/kupeliteolog.com\/?s={search_term_string}"},"query-input":"required name=search_term_string"}],"inLanguage":"tr"},{"@type":["Person","Organization"],"@id":"http:\/\/kupeliteolog.com\/#\/schema\/person\/943430f95319ff35f2fa565dee706102","name":"Kupeli Teolog","image":{"@type":"ImageObject","inLanguage":"tr","@id":"http:\/\/kupeliteolog.com\/#\/schema\/person\/image\/","url":"http:\/\/kupeliteolog.com\/wp-content\/uploads\/2022\/12\/favicon-1.png","contentUrl":"http:\/\/kupeliteolog.com\/wp-content\/uploads\/2022\/12\/favicon-1.png","width":500,"height":500,"caption":"Kupeli Teolog"},"logo":{"@id":"http:\/\/kupeliteolog.com\/#\/schema\/person\/image\/"},"sameAs":["https:\/\/kupeliteolog.com\/","https:\/\/twitter.com\/https:\/\/twitter.com\/kupeliteolog"],"url":"http:\/\/kupeliteolog.com\/index.php\/author\/kupeli_teolog\/"}]}},"_links":{"self":[{"href":"http:\/\/kupeliteolog.com\/index.php\/wp-json\/wp\/v2\/posts\/1567","targetHints":{"allow":["GET"]}}],"collection":[{"href":"http:\/\/kupeliteolog.com\/index.php\/wp-json\/wp\/v2\/posts"}],"about":[{"href":"http:\/\/kupeliteolog.com\/index.php\/wp-json\/wp\/v2\/types\/post"}],"author":[{"embeddable":true,"href":"http:\/\/kupeliteolog.com\/index.php\/wp-json\/wp\/v2\/users\/2"}],"replies":[{"embeddable":true,"href":"http:\/\/kupeliteolog.com\/index.php\/wp-json\/wp\/v2\/comments?post=1567"}],"version-history":[{"count":2,"href":"http:\/\/kupeliteolog.com\/index.php\/wp-json\/wp\/v2\/posts\/1567\/revisions"}],"predecessor-version":[{"id":1570,"href":"http:\/\/kupeliteolog.com\/index.php\/wp-json\/wp\/v2\/posts\/1567\/revisions\/1570"}],"wp:featuredmedia":[{"embeddable":true,"href":"http:\/\/kupeliteolog.com\/index.php\/wp-json\/wp\/v2\/media\/1568"}],"wp:attachment":[{"href":"http:\/\/kupeliteolog.com\/index.php\/wp-json\/wp\/v2\/media?parent=1567"}],"wp:term":[{"taxonomy":"category","embeddable":true,"href":"http:\/\/kupeliteolog.com\/index.php\/wp-json\/wp\/v2\/categories?post=1567"},{"taxonomy":"post_tag","embeddable":true,"href":"http:\/\/kupeliteolog.com\/index.php\/wp-json\/wp\/v2\/tags?post=1567"}],"curies":[{"name":"wp","href":"https:\/\/api.w.org\/{rel}","templated":true}]}}