{"id":1403,"date":"2023-06-29T21:07:40","date_gmt":"2023-06-29T18:07:40","guid":{"rendered":"https:\/\/kupeliteolog.com\/?p=1403"},"modified":"2023-06-29T21:07:40","modified_gmt":"2023-06-29T18:07:40","slug":"isaya-ait-olanlara-mahkumiyet-yoktur","status":"publish","type":"post","link":"http:\/\/kupeliteolog.com\/index.php\/2023\/06\/29\/isaya-ait-olanlara-mahkumiyet-yoktur\/","title":{"rendered":"\u0130sa&#8217;ya ait olanlara mahk\u00fbmiyet yoktur"},"content":{"rendered":"<p>&#8220;H\u00e2l\u00e2 g\u00fcnahla ku\u015fat\u0131lm\u0131\u015f olsalar da, bedende de\u011fil Ruh&#8217;ta ya\u015fad\u0131klar\u0131 s\u00fcrece \u00f6l\u00fcm\u00fcn g\u00fcc\u00fcnden ve her lanetten \u00f6zg\u00fcrd\u00fcrler: B\u00f6ylece bu \u00fc\u00e7 \u015feyi -inananlar\u0131n her zaman alt\u0131nda ezildikleri kusurlulu\u011fu, Tanr\u0131&#8217;n\u0131n bunu ba\u011f\u0131\u015flayan merhametini ve Ruh&#8217;un yenilenmesini- birle\u015ftirmektedir; ve bu (<em>Tanr\u0131&#8217;n\u0131n ba\u011f\u0131\u015flayan merhameti ve Ruh&#8217;un yenilenmesi<\/em>) \u00f6zellikle son olarak, hi\u00e7 kimse kendi benli\u011fine g\u00fcvenerek, sanki lanetten kurtulmu\u015f\u00e7as\u0131na beyhude bir d\u00fc\u015f\u00fcnceyle kendini \u00f6vmesin diye s\u00f6ylenmi\u015ftir. O zaman benli\u011fe g\u00f6re ya\u015fayan insan, hayat\u0131n\u0131 d\u00fczene sokmak i\u00e7in hi\u00e7bir \u015fekilde istekli olmad\u0131\u011f\u0131nda, bu l\u00fctfa sahipmi\u015f gibi davranarak kendisine dokunulmazl\u0131k vaat etti\u011finde, bo\u015f yere kendini \u00f6vd\u00fc\u011f\u00fc gibi dindarlar\u0131n titreyen vicdanlar\u0131 da yenilmez bir kaleye sahiptir, \u00e7\u00fcnk\u00fc Mesih&#8217;te kald\u0131klar\u0131 s\u00fcrece her t\u00fcrl\u00fc mahk\u00fbmiyet tehlikesinin \u00f6tesinde olduklar\u0131n\u0131 bilirler.&#8221;<\/p>\n<p>John Calvin and John Owen, Commentary on the Epistle of Paul the Apostle to the Romans (Bellingham, WA: Logos Bible Software, 2010), 275\u2013276.<\/p>\n","protected":false},"excerpt":{"rendered":"<p>&#8220;H\u00e2l\u00e2 g\u00fcnahla ku\u015fat\u0131lm\u0131\u015f olsalar da, bedende de\u011fil Ruh&#8217;ta ya\u015fad\u0131klar\u0131 s\u00fcrece \u00f6l\u00fcm\u00fcn g\u00fcc\u00fcnden ve her lanetten \u00f6zg\u00fcrd\u00fcrler: B\u00f6ylece bu \u00fc\u00e7 \u015feyi -inananlar\u0131n her zaman alt\u0131nda ezildikleri kusurlulu\u011fu, Tanr\u0131&#8217;n\u0131n bunu ba\u011f\u0131\u015flayan merhametini ve Ruh&#8217;un yenilenmesini- birle\u015ftirmektedir; ve bu (Tanr\u0131&#8217;n\u0131n ba\u011f\u0131\u015flayan merhameti ve Ruh&#8217;un yenilenmesi) \u00f6zellikle son olarak, hi\u00e7 kimse kendi benli\u011fine g\u00fcvenerek, sanki lanetten kurtulmu\u015f\u00e7as\u0131na beyhude bir &hellip;<\/p>\n","protected":false},"author":2,"featured_media":1404,"comment_status":"open","ping_status":"open","sticky":false,"template":"","format":"standard","meta":{"footnotes":""},"categories":[1],"tags":[44,126,29,133,80,33],"class_list":["post-1403","post","type-post","status-publish","format-standard","has-post-thumbnail","hentry","category-all_blogs","tag-calvin","tag-gunah","tag-ilahiyat","tag-mahkumiyet","tag-rab","tag-tanri"],"yoast_head":"<!-- This site is optimized with the Yoast SEO plugin v20.11 - https:\/\/yoast.com\/wordpress\/plugins\/seo\/ -->\n<title>\u0130sa&#039;ya ait olanlara mahk\u00fbmiyet yoktur - K\u00fcpeli Teolog<\/title>\n<meta name=\"robots\" content=\"index, follow, max-snippet:-1, max-image-preview:large, max-video-preview:-1\" \/>\n<link rel=\"canonical\" href=\"https:\/\/kupeliteolog.com\/index.php\/2023\/06\/29\/isaya-ait-olanlara-mahkumiyet-yoktur\/\" \/>\n<meta property=\"og:locale\" content=\"tr_TR\" \/>\n<meta property=\"og:type\" content=\"article\" \/>\n<meta property=\"og:title\" content=\"\u0130sa&#039;ya ait olanlara mahk\u00fbmiyet yoktur - K\u00fcpeli Teolog\" \/>\n<meta property=\"og:description\" content=\"&#8220;H\u00e2l\u00e2 g\u00fcnahla ku\u015fat\u0131lm\u0131\u015f olsalar da, bedende de\u011fil Ruh&#8217;ta ya\u015fad\u0131klar\u0131 s\u00fcrece \u00f6l\u00fcm\u00fcn g\u00fcc\u00fcnden ve her lanetten \u00f6zg\u00fcrd\u00fcrler: B\u00f6ylece bu \u00fc\u00e7 \u015feyi -inananlar\u0131n her zaman alt\u0131nda ezildikleri kusurlulu\u011fu, Tanr\u0131&#8217;n\u0131n bunu ba\u011f\u0131\u015flayan merhametini ve Ruh&#8217;un yenilenmesini- birle\u015ftirmektedir; ve bu (Tanr\u0131&#8217;n\u0131n ba\u011f\u0131\u015flayan merhameti ve Ruh&#8217;un yenilenmesi) \u00f6zellikle son olarak, hi\u00e7 kimse kendi benli\u011fine g\u00fcvenerek, sanki lanetten kurtulmu\u015f\u00e7as\u0131na beyhude bir &hellip;\" \/>\n<meta property=\"og:url\" content=\"https:\/\/kupeliteolog.com\/index.php\/2023\/06\/29\/isaya-ait-olanlara-mahkumiyet-yoktur\/\" \/>\n<meta property=\"og:site_name\" content=\"K\u00fcpeli Teolog\" \/>\n<meta property=\"article:published_time\" content=\"2023-06-29T18:07:40+00:00\" \/>\n<meta property=\"og:image\" content=\"https:\/\/kupeliteolog.com\/wp-content\/uploads\/2023\/06\/bald-eagle-521492_1280.jpg\" \/>\n\t<meta property=\"og:image:width\" content=\"1280\" \/>\n\t<meta property=\"og:image:height\" content=\"744\" \/>\n\t<meta property=\"og:image:type\" content=\"image\/jpeg\" \/>\n<meta name=\"author\" content=\"Kupeli Teolog\" \/>\n<meta name=\"twitter:card\" content=\"summary_large_image\" \/>\n<meta name=\"twitter:creator\" content=\"@https:\/\/twitter.com\/kupeliteolog\" \/>\n<meta name=\"twitter:site\" content=\"@kupeliteolog\" \/>\n<meta name=\"twitter:label1\" content=\"Yazan:\" \/>\n\t<meta name=\"twitter:data1\" content=\"Kupeli Teolog\" \/>\n\t<meta name=\"twitter:label2\" content=\"Tahmini okuma s\u00fcresi\" \/>\n\t<meta name=\"twitter:data2\" content=\"1 dakika\" \/>\n<script type=\"application\/ld+json\" class=\"yoast-schema-graph\">{\"@context\":\"https:\/\/schema.org\",\"@graph\":[{\"@type\":\"Article\",\"@id\":\"https:\/\/kupeliteolog.com\/index.php\/2023\/06\/29\/isaya-ait-olanlara-mahkumiyet-yoktur\/#article\",\"isPartOf\":{\"@id\":\"https:\/\/kupeliteolog.com\/index.php\/2023\/06\/29\/isaya-ait-olanlara-mahkumiyet-yoktur\/\"},\"author\":{\"name\":\"Kupeli Teolog\",\"@id\":\"http:\/\/kupeliteolog.com\/#\/schema\/person\/943430f95319ff35f2fa565dee706102\"},\"headline\":\"\u0130sa&#8217;ya ait olanlara mahk\u00fbmiyet yoktur\",\"datePublished\":\"2023-06-29T18:07:40+00:00\",\"dateModified\":\"2023-06-29T18:07:40+00:00\",\"mainEntityOfPage\":{\"@id\":\"https:\/\/kupeliteolog.com\/index.php\/2023\/06\/29\/isaya-ait-olanlara-mahkumiyet-yoktur\/\"},\"wordCount\":182,\"commentCount\":0,\"publisher\":{\"@id\":\"http:\/\/kupeliteolog.com\/#\/schema\/person\/943430f95319ff35f2fa565dee706102\"},\"keywords\":[\"calvin\",\"g\u00fcnah\",\"ilahiyat\",\"mahkumiyet\",\"rab\",\"tanr\u0131\"],\"articleSection\":[\"\u0130lahiyat\"],\"inLanguage\":\"tr\",\"potentialAction\":[{\"@type\":\"CommentAction\",\"name\":\"Comment\",\"target\":[\"https:\/\/kupeliteolog.com\/index.php\/2023\/06\/29\/isaya-ait-olanlara-mahkumiyet-yoktur\/#respond\"]}]},{\"@type\":\"WebPage\",\"@id\":\"https:\/\/kupeliteolog.com\/index.php\/2023\/06\/29\/isaya-ait-olanlara-mahkumiyet-yoktur\/\",\"url\":\"https:\/\/kupeliteolog.com\/index.php\/2023\/06\/29\/isaya-ait-olanlara-mahkumiyet-yoktur\/\",\"name\":\"\u0130sa'ya ait olanlara mahk\u00fbmiyet yoktur - K\u00fcpeli Teolog\",\"isPartOf\":{\"@id\":\"http:\/\/kupeliteolog.com\/#website\"},\"datePublished\":\"2023-06-29T18:07:40+00:00\",\"dateModified\":\"2023-06-29T18:07:40+00:00\",\"breadcrumb\":{\"@id\":\"https:\/\/kupeliteolog.com\/index.php\/2023\/06\/29\/isaya-ait-olanlara-mahkumiyet-yoktur\/#breadcrumb\"},\"inLanguage\":\"tr\",\"potentialAction\":[{\"@type\":\"ReadAction\",\"target\":[\"https:\/\/kupeliteolog.com\/index.php\/2023\/06\/29\/isaya-ait-olanlara-mahkumiyet-yoktur\/\"]}]},{\"@type\":\"BreadcrumbList\",\"@id\":\"https:\/\/kupeliteolog.com\/index.php\/2023\/06\/29\/isaya-ait-olanlara-mahkumiyet-yoktur\/#breadcrumb\",\"itemListElement\":[{\"@type\":\"ListItem\",\"position\":1,\"name\":\"Anasayfa\",\"item\":\"http:\/\/kupeliteolog.com\/\"},{\"@type\":\"ListItem\",\"position\":2,\"name\":\"\u0130sa&#8217;ya ait olanlara mahk\u00fbmiyet yoktur\"}]},{\"@type\":\"WebSite\",\"@id\":\"http:\/\/kupeliteolog.com\/#website\",\"url\":\"http:\/\/kupeliteolog.com\/\",\"name\":\"K\u00fcpeli Teolog\",\"description\":\"K\u00fcpeli Teolog Blog Web Sitesi\",\"publisher\":{\"@id\":\"http:\/\/kupeliteolog.com\/#\/schema\/person\/943430f95319ff35f2fa565dee706102\"},\"potentialAction\":[{\"@type\":\"SearchAction\",\"target\":{\"@type\":\"EntryPoint\",\"urlTemplate\":\"http:\/\/kupeliteolog.com\/?s={search_term_string}\"},\"query-input\":\"required name=search_term_string\"}],\"inLanguage\":\"tr\"},{\"@type\":[\"Person\",\"Organization\"],\"@id\":\"http:\/\/kupeliteolog.com\/#\/schema\/person\/943430f95319ff35f2fa565dee706102\",\"name\":\"Kupeli Teolog\",\"image\":{\"@type\":\"ImageObject\",\"inLanguage\":\"tr\",\"@id\":\"http:\/\/kupeliteolog.com\/#\/schema\/person\/image\/\",\"url\":\"http:\/\/kupeliteolog.com\/wp-content\/uploads\/2022\/12\/favicon-1.png\",\"contentUrl\":\"http:\/\/kupeliteolog.com\/wp-content\/uploads\/2022\/12\/favicon-1.png\",\"width\":500,\"height\":500,\"caption\":\"Kupeli Teolog\"},\"logo\":{\"@id\":\"http:\/\/kupeliteolog.com\/#\/schema\/person\/image\/\"},\"sameAs\":[\"https:\/\/kupeliteolog.com\/\",\"https:\/\/twitter.com\/https:\/\/twitter.com\/kupeliteolog\"],\"url\":\"http:\/\/kupeliteolog.com\/index.php\/author\/kupeli_teolog\/\"}]}<\/script>\n<!-- \/ Yoast SEO plugin. -->","yoast_head_json":{"title":"\u0130sa'ya ait olanlara mahk\u00fbmiyet yoktur - K\u00fcpeli Teolog","robots":{"index":"index","follow":"follow","max-snippet":"max-snippet:-1","max-image-preview":"max-image-preview:large","max-video-preview":"max-video-preview:-1"},"canonical":"https:\/\/kupeliteolog.com\/index.php\/2023\/06\/29\/isaya-ait-olanlara-mahkumiyet-yoktur\/","og_locale":"tr_TR","og_type":"article","og_title":"\u0130sa'ya ait olanlara mahk\u00fbmiyet yoktur - K\u00fcpeli Teolog","og_description":"&#8220;H\u00e2l\u00e2 g\u00fcnahla ku\u015fat\u0131lm\u0131\u015f olsalar da, bedende de\u011fil Ruh&#8217;ta ya\u015fad\u0131klar\u0131 s\u00fcrece \u00f6l\u00fcm\u00fcn g\u00fcc\u00fcnden ve her lanetten \u00f6zg\u00fcrd\u00fcrler: B\u00f6ylece bu \u00fc\u00e7 \u015feyi -inananlar\u0131n her zaman alt\u0131nda ezildikleri kusurlulu\u011fu, Tanr\u0131&#8217;n\u0131n bunu ba\u011f\u0131\u015flayan merhametini ve Ruh&#8217;un yenilenmesini- birle\u015ftirmektedir; ve bu (Tanr\u0131&#8217;n\u0131n ba\u011f\u0131\u015flayan merhameti ve Ruh&#8217;un yenilenmesi) \u00f6zellikle son olarak, hi\u00e7 kimse kendi benli\u011fine g\u00fcvenerek, sanki lanetten kurtulmu\u015f\u00e7as\u0131na beyhude bir &hellip;","og_url":"https:\/\/kupeliteolog.com\/index.php\/2023\/06\/29\/isaya-ait-olanlara-mahkumiyet-yoktur\/","og_site_name":"K\u00fcpeli Teolog","article_published_time":"2023-06-29T18:07:40+00:00","og_image":[{"width":1280,"height":744,"url":"https:\/\/kupeliteolog.com\/wp-content\/uploads\/2023\/06\/bald-eagle-521492_1280.jpg","type":"image\/jpeg"}],"author":"Kupeli Teolog","twitter_card":"summary_large_image","twitter_creator":"@https:\/\/twitter.com\/kupeliteolog","twitter_site":"@kupeliteolog","twitter_misc":{"Yazan:":"Kupeli Teolog","Tahmini okuma s\u00fcresi":"1 dakika"},"schema":{"@context":"https:\/\/schema.org","@graph":[{"@type":"Article","@id":"https:\/\/kupeliteolog.com\/index.php\/2023\/06\/29\/isaya-ait-olanlara-mahkumiyet-yoktur\/#article","isPartOf":{"@id":"https:\/\/kupeliteolog.com\/index.php\/2023\/06\/29\/isaya-ait-olanlara-mahkumiyet-yoktur\/"},"author":{"name":"Kupeli Teolog","@id":"http:\/\/kupeliteolog.com\/#\/schema\/person\/943430f95319ff35f2fa565dee706102"},"headline":"\u0130sa&#8217;ya ait olanlara mahk\u00fbmiyet yoktur","datePublished":"2023-06-29T18:07:40+00:00","dateModified":"2023-06-29T18:07:40+00:00","mainEntityOfPage":{"@id":"https:\/\/kupeliteolog.com\/index.php\/2023\/06\/29\/isaya-ait-olanlara-mahkumiyet-yoktur\/"},"wordCount":182,"commentCount":0,"publisher":{"@id":"http:\/\/kupeliteolog.com\/#\/schema\/person\/943430f95319ff35f2fa565dee706102"},"keywords":["calvin","g\u00fcnah","ilahiyat","mahkumiyet","rab","tanr\u0131"],"articleSection":["\u0130lahiyat"],"inLanguage":"tr","potentialAction":[{"@type":"CommentAction","name":"Comment","target":["https:\/\/kupeliteolog.com\/index.php\/2023\/06\/29\/isaya-ait-olanlara-mahkumiyet-yoktur\/#respond"]}]},{"@type":"WebPage","@id":"https:\/\/kupeliteolog.com\/index.php\/2023\/06\/29\/isaya-ait-olanlara-mahkumiyet-yoktur\/","url":"https:\/\/kupeliteolog.com\/index.php\/2023\/06\/29\/isaya-ait-olanlara-mahkumiyet-yoktur\/","name":"\u0130sa'ya ait olanlara mahk\u00fbmiyet yoktur - K\u00fcpeli Teolog","isPartOf":{"@id":"http:\/\/kupeliteolog.com\/#website"},"datePublished":"2023-06-29T18:07:40+00:00","dateModified":"2023-06-29T18:07:40+00:00","breadcrumb":{"@id":"https:\/\/kupeliteolog.com\/index.php\/2023\/06\/29\/isaya-ait-olanlara-mahkumiyet-yoktur\/#breadcrumb"},"inLanguage":"tr","potentialAction":[{"@type":"ReadAction","target":["https:\/\/kupeliteolog.com\/index.php\/2023\/06\/29\/isaya-ait-olanlara-mahkumiyet-yoktur\/"]}]},{"@type":"BreadcrumbList","@id":"https:\/\/kupeliteolog.com\/index.php\/2023\/06\/29\/isaya-ait-olanlara-mahkumiyet-yoktur\/#breadcrumb","itemListElement":[{"@type":"ListItem","position":1,"name":"Anasayfa","item":"http:\/\/kupeliteolog.com\/"},{"@type":"ListItem","position":2,"name":"\u0130sa&#8217;ya ait olanlara mahk\u00fbmiyet yoktur"}]},{"@type":"WebSite","@id":"http:\/\/kupeliteolog.com\/#website","url":"http:\/\/kupeliteolog.com\/","name":"K\u00fcpeli Teolog","description":"K\u00fcpeli Teolog Blog Web Sitesi","publisher":{"@id":"http:\/\/kupeliteolog.com\/#\/schema\/person\/943430f95319ff35f2fa565dee706102"},"potentialAction":[{"@type":"SearchAction","target":{"@type":"EntryPoint","urlTemplate":"http:\/\/kupeliteolog.com\/?s={search_term_string}"},"query-input":"required name=search_term_string"}],"inLanguage":"tr"},{"@type":["Person","Organization"],"@id":"http:\/\/kupeliteolog.com\/#\/schema\/person\/943430f95319ff35f2fa565dee706102","name":"Kupeli Teolog","image":{"@type":"ImageObject","inLanguage":"tr","@id":"http:\/\/kupeliteolog.com\/#\/schema\/person\/image\/","url":"http:\/\/kupeliteolog.com\/wp-content\/uploads\/2022\/12\/favicon-1.png","contentUrl":"http:\/\/kupeliteolog.com\/wp-content\/uploads\/2022\/12\/favicon-1.png","width":500,"height":500,"caption":"Kupeli Teolog"},"logo":{"@id":"http:\/\/kupeliteolog.com\/#\/schema\/person\/image\/"},"sameAs":["https:\/\/kupeliteolog.com\/","https:\/\/twitter.com\/https:\/\/twitter.com\/kupeliteolog"],"url":"http:\/\/kupeliteolog.com\/index.php\/author\/kupeli_teolog\/"}]}},"_links":{"self":[{"href":"http:\/\/kupeliteolog.com\/index.php\/wp-json\/wp\/v2\/posts\/1403","targetHints":{"allow":["GET"]}}],"collection":[{"href":"http:\/\/kupeliteolog.com\/index.php\/wp-json\/wp\/v2\/posts"}],"about":[{"href":"http:\/\/kupeliteolog.com\/index.php\/wp-json\/wp\/v2\/types\/post"}],"author":[{"embeddable":true,"href":"http:\/\/kupeliteolog.com\/index.php\/wp-json\/wp\/v2\/users\/2"}],"replies":[{"embeddable":true,"href":"http:\/\/kupeliteolog.com\/index.php\/wp-json\/wp\/v2\/comments?post=1403"}],"version-history":[{"count":1,"href":"http:\/\/kupeliteolog.com\/index.php\/wp-json\/wp\/v2\/posts\/1403\/revisions"}],"predecessor-version":[{"id":1405,"href":"http:\/\/kupeliteolog.com\/index.php\/wp-json\/wp\/v2\/posts\/1403\/revisions\/1405"}],"wp:featuredmedia":[{"embeddable":true,"href":"http:\/\/kupeliteolog.com\/index.php\/wp-json\/wp\/v2\/media\/1404"}],"wp:attachment":[{"href":"http:\/\/kupeliteolog.com\/index.php\/wp-json\/wp\/v2\/media?parent=1403"}],"wp:term":[{"taxonomy":"category","embeddable":true,"href":"http:\/\/kupeliteolog.com\/index.php\/wp-json\/wp\/v2\/categories?post=1403"},{"taxonomy":"post_tag","embeddable":true,"href":"http:\/\/kupeliteolog.com\/index.php\/wp-json\/wp\/v2\/tags?post=1403"}],"curies":[{"name":"wp","href":"https:\/\/api.w.org\/{rel}","templated":true}]}}