{"id":1312,"date":"2023-02-28T22:05:16","date_gmt":"2023-02-28T19:05:16","guid":{"rendered":"https:\/\/kupeliteolog.com\/?p=1312"},"modified":"2023-02-28T22:05:16","modified_gmt":"2023-02-28T19:05:16","slug":"isa-hakkindaki-100-gercek","status":"publish","type":"post","link":"http:\/\/kupeliteolog.com\/index.php\/2023\/02\/28\/isa-hakkindaki-100-gercek\/","title":{"rendered":"\u0130sa Hakk\u0131ndaki 100 Ger\u00e7ek"},"content":{"rendered":"<p><a href=\"https:\/\/carm.org\/doctrine-and-theology\/100-truths-about-jesus\/\">Yazar<\/a>: Matthew J. Slick<\/p>\n<ol>\n<li>\u0130sa, Tanr\u0131 oldu\u011funu iddia etti (Yuhanna 8:24; 8:56-59 ve \u00c7\u0131k\u0131\u015f 3:14; Yuhanna 10:30-33).<\/li>\n<li>\u0130sa\u2019ya Tanr\u0131 denildi (Yuhanna 1:1, 14; 20:28; Koloseliler 2:9; Titus 2:13; \u0130braniler 1:8).<\/li>\n<li>\u0130sa, g\u00f6r\u00fcnmez Tanr\u0131\u2019n\u0131n g\u00f6r\u00fcn\u00fcm\u00fcd\u00fcr (\u0130braniler 1:3).<\/li>\n<li>\u0130sa, sonsuza dek ya\u015famaktad\u0131r (\u0130braniler 7:24).<\/li>\n<li>\u0130sa, her \u015feyi yaratm\u0131\u015ft\u0131r (Yuhanna 1:1-3; Koloseliler 1:15-17).<\/li>\n<li>\u0130sa, her \u015feyden \u00f6nce vard\u0131 (Yuhanna 1:1-3; Koloseliler 1:17).<\/li>\n<li>\u0130sa, sonsuzdur (Yuhanna 1:1, 14; 8:58; Mika 5:1-2).<\/li>\n<li>\u0130sa, Baba gibi onurland\u0131r\u0131lmal\u0131d\u0131r (Yuhanna 5:23).<\/li>\n<li>\u0130sa\u2019ya dua edildi (El\u00e7ilerin \u0130\u015fleri 7:55-60; 1.Korintliler 1:2 ve Mezmur 116:4; Yuhanna 14:14).<\/li>\n<li>\u0130sa\u2019ya tap\u0131n\u0131ld\u0131 (Matta 2:2, 11; 14:33; Yuhanna 9:35-38; \u0130braniler 1:6).<\/li>\n<li>\u0130sa, ayn\u0131 anda her yerde olabilir (Matta 18:20; 28:20).<\/li>\n<li>\u0130sa, her zaman bizimle birliktedir (Matta 28:20).<\/li>\n<li>\u0130sa, biz ve Tanr\u0131 aras\u0131nda olan arac\u0131d\u0131r (1.Timoteos 2:5).<\/li>\n<li>\u0130sa, daha iyi bir antla\u015fman\u0131n kefilidir (\u0130braniler 7:22; 8:6).<\/li>\n<li>\u0130sa, \u201cYa\u015fam ekme\u011fi Ben\u2019im\u201d demi\u015ftir (Yuhanna 6:35, 41, 48, 51).<\/li>\n<li>\u0130sa, \u201cKap\u0131 Ben\u2019im\u201d demi\u015ftir (Yuhanna 10:7, 9).<\/li>\n<li>\u0130sa, \u201cBen iyi \u00e7oban\u0131m\u201d demi\u015ftir (Yuhanna 10:11, 14).<\/li>\n<li>\u0130sa, \u201cYol, ger\u00e7ek ve ya\u015fam Ben\u2019im\u201d demi\u015ftir (Yuhanna 14:6).<\/li>\n<li>\u0130sa, \u201cD\u00fcnyan\u0131n \u0131\u015f\u0131\u011f\u0131 Ben\u2019im\u201d demi\u015ftir (Yuhanna 8:12; 9:5; 12:46; Luka 2:32).<\/li>\n<li>\u0130sa, \u201cBen ger\u00e7ek asmay\u0131m\u201d demi\u015ftir (Yuhanna 15:1, 5).<\/li>\n<li>\u0130sa, \u201cDirili\u015f ve ya\u015fam Ben\u2019im\u201d demi\u015ftir (Yuhanna 11:25).<\/li>\n<li>\u0130sa, \u201c\u0130lk ve son Ben\u2019im\u201d demi\u015ftir (Vahiy 1:17; 2:8; 22:13).<\/li>\n<li>\u0130sa, her zaman bizim i\u00e7in arac\u0131l\u0131k etmektedir (\u0130braniler 7:25).<\/li>\n<li>\u0130sa, bizi g\u00fcnahlar\u0131m\u0131zdan ar\u0131nd\u0131r\u0131r (1.Yuhanna 1:9).<\/li>\n<li>\u0130sa, kendi kan\u0131 arac\u0131l\u0131\u011f\u0131yla bizi g\u00fcnahlar\u0131m\u0131zdan ar\u0131nd\u0131r\u0131r (Vahiy 1:5; Romal\u0131lar 5:9).<\/li>\n<li>\u0130sa, g\u00fcnahlar\u0131 ba\u011f\u0131\u015flar (Matta 9:1-7; Luka 5:20; 7:48).<\/li>\n<li>\u0130sa, sonsuza dek kurtar\u0131r (Matta 18:11; Yuhanna 10:28; \u0130braniler 7:25).<\/li>\n<li>\u0130sa, kendisini bize a\u00e7maktad\u0131r (Yuhanna 14:20).<\/li>\n<li>\u0130sa, b\u00fct\u00fcn insanlar\u0131 kendisine \u00e7ekmektedir (Yuhanna 12:32).<\/li>\n<li>\u0130sa, sonsuz ya\u015fam verir (Yuhanna 10:28; 5:40).<\/li>\n<li>\u0130sa, diriltir (Yuhanna 5:39; 6:40, 44, 54; 11:25-26).<\/li>\n<li>\u0130sa, sevin\u00e7 verir (Yuhanna 15:11).<\/li>\n<li>\u0130sa, esenlik verir (Yuhanna 14:27).<\/li>\n<li>\u0130sa, b\u00fct\u00fcn yetkiye sahiptir (Matta 28:18; Yuhanna 5:26-27; 17:2; 3:35).<\/li>\n<li>\u0130sa, yarg\u0131lar (Yuhanna 5:22, 27).<\/li>\n<li>\u0130sa, her \u015feyi bilir (Yuhanna 16:30; Yuhanna 21:17).<\/li>\n<li>\u0130sa, Kutsal Yaz\u0131lar\u0131 anlamalar\u0131 i\u00e7in insanlara anlay\u0131\u015f verir (Luka 24:45).<\/li>\n<li>\u0130sa, Baba\u2019dan onur ve y\u00fccelik alm\u0131\u015ft\u0131r (2.Petrus 1:17).<\/li>\n<li>\u0130sa, l\u00fctuf ve ger\u00e7e\u011fi ortaya \u00e7\u0131kar\u0131r (Yuhanna 1:17 ve Yuhanna 6:45).<\/li>\n<li>\u0130sa, Baba\u2019y\u0131 tan\u0131t\u0131r (Matta 11:27; Luka 10:22).<\/li>\n<li>\u0130sa, kendisine tan\u0131kl\u0131k etmektedir (Yuhanna 8:18; 14:6).<\/li>\n<li>\u0130sa\u2019n\u0131n i\u015fi, kendisine tan\u0131kl\u0131k etmekti (Yuhanna 5:36; 10:25).<\/li>\n<li>Baba, \u0130sa\u2019ya tan\u0131kl\u0131k etmektedir (Yuhanna 5:37; 8:18; 1.Yuhanna 5:9).<\/li>\n<li>Kutsal Ruh, \u0130sa\u2019ya tan\u0131kl\u0131k etmektedir (Yuhanna 15:26).<\/li>\n<li>Kalabal\u0131klar \u0130sa\u2019ya tan\u0131kl\u0131k etmektedirler (Yuhanna 12:17).<\/li>\n<li>Peygamberler \u0130sa\u2019ya tan\u0131kl\u0131k etmektedirler (El\u00e7ilerin \u0130\u015fleri 10:43).<\/li>\n<li>Kutsal Yaz\u0131lar, \u0130sa\u2019ya tan\u0131kl\u0131k etmektedirler (Yuhanna 5:39).<\/li>\n<li>\u0130sa\u2019ya hizmet edersek, Baba bizi onurland\u0131r\u0131r (Yuhanna 12:26 ve Koloseliler 3:24).<\/li>\n<li>Baba, \u0130sa\u2019ya payda\u015fl\u0131\u011f\u0131m\u0131z olmas\u0131n\u0131 istiyor (1.Korintliler 1:9).<\/li>\n<li>Baba, \u0130sa\u2019y\u0131 dinlememiz gerekti\u011fini buyuruyor (Luka 9:35; Matta 17:5).<\/li>\n<li>Baba\u2019dan duyan ve \u00f6\u011frenen herkes \u0130sa\u2019ya gelir (Yuhanna 6:45).<\/li>\n<li>\u0130sa\u2019ya gelmemiz gerekiyor (Yuhanna 5:40; 6:35, 37, 45, 65; 7:37).<\/li>\n<li>Baba bizi \u0130sa\u2019ya \u00e7eker (Yuhanna 6:44).<\/li>\n<li>Yasa bizi \u0130sa\u2019ya y\u00f6neltir (Galatyal\u0131lar 3:24).<\/li>\n<li>\u0130sa, Kayad\u0131r (1.Korintliler 10:4).<\/li>\n<li>\u0130sa, Kurtar\u0131c\u0131d\u0131r (Yuhanna 4:42; 1.Yuhanna 4:14).<\/li>\n<li>\u0130sa, Krald\u0131r (Matta 2:1-6; Luka 23:3).<\/li>\n<li>Bilginin ve bilgeli\u011fin b\u00fct\u00fcn hazineleri \u0130sa\u2019da sakl\u0131d\u0131r (Koloseliler 2:2-3).<\/li>\n<li>\u0130sa\u2019da dolulu\u011fa kavu\u015ftuk (Koloseliler 2:10).<\/li>\n<li>\u0130sa i\u00e7imizdedir (Koloseliler 1:27).<\/li>\n<li>\u0130sa kutsalla\u015ft\u0131r\u0131r (\u0130braniler 2:11).<\/li>\n<li>\u0130sa seviyor (Efesliler 5:25).<\/li>\n<li>\u0130sa\u2019ya kar\u015f\u0131 g\u00fcnah i\u015fleriz (1.Korintliler 8:12).<\/li>\n<li>\u0130sa\u2019y\u0131 kabul ederiz (Yuhanna 1:12; Koloseliler 2:6).<\/li>\n<li>\u0130sa, bir\u00e7oklar\u0131n\u0131 do\u011fru k\u0131lar (Romal\u0131lar 5:19).<\/li>\n<li>\u0130sa, Kutsal Ruh\u2019u g\u00f6nderir (Yuhanna 15:26).<\/li>\n<li>\u0130sa, bizim i\u00e7in kendisini sunmu\u015ftur (\u0130braniler 7:27; 9:14).<\/li>\n<li>\u0130sa, kendisini tek bir kurban olarak herkesin g\u00fcnahlar\u0131 i\u00e7in sunmu\u015ftur (\u0130braniler 10:12).<\/li>\n<li>Tanr\u0131\u2019n\u0131n O\u011flu bize anlay\u0131\u015f verir (1.Yuhanna 5:20).<\/li>\n<li>\u0130sa, iman\u0131m\u0131z\u0131n \u00f6nc\u00fcs\u00fc ve tamamlay\u0131c\u0131s\u0131d\u0131r (\u0130braniler 12:2).<\/li>\n<li>\u0130sa, inanc\u0131m\u0131z\u0131n El\u00e7isi ve Ba\u015fk\u00e2hinidir (\u0130braniler 3:1).<\/li>\n<li>\u0130sa, g\u00f6klerde bizim i\u00e7in yer haz\u0131rlamaktad\u0131r (Yuhanna 14:1-4).<\/li>\n<li>\u0130sa, d\u00fcnyan\u0131n I\u015f\u0131\u011f\u0131d\u0131r (Yuhanna 8:12).<\/li>\n<li>\u0130sa, Baba\u2019y\u0131 tan\u0131tm\u0131\u015ft\u0131r (Yuhanna 1:18).<\/li>\n<li>\u0130sa, g\u00fc\u00e7s\u00fczl\u00fck i\u00e7inde \u00e7arm\u0131ha gerildi (2.Korintliler 13:4).<\/li>\n<li>\u0130sa, d\u00fcnyay\u0131 yendi (Yuhanna 16:33).<\/li>\n<li>Ger\u00e7ek \u0130sa\u2019dad\u0131r (Efesliler 4:21).<\/li>\n<li>Do\u011frulu\u011fun meyvesi, \u0130sa Mesih arac\u0131l\u0131\u011f\u0131yla gelir (Filipililer 1:11).<\/li>\n<li>\u0130sa, bizi gelecek olan gazaptan kurtard\u0131 (1.Selanikliler 1:10).<\/li>\n<li>Havariler, \u0130sa\u2019ya tan\u0131kl\u0131k etmektedirler (Yuhanna 15:27).<\/li>\n<li>\u0130sa, bizim u\u011frumuza \u00f6ld\u00fc (1.Selanikliler 5:10).<\/li>\n<li>\u0130sa \u00f6ld\u00fc ve tekrar dirildi (1.Selanikliler 4:14).<\/li>\n<li>\u0130sa, kendisini bir\u00e7oklar\u0131 i\u00e7in fidye olarak vermeye geldi (Matta 20:28).<\/li>\n<li>\u00d6len Hristiyanlar, g\u00f6zlerini \u0130sa\u2019da kaparlar (1.Selanikliler 4:15).<\/li>\n<li>\u0130sa, iblisi etkisiz k\u0131ld\u0131 (\u0130braniler 2:14).<\/li>\n<li>\u0130sa, tam olarak kurtarma g\u00fcc\u00fcne sahiptir (\u0130braniler 7:25).<\/li>\n<li>\u0130sa, hizmet etmeye geldi (Matta 20:28).<\/li>\n<li>\u0130sa, ba\u015fk\u00e2hin olmaya geldi (\u0130braniler 2:17).<\/li>\n<li>\u0130sa, kurtarmaya geldi (Yuhanna 3:17; Luka 19:10).<\/li>\n<li>\u0130sa, Tanr\u0131\u2019n\u0131n Egemenli\u011fini duyurmaya geldi (Luka 4:43).<\/li>\n<li>\u0130sa, ayr\u0131l\u0131k getirmeye geldi (Luka 12:51).<\/li>\n<li>\u0130sa, Baba\u2019n\u0131n iste\u011fini yapmak i\u00e7in geldi (Yuhanna 6:38).<\/li>\n<li>\u0130sa, Baba\u2019n\u0131n s\u00f6zlerini iletmeye geldi (Yuhanna 17:3).<\/li>\n<li>\u0130sa, ger\u00e7e\u011fe tan\u0131kl\u0131k etmek i\u00e7in geldi (Yuhanna 18:37).<\/li>\n<li>\u0130sa, bizi Yasa\u2019dan \u00f6zg\u00fcr k\u0131lmaya geldi (Romal\u0131lar 8:2).<\/li>\n<li>\u0130sa, \u015eeytan\u2019\u0131n g\u00fcc\u00fcn\u00fc k\u0131rmaya geldi (\u0130braniler 2:14).<\/li>\n<li>\u0130sa, Kutsal Yasa\u2019y\u0131 ve peygamberlerin s\u00f6zlerini tamamlamaya geldi (Matta 5:17).<\/li>\n<li>\u0130sa, ya\u015fam vermeye geldi (Yuhanna 10:10, 28).<\/li>\n<li>\u0130sa, herkes i\u00e7in \u00f6l\u00fcm\u00fc tatmaya geldi (\u0130braniler 2:9).<\/li>\n<li>\u0130sa, imanl\u0131lar i\u00e7in \u00f6zg\u00fcrl\u00fc\u011f\u00fc duyurmaya geldi (Luka 4:18).<\/li>\n<\/ol>\n<p>&nbsp;<\/p>\n","protected":false},"excerpt":{"rendered":"<p>Yazar: Matthew J. Slick \u0130sa, Tanr\u0131 oldu\u011funu iddia etti (Yuhanna 8:24; 8:56-59 ve \u00c7\u0131k\u0131\u015f 3:14; Yuhanna 10:30-33). \u0130sa\u2019ya Tanr\u0131 denildi (Yuhanna 1:1, 14; 20:28; Koloseliler 2:9; Titus 2:13; \u0130braniler 1:8). \u0130sa, g\u00f6r\u00fcnmez Tanr\u0131\u2019n\u0131n g\u00f6r\u00fcn\u00fcm\u00fcd\u00fcr (\u0130braniler 1:3). \u0130sa, sonsuza dek ya\u015famaktad\u0131r (\u0130braniler 7:24). \u0130sa, her \u015feyi yaratm\u0131\u015ft\u0131r (Yuhanna 1:1-3; Koloseliler 1:15-17). \u0130sa, her \u015feyden \u00f6nce vard\u0131 &hellip;<\/p>\n","protected":false},"author":2,"featured_media":1313,"comment_status":"open","ping_status":"open","sticky":false,"template":"","format":"standard","meta":{"footnotes":""},"categories":[76],"tags":[85,81,32,82,83,33,84,86],"class_list":["post-1312","post","type-post","status-publish","format-standard","has-post-thumbnail","hentry","category-apolojetik","tag-100-gercek","tag-gercek","tag-hristiyanlik","tag-isa-hakkinda","tag-mesih-hakkinda","tag-tanri","tag-tanri-hakkinda","tag-yuz-hakikat"],"yoast_head":"<!-- This site is optimized with the Yoast SEO plugin v20.11 - https:\/\/yoast.com\/wordpress\/plugins\/seo\/ -->\n<title>\u0130sa Hakk\u0131ndaki 100 Ger\u00e7ek - K\u00fcpeli Teolog<\/title>\n<meta name=\"robots\" content=\"index, follow, max-snippet:-1, max-image-preview:large, max-video-preview:-1\" \/>\n<link rel=\"canonical\" href=\"http:\/\/kupeliteolog.com\/index.php\/2023\/02\/28\/isa-hakkindaki-100-gercek\/\" \/>\n<meta property=\"og:locale\" content=\"tr_TR\" \/>\n<meta property=\"og:type\" content=\"article\" \/>\n<meta property=\"og:title\" content=\"\u0130sa Hakk\u0131ndaki 100 Ger\u00e7ek - K\u00fcpeli Teolog\" \/>\n<meta property=\"og:description\" content=\"Yazar: Matthew J. Slick \u0130sa, Tanr\u0131 oldu\u011funu iddia etti (Yuhanna 8:24; 8:56-59 ve \u00c7\u0131k\u0131\u015f 3:14; Yuhanna 10:30-33). \u0130sa\u2019ya Tanr\u0131 denildi (Yuhanna 1:1, 14; 20:28; Koloseliler 2:9; Titus 2:13; \u0130braniler 1:8). \u0130sa, g\u00f6r\u00fcnmez Tanr\u0131\u2019n\u0131n g\u00f6r\u00fcn\u00fcm\u00fcd\u00fcr (\u0130braniler 1:3). \u0130sa, sonsuza dek ya\u015famaktad\u0131r (\u0130braniler 7:24). \u0130sa, her \u015feyi yaratm\u0131\u015ft\u0131r (Yuhanna 1:1-3; Koloseliler 1:15-17). \u0130sa, her \u015feyden \u00f6nce vard\u0131 &hellip;\" \/>\n<meta property=\"og:url\" content=\"http:\/\/kupeliteolog.com\/index.php\/2023\/02\/28\/isa-hakkindaki-100-gercek\/\" \/>\n<meta property=\"og:site_name\" content=\"K\u00fcpeli Teolog\" \/>\n<meta property=\"article:published_time\" content=\"2023-02-28T19:05:16+00:00\" \/>\n<meta property=\"og:image\" content=\"http:\/\/kupeliteolog.com\/wp-content\/uploads\/2023\/02\/golf-4891041_1920.jpg\" \/>\n\t<meta property=\"og:image:width\" content=\"1920\" \/>\n\t<meta property=\"og:image:height\" content=\"1280\" \/>\n\t<meta property=\"og:image:type\" content=\"image\/jpeg\" \/>\n<meta name=\"author\" content=\"Kupeli Teolog\" \/>\n<meta name=\"twitter:card\" content=\"summary_large_image\" \/>\n<meta name=\"twitter:creator\" content=\"@https:\/\/twitter.com\/kupeliteolog\" \/>\n<meta name=\"twitter:site\" content=\"@kupeliteolog\" \/>\n<meta name=\"twitter:label1\" content=\"Yazan:\" \/>\n\t<meta name=\"twitter:data1\" content=\"Kupeli Teolog\" \/>\n\t<meta name=\"twitter:label2\" content=\"Tahmini okuma s\u00fcresi\" \/>\n\t<meta name=\"twitter:data2\" content=\"4 dakika\" \/>\n<script type=\"application\/ld+json\" class=\"yoast-schema-graph\">{\"@context\":\"https:\/\/schema.org\",\"@graph\":[{\"@type\":\"Article\",\"@id\":\"http:\/\/kupeliteolog.com\/index.php\/2023\/02\/28\/isa-hakkindaki-100-gercek\/#article\",\"isPartOf\":{\"@id\":\"http:\/\/kupeliteolog.com\/index.php\/2023\/02\/28\/isa-hakkindaki-100-gercek\/\"},\"author\":{\"name\":\"Kupeli Teolog\",\"@id\":\"http:\/\/kupeliteolog.com\/#\/schema\/person\/943430f95319ff35f2fa565dee706102\"},\"headline\":\"\u0130sa Hakk\u0131ndaki 100 Ger\u00e7ek\",\"datePublished\":\"2023-02-28T19:05:16+00:00\",\"dateModified\":\"2023-02-28T19:05:16+00:00\",\"mainEntityOfPage\":{\"@id\":\"http:\/\/kupeliteolog.com\/index.php\/2023\/02\/28\/isa-hakkindaki-100-gercek\/\"},\"wordCount\":873,\"commentCount\":0,\"publisher\":{\"@id\":\"http:\/\/kupeliteolog.com\/#\/schema\/person\/943430f95319ff35f2fa565dee706102\"},\"keywords\":[\"100 ger\u00e7ek\",\"ger\u00e7ek\",\"hristiyanl\u0131k\",\"isa hakk\u0131nda\",\"mesih hakk\u0131nda\",\"tanr\u0131\",\"tanr\u0131 hakk\u0131nda\",\"y\u00fcz hakikat\"],\"articleSection\":[\"Apolojetik\"],\"inLanguage\":\"tr\",\"potentialAction\":[{\"@type\":\"CommentAction\",\"name\":\"Comment\",\"target\":[\"http:\/\/kupeliteolog.com\/index.php\/2023\/02\/28\/isa-hakkindaki-100-gercek\/#respond\"]}]},{\"@type\":\"WebPage\",\"@id\":\"http:\/\/kupeliteolog.com\/index.php\/2023\/02\/28\/isa-hakkindaki-100-gercek\/\",\"url\":\"http:\/\/kupeliteolog.com\/index.php\/2023\/02\/28\/isa-hakkindaki-100-gercek\/\",\"name\":\"\u0130sa Hakk\u0131ndaki 100 Ger\u00e7ek - K\u00fcpeli Teolog\",\"isPartOf\":{\"@id\":\"http:\/\/kupeliteolog.com\/#website\"},\"datePublished\":\"2023-02-28T19:05:16+00:00\",\"dateModified\":\"2023-02-28T19:05:16+00:00\",\"breadcrumb\":{\"@id\":\"http:\/\/kupeliteolog.com\/index.php\/2023\/02\/28\/isa-hakkindaki-100-gercek\/#breadcrumb\"},\"inLanguage\":\"tr\",\"potentialAction\":[{\"@type\":\"ReadAction\",\"target\":[\"http:\/\/kupeliteolog.com\/index.php\/2023\/02\/28\/isa-hakkindaki-100-gercek\/\"]}]},{\"@type\":\"BreadcrumbList\",\"@id\":\"http:\/\/kupeliteolog.com\/index.php\/2023\/02\/28\/isa-hakkindaki-100-gercek\/#breadcrumb\",\"itemListElement\":[{\"@type\":\"ListItem\",\"position\":1,\"name\":\"Anasayfa\",\"item\":\"http:\/\/kupeliteolog.com\/\"},{\"@type\":\"ListItem\",\"position\":2,\"name\":\"\u0130sa Hakk\u0131ndaki 100 Ger\u00e7ek\"}]},{\"@type\":\"WebSite\",\"@id\":\"http:\/\/kupeliteolog.com\/#website\",\"url\":\"http:\/\/kupeliteolog.com\/\",\"name\":\"K\u00fcpeli Teolog\",\"description\":\"K\u00fcpeli Teolog Blog Web Sitesi\",\"publisher\":{\"@id\":\"http:\/\/kupeliteolog.com\/#\/schema\/person\/943430f95319ff35f2fa565dee706102\"},\"potentialAction\":[{\"@type\":\"SearchAction\",\"target\":{\"@type\":\"EntryPoint\",\"urlTemplate\":\"http:\/\/kupeliteolog.com\/?s={search_term_string}\"},\"query-input\":\"required name=search_term_string\"}],\"inLanguage\":\"tr\"},{\"@type\":[\"Person\",\"Organization\"],\"@id\":\"http:\/\/kupeliteolog.com\/#\/schema\/person\/943430f95319ff35f2fa565dee706102\",\"name\":\"Kupeli Teolog\",\"image\":{\"@type\":\"ImageObject\",\"inLanguage\":\"tr\",\"@id\":\"http:\/\/kupeliteolog.com\/#\/schema\/person\/image\/\",\"url\":\"http:\/\/kupeliteolog.com\/wp-content\/uploads\/2022\/12\/favicon-1.png\",\"contentUrl\":\"http:\/\/kupeliteolog.com\/wp-content\/uploads\/2022\/12\/favicon-1.png\",\"width\":500,\"height\":500,\"caption\":\"Kupeli Teolog\"},\"logo\":{\"@id\":\"http:\/\/kupeliteolog.com\/#\/schema\/person\/image\/\"},\"sameAs\":[\"https:\/\/kupeliteolog.com\/\",\"https:\/\/twitter.com\/https:\/\/twitter.com\/kupeliteolog\"],\"url\":\"http:\/\/kupeliteolog.com\/index.php\/author\/kupeli_teolog\/\"}]}<\/script>\n<!-- \/ Yoast SEO plugin. -->","yoast_head_json":{"title":"\u0130sa Hakk\u0131ndaki 100 Ger\u00e7ek - K\u00fcpeli Teolog","robots":{"index":"index","follow":"follow","max-snippet":"max-snippet:-1","max-image-preview":"max-image-preview:large","max-video-preview":"max-video-preview:-1"},"canonical":"http:\/\/kupeliteolog.com\/index.php\/2023\/02\/28\/isa-hakkindaki-100-gercek\/","og_locale":"tr_TR","og_type":"article","og_title":"\u0130sa Hakk\u0131ndaki 100 Ger\u00e7ek - K\u00fcpeli Teolog","og_description":"Yazar: Matthew J. Slick \u0130sa, Tanr\u0131 oldu\u011funu iddia etti (Yuhanna 8:24; 8:56-59 ve \u00c7\u0131k\u0131\u015f 3:14; Yuhanna 10:30-33). \u0130sa\u2019ya Tanr\u0131 denildi (Yuhanna 1:1, 14; 20:28; Koloseliler 2:9; Titus 2:13; \u0130braniler 1:8). \u0130sa, g\u00f6r\u00fcnmez Tanr\u0131\u2019n\u0131n g\u00f6r\u00fcn\u00fcm\u00fcd\u00fcr (\u0130braniler 1:3). \u0130sa, sonsuza dek ya\u015famaktad\u0131r (\u0130braniler 7:24). \u0130sa, her \u015feyi yaratm\u0131\u015ft\u0131r (Yuhanna 1:1-3; Koloseliler 1:15-17). \u0130sa, her \u015feyden \u00f6nce vard\u0131 &hellip;","og_url":"http:\/\/kupeliteolog.com\/index.php\/2023\/02\/28\/isa-hakkindaki-100-gercek\/","og_site_name":"K\u00fcpeli Teolog","article_published_time":"2023-02-28T19:05:16+00:00","og_image":[{"width":1920,"height":1280,"url":"http:\/\/kupeliteolog.com\/wp-content\/uploads\/2023\/02\/golf-4891041_1920.jpg","type":"image\/jpeg"}],"author":"Kupeli Teolog","twitter_card":"summary_large_image","twitter_creator":"@https:\/\/twitter.com\/kupeliteolog","twitter_site":"@kupeliteolog","twitter_misc":{"Yazan:":"Kupeli Teolog","Tahmini okuma s\u00fcresi":"4 dakika"},"schema":{"@context":"https:\/\/schema.org","@graph":[{"@type":"Article","@id":"http:\/\/kupeliteolog.com\/index.php\/2023\/02\/28\/isa-hakkindaki-100-gercek\/#article","isPartOf":{"@id":"http:\/\/kupeliteolog.com\/index.php\/2023\/02\/28\/isa-hakkindaki-100-gercek\/"},"author":{"name":"Kupeli Teolog","@id":"http:\/\/kupeliteolog.com\/#\/schema\/person\/943430f95319ff35f2fa565dee706102"},"headline":"\u0130sa Hakk\u0131ndaki 100 Ger\u00e7ek","datePublished":"2023-02-28T19:05:16+00:00","dateModified":"2023-02-28T19:05:16+00:00","mainEntityOfPage":{"@id":"http:\/\/kupeliteolog.com\/index.php\/2023\/02\/28\/isa-hakkindaki-100-gercek\/"},"wordCount":873,"commentCount":0,"publisher":{"@id":"http:\/\/kupeliteolog.com\/#\/schema\/person\/943430f95319ff35f2fa565dee706102"},"keywords":["100 ger\u00e7ek","ger\u00e7ek","hristiyanl\u0131k","isa hakk\u0131nda","mesih hakk\u0131nda","tanr\u0131","tanr\u0131 hakk\u0131nda","y\u00fcz hakikat"],"articleSection":["Apolojetik"],"inLanguage":"tr","potentialAction":[{"@type":"CommentAction","name":"Comment","target":["http:\/\/kupeliteolog.com\/index.php\/2023\/02\/28\/isa-hakkindaki-100-gercek\/#respond"]}]},{"@type":"WebPage","@id":"http:\/\/kupeliteolog.com\/index.php\/2023\/02\/28\/isa-hakkindaki-100-gercek\/","url":"http:\/\/kupeliteolog.com\/index.php\/2023\/02\/28\/isa-hakkindaki-100-gercek\/","name":"\u0130sa Hakk\u0131ndaki 100 Ger\u00e7ek - K\u00fcpeli Teolog","isPartOf":{"@id":"http:\/\/kupeliteolog.com\/#website"},"datePublished":"2023-02-28T19:05:16+00:00","dateModified":"2023-02-28T19:05:16+00:00","breadcrumb":{"@id":"http:\/\/kupeliteolog.com\/index.php\/2023\/02\/28\/isa-hakkindaki-100-gercek\/#breadcrumb"},"inLanguage":"tr","potentialAction":[{"@type":"ReadAction","target":["http:\/\/kupeliteolog.com\/index.php\/2023\/02\/28\/isa-hakkindaki-100-gercek\/"]}]},{"@type":"BreadcrumbList","@id":"http:\/\/kupeliteolog.com\/index.php\/2023\/02\/28\/isa-hakkindaki-100-gercek\/#breadcrumb","itemListElement":[{"@type":"ListItem","position":1,"name":"Anasayfa","item":"http:\/\/kupeliteolog.com\/"},{"@type":"ListItem","position":2,"name":"\u0130sa Hakk\u0131ndaki 100 Ger\u00e7ek"}]},{"@type":"WebSite","@id":"http:\/\/kupeliteolog.com\/#website","url":"http:\/\/kupeliteolog.com\/","name":"K\u00fcpeli Teolog","description":"K\u00fcpeli Teolog Blog Web Sitesi","publisher":{"@id":"http:\/\/kupeliteolog.com\/#\/schema\/person\/943430f95319ff35f2fa565dee706102"},"potentialAction":[{"@type":"SearchAction","target":{"@type":"EntryPoint","urlTemplate":"http:\/\/kupeliteolog.com\/?s={search_term_string}"},"query-input":"required name=search_term_string"}],"inLanguage":"tr"},{"@type":["Person","Organization"],"@id":"http:\/\/kupeliteolog.com\/#\/schema\/person\/943430f95319ff35f2fa565dee706102","name":"Kupeli Teolog","image":{"@type":"ImageObject","inLanguage":"tr","@id":"http:\/\/kupeliteolog.com\/#\/schema\/person\/image\/","url":"http:\/\/kupeliteolog.com\/wp-content\/uploads\/2022\/12\/favicon-1.png","contentUrl":"http:\/\/kupeliteolog.com\/wp-content\/uploads\/2022\/12\/favicon-1.png","width":500,"height":500,"caption":"Kupeli Teolog"},"logo":{"@id":"http:\/\/kupeliteolog.com\/#\/schema\/person\/image\/"},"sameAs":["https:\/\/kupeliteolog.com\/","https:\/\/twitter.com\/https:\/\/twitter.com\/kupeliteolog"],"url":"http:\/\/kupeliteolog.com\/index.php\/author\/kupeli_teolog\/"}]}},"_links":{"self":[{"href":"http:\/\/kupeliteolog.com\/index.php\/wp-json\/wp\/v2\/posts\/1312","targetHints":{"allow":["GET"]}}],"collection":[{"href":"http:\/\/kupeliteolog.com\/index.php\/wp-json\/wp\/v2\/posts"}],"about":[{"href":"http:\/\/kupeliteolog.com\/index.php\/wp-json\/wp\/v2\/types\/post"}],"author":[{"embeddable":true,"href":"http:\/\/kupeliteolog.com\/index.php\/wp-json\/wp\/v2\/users\/2"}],"replies":[{"embeddable":true,"href":"http:\/\/kupeliteolog.com\/index.php\/wp-json\/wp\/v2\/comments?post=1312"}],"version-history":[{"count":1,"href":"http:\/\/kupeliteolog.com\/index.php\/wp-json\/wp\/v2\/posts\/1312\/revisions"}],"predecessor-version":[{"id":1314,"href":"http:\/\/kupeliteolog.com\/index.php\/wp-json\/wp\/v2\/posts\/1312\/revisions\/1314"}],"wp:featuredmedia":[{"embeddable":true,"href":"http:\/\/kupeliteolog.com\/index.php\/wp-json\/wp\/v2\/media\/1313"}],"wp:attachment":[{"href":"http:\/\/kupeliteolog.com\/index.php\/wp-json\/wp\/v2\/media?parent=1312"}],"wp:term":[{"taxonomy":"category","embeddable":true,"href":"http:\/\/kupeliteolog.com\/index.php\/wp-json\/wp\/v2\/categories?post=1312"},{"taxonomy":"post_tag","embeddable":true,"href":"http:\/\/kupeliteolog.com\/index.php\/wp-json\/wp\/v2\/tags?post=1312"}],"curies":[{"name":"wp","href":"https:\/\/api.w.org\/{rel}","templated":true}]}}