{"id":1170,"date":"2022-12-14T18:58:34","date_gmt":"2022-12-14T15:58:34","guid":{"rendered":"https:\/\/kupeliteolog.com\/?p=1170"},"modified":"2022-12-14T18:58:34","modified_gmt":"2022-12-14T15:58:34","slug":"reformasyon-tarihinden-alinmasi-gereken-10-ders","status":"publish","type":"post","link":"http:\/\/kupeliteolog.com\/index.php\/2022\/12\/14\/reformasyon-tarihinden-alinmasi-gereken-10-ders\/","title":{"rendered":"Reformasyon Tarihinden Al\u0131nmas\u0131 Gereken 10 Ders"},"content":{"rendered":"<p>Reformasyon tarihini g\u00f6z \u00f6n\u00fcnde bulunduruldu\u011funda ve o d\u00f6nemin k\u00fclt\u00fcr\u00fc de ele al\u0131nd\u0131\u011f\u0131nda, bunu g\u00fcn\u00fcm\u00fcz d\u00fcnyas\u0131na ve belirli bir k\u00fclt\u00fcre uygulamak kolay de\u011fildir. Zira \u00e7e\u015fitli de\u011fi\u015fkenler ve farkl\u0131l\u0131klar s\u00f6z konusudur. A\u015fa\u011f\u0131da, Reformasyon tarihinden almam\u0131z gereken 10 ders mevcuttur ve bu dersler Bat\u0131 toplumunu de\u011fil, ancak Do\u011fu Hristiyan toplumunu \u015fekillendirme amac\u0131yla s\u0131ralanm\u0131\u015ft\u0131r.<\/p>\n<p><strong>DERS 1: Halk E\u011fitilmelidir<\/strong><\/p>\n<p>Reformasyon, e\u011fitimle ba\u015flad\u0131. Luther, Mezmurlar ve Romal\u0131lar mektubunu \u00f6\u011fretmeye ba\u015flam\u0131\u015ft\u0131 ve b\u00f6ylelikle halk baz\u0131 \u00f6\u011fretilerden etkileniyordu. Vaazlar\u0131n a\u00e7\u0131klamal\u0131, uygulamal\u0131 olmas\u0131 ve Kutsal Kitap \u00e7al\u0131\u015fmalar\u0131 bu ba\u011flamda son derece \u00f6nemli ve olmazsa olmazd\u0131r.<\/p>\n<p><strong>DERS 2: Teknolojiyi Do\u011fru Kullanmak<\/strong><\/p>\n<p>Orta \u00c7a\u011f teknolojisi matbaa ile yepyeni bir \u00e7\u0131\u011f\u0131r a\u00e7t\u0131. Kitaplar, bro\u015f\u00fcrler ve posterler bas\u0131lmaya ba\u015flad\u0131. B\u00f6ylece Luther\u2019in 95 Tezi ve di\u011fer kitap\u00e7\u0131klar\u0131 da h\u0131zl\u0131 bir \u015fekilde halk aras\u0131nda yay\u0131ld\u0131. Ard\u0131ndan Calvin ve di\u011fer Reformcular\u0131n yaz\u0131lar\u0131 da teknoloji sayesinde b\u00fcy\u00fck ses getirdi. Dolay\u0131s\u0131yla Reformcular olarak teknolojiyi do\u011fru kullan\u0131p, Tanr\u0131\u2019n\u0131n iste\u011fini halka uygun ve makul bir \u015fekilde duyurmal\u0131y\u0131z.<\/p>\n<p><strong>DERS 3: Hakikatten \u00d6d\u00fcn Vermemek<\/strong><\/p>\n<p>Birlik u\u011fruna hakikatten \u00f6d\u00fcn vermek, Tanr\u0131\u2019n\u0131n S\u00f6z\u00fcn\u00fc ihmal ve g\u00f6z ard\u0131 etmektir. Reformcular, s\u0131rf birlik olmak amac\u0131yla yanl\u0131\u015f \u00f6\u011freti ve niyetle hareket edenlerle i\u015f birli\u011fi yapsalard\u0131, Reformasyon adeta bir y\u0131k\u0131m olurdu. Bu nedenle, \u00f6zellikle Mesih\u2019i tan\u0131mayan bir k\u00fclt\u00fcrde ya\u015fayan bizler, Tanr\u0131\u2019n\u0131n iste\u011fini t\u00fcm a\u00e7\u0131kl\u0131\u011f\u0131 ile anlat\u0131p, O\u2019nun S\u00f6z\u00fcn\u00fc savunmal\u0131 ve asla taviz vermemeliyiz.<\/p>\n<p><strong>DERS 4: \u0130badet D\u00fczeni Kutsal Kitap\u2019a Uygun Olmal\u0131<\/strong><\/p>\n<p>Ya\u015fad\u0131\u011f\u0131m\u0131z k\u00fclt\u00fcrde, \u00e7e\u015fitli mezheplerin ve gruplar\u0131n etkisiyle ibadet d\u00fczeni karmakar\u0131\u015f\u0131k bir hal alm\u0131\u015ft\u0131r. Yasan\u0131n Tekrar\u0131 kitab\u0131nda yazd\u0131\u011f\u0131 gibi, \u201c\u2026herkes kendi g\u00f6z\u00fcnde do\u011fru olan\u0131 yap\u0131yor\u201d (12:8). Dolay\u0131s\u0131yla bizler, ibadet ilkelerini iyice \u00f6\u011frenmeli, benimsemeli ve bunun Tanr\u0131\u2019n\u0131n buyru\u011fu oldu\u011funu bilerek uygulamal\u0131y\u0131z. E\u011fer ki Reformcular, Roma Katolik ibadet d\u00fczeninden ayr\u0131lmam\u0131\u015f olsalard\u0131, g\u00fcn\u00fcm\u00fczde \u00e7ok b\u00fcy\u00fck bir putperestli\u011fin kal\u0131nt\u0131lar\u0131n\u0131 temizlemekle me\u015fgul olacakt\u0131k.<\/p>\n<p><strong>DERS 5: Rabbin Sofras\u0131 Konusunda Y\u0131prat\u0131c\u0131 Olmamak<\/strong><\/p>\n<p>Rabbin Sofras\u0131 sakramenti, Tanr\u0131\u2019n\u0131n bir buyru\u011fudur ve hem Kutsal Kitap\u2019ta hem de kilise tarihi boyunca uygulanm\u0131\u015ft\u0131r. Kutsal Kitap ve Reformasyon tarihi temelinde bak\u0131ld\u0131\u011f\u0131nda, Rabbin Sofras\u0131n\u0131n her hafta kutlanmas\u0131 gerekti\u011fi barizdir. Ne var ki, Calvin\u2019in Cenevre\u2019sinde durum farkl\u0131yd\u0131. Calvin, Rabbin Sofras\u0131n\u0131 her hafta kutlamak istese de Kent Konseyi bunu do\u011fru bulmuyor ve yaln\u0131zca y\u0131lda d\u00f6rt kez kutlanmas\u0131 gerekti\u011fini s\u00f6yl\u00fcyordu. Calvin, bu konuda \u0131srarc\u0131 olmad\u0131 ve Rabbin Sofras\u0131n\u0131 y\u0131lda d\u00f6rt kez kutlamaya raz\u0131 oldu. Dolay\u0131s\u0131yla bizler de bu tarz konularda kimi zaman esnek olmal\u0131y\u0131z.<\/p>\n<p><strong>DERS 6: Hakikatte Birlik Olmak<\/strong><\/p>\n<p>Reformasyon, \u00f6ze d\u00f6n\u00fc\u015f hareketidir. Bu hareketin i\u00e7erisinde bizlerle hakikat temelinde hemfikir olan karde\u015fleri d\u0131\u015flamamal\u0131, onlarla birlik i\u00e7erisinde olmal\u0131y\u0131z. Reformasyon tarihinde elbette birbiriyle anla\u015fmazl\u0131k ya\u015fayan karde\u015fler, ilahiyat\u00e7\u0131lar vard\u0131. Fakat bunlar baz\u0131 ufak tefek farkl\u0131l\u0131klar\u0131na ra\u011fmen hep birlik olarak kalmay\u0131 tercih etmi\u015flerdir. Bu nedenle bizler de baz\u0131 konularda (d\u00fc\u015f\u00fcnebilen her insan gibi) farkl\u0131 d\u00fc\u015f\u00fcnsek de hakikatte her daim birlik ve beraberlik i\u00e7inde olmal\u0131y\u0131z.<\/p>\n<p><strong>DERS 7: D\u00fcnyan\u0131n Bask\u0131s\u0131na Kar\u015f\u0131 Direnmeliyiz<\/strong><\/p>\n<p>D\u00fcnya, Hristiyanlar\u0131 bir\u00e7ok yerden s\u0131k\u0131\u015ft\u0131rmaya devam ediyor ve devam edecektir. Fakat ne yaz\u0131k ki bu bask\u0131lar\u0131n ve s\u0131k\u0131\u015ft\u0131rmalar\u0131n bir ba\u015fka kayna\u011f\u0131 da Reform-Kar\u015f\u0131t\u0131 s\u00f6zde Protestan hareketlerdir. Bu hareketleri destekleyen ki\u015filer, \u00e7e\u015fitli bahanelerle Tanr\u0131 S\u00f6z\u00fcn\u00fcn do\u011fru ve eksiksizce vaaz edilip duyurulmas\u0131ndan rahats\u0131z olduklar\u0131n\u0131 dile getirerek, bunun sonucunun b\u00f6l\u00fcnmeye gidece\u011fini iddia etmektedirler. \u0130lgin\u00e7 olan \u015fey, benzer arg\u00fcmanlar\u0131n Orta \u00c7a\u011fda da Reformculara kar\u015f\u0131 kullan\u0131lmas\u0131yd\u0131. O d\u00f6nemlerde Anabaptistler ile Reformcular ve Sek\u00fcler kesim ile Reformcular aras\u0131ndaki \u00e7eki\u015fme de benzer bir hal alm\u0131\u015ft\u0131. Fakat Reformcular bu bask\u0131ya direndiler ve hamdolsun, Tanr\u0131\u2019n\u0131n S\u00f6z\u00fc g\u00fcn\u00fcm\u00fczde de do\u011fru bir \u015fekilde yay\u0131lmaya devam etmektedir.<\/p>\n<p><strong>DERS 8: Sab\u0131rl\u0131 Olmal\u0131y\u0131z<\/strong><\/p>\n<p>Reform yava\u015f yava\u015f ger\u00e7ekle\u015fti ve bazen m\u00fcnferit hatalar olsa da iyi bir \u015fekilde ilerledi. Sava\u015flar, \u00e7at\u0131\u015fmalar, tart\u0131\u015fmalar ve benzeri zor durumlar Reformasyonu elbette yava\u015flatt\u0131 fakat bitiremedi. Bizler de ya\u015fad\u0131\u011f\u0131m\u0131z k\u00fclt\u00fcrde kesinlikle bir \u015feylerin h\u0131zl\u0131ca hallolup ge\u00e7ece\u011fini d\u00fc\u015f\u00fcnmemeliyiz. Sonu\u00e7ta bizler Tanr\u0131\u2019n\u0131n kullar\u0131 olarak O\u2019na ba\u011f\u0131ml\u0131y\u0131z ve O\u2019nun zaman\u0131n\u0131n en uygun zaman oldu\u011funu unutmamal\u0131y\u0131z. Dolay\u0131s\u0131yla, Tanr\u0131 S\u00f6z\u00fcn\u00fc duyurup, do\u011fru \u00f6\u011fretiden \u00f6d\u00fcn vermeyip, O\u2019nun zaman\u0131n\u0131 beklemeli ve fevri olmamal\u0131y\u0131z.<\/p>\n<p><strong>DERS 9: Sola\u2019lar\u0131 Benimsemeliyiz<\/strong><\/p>\n<p>Reformasyonun temelini olu\u015fturan \u201cBe\u015f Sola\u201d vard\u0131r. Sola, Latince \u201cYaln\u0131zca\u201d anlam\u0131na gelmektedir. Ba\u015fka bir deyi\u015fle, Reformasyonun \u201cBe\u015f Yaln\u0131zca\u201d ilkesi mevcuttur. Bunlar \u015f\u00f6yledir: (1) Sola Scriptura, yani Yaln\u0131zca Kutsal Yaz\u0131lar, (2) Sola Fide, yani Yaln\u0131zca \u0130man, (3) Sola Gratia, yani Yaln\u0131zca L\u00fctuf, (4) Solus Christus, yani Yaln\u0131zca Mesih ve (5) Soli Deo Gloria, yani Yaln\u0131zca Tanr\u0131\u2019n\u0131n Y\u00fcceli\u011fi. Her toplum g\u00fcnahkard\u0131r ancak toplumlar aras\u0131 g\u00fcnahlar da de\u011fi\u015fkenlik g\u00f6stermektedir. Kutsal Kitap ise her k\u00fclt\u00fcre hitap etti\u011fi gibi bizim k\u00fclt\u00fcr\u00fcm\u00fcze ve toplumumuza da hitap etmektedir. Dolay\u0131s\u0131yla, Tanr\u0131 S\u00f6z\u00fcn\u00fcn al\u00e7akg\u00f6n\u00fcll\u00fc k\u0131lan bu \u00f6\u011fretilerini hem kendimiz benimsemeli hem de \u00fclkemizdeki Hristiyanlara da \u00f6\u011fretip benimsetmeliyiz.<\/p>\n<p><strong>DERS 10: Halk\u0131 \u00c7al\u0131\u015fmaya Te\u015fvik Etmek<\/strong><\/p>\n<p>Reformasyon, \u00f6zellikle k\u00f6yl\u00fcler aras\u0131nda b\u00fcy\u00fck ses getirmi\u015fti. Luther\u2019in kendisi de bir k\u00f6yl\u00fcyd\u00fc. F\u0131rsattan istifade, k\u00f6yl\u00fcler Reformasyonu \u00e7ok farkl\u0131 bir yere (siyasi ba\u011flama) \u00e7ekebilirlerdi, ancak vaazlarda Tanr\u0131\u2019n\u0131n S\u00f6z\u00fcn\u00fcn \u00f6\u011fretilmesi ve uygulamada halk\u0131n te\u015fvik edilmesi bunu engelledi. Dolay\u0131s\u0131yla bizler de t\u00fcm Hristiyanlar\u0131 (ba\u015fta kendimiz olmakla) \u00e7al\u0131\u015fmaya te\u015fvik etmeli ve \u00e7al\u0131\u015fman\u0131n asl\u0131nda Tanr\u0131\u2019n\u0131n ismini y\u00fcceltti\u011fini \u00f6\u011fretmeliyiz.<\/p>\n<p>Sevgiyle kal\u0131n.<\/p>\n","protected":false},"excerpt":{"rendered":"<p>Reformasyon tarihini g\u00f6z \u00f6n\u00fcnde bulunduruldu\u011funda ve o d\u00f6nemin k\u00fclt\u00fcr\u00fc de ele al\u0131nd\u0131\u011f\u0131nda, bunu g\u00fcn\u00fcm\u00fcz d\u00fcnyas\u0131na ve belirli bir k\u00fclt\u00fcre uygulamak kolay de\u011fildir. Zira \u00e7e\u015fitli de\u011fi\u015fkenler ve farkl\u0131l\u0131klar s\u00f6z konusudur. A\u015fa\u011f\u0131da, Reformasyon tarihinden almam\u0131z gereken 10 ders mevcuttur ve bu dersler Bat\u0131 toplumunu de\u011fil, ancak Do\u011fu Hristiyan toplumunu \u015fekillendirme amac\u0131yla s\u0131ralanm\u0131\u015ft\u0131r. DERS 1: Halk E\u011fitilmelidir Reformasyon, &hellip;<\/p>\n","protected":false},"author":2,"featured_media":1171,"comment_status":"open","ping_status":"open","sticky":false,"template":"","format":"standard","meta":{"footnotes":""},"categories":[1],"tags":[],"class_list":["post-1170","post","type-post","status-publish","format-standard","has-post-thumbnail","hentry","category-all_blogs"],"yoast_head":"<!-- This site is optimized with the Yoast SEO plugin v20.11 - https:\/\/yoast.com\/wordpress\/plugins\/seo\/ -->\n<title>Reformasyon Tarihinden Al\u0131nmas\u0131 Gereken 10 Ders - K\u00fcpeli Teolog<\/title>\n<meta name=\"robots\" content=\"index, follow, max-snippet:-1, max-image-preview:large, max-video-preview:-1\" \/>\n<link rel=\"canonical\" href=\"https:\/\/kupeliteolog.com\/index.php\/2022\/12\/14\/reformasyon-tarihinden-alinmasi-gereken-10-ders\/\" \/>\n<meta property=\"og:locale\" content=\"tr_TR\" \/>\n<meta property=\"og:type\" content=\"article\" \/>\n<meta property=\"og:title\" content=\"Reformasyon Tarihinden Al\u0131nmas\u0131 Gereken 10 Ders - K\u00fcpeli Teolog\" \/>\n<meta property=\"og:description\" content=\"Reformasyon tarihini g\u00f6z \u00f6n\u00fcnde bulunduruldu\u011funda ve o d\u00f6nemin k\u00fclt\u00fcr\u00fc de ele al\u0131nd\u0131\u011f\u0131nda, bunu g\u00fcn\u00fcm\u00fcz d\u00fcnyas\u0131na ve belirli bir k\u00fclt\u00fcre uygulamak kolay de\u011fildir. Zira \u00e7e\u015fitli de\u011fi\u015fkenler ve farkl\u0131l\u0131klar s\u00f6z konusudur. A\u015fa\u011f\u0131da, Reformasyon tarihinden almam\u0131z gereken 10 ders mevcuttur ve bu dersler Bat\u0131 toplumunu de\u011fil, ancak Do\u011fu Hristiyan toplumunu \u015fekillendirme amac\u0131yla s\u0131ralanm\u0131\u015ft\u0131r. DERS 1: Halk E\u011fitilmelidir Reformasyon, &hellip;\" \/>\n<meta property=\"og:url\" content=\"https:\/\/kupeliteolog.com\/index.php\/2022\/12\/14\/reformasyon-tarihinden-alinmasi-gereken-10-ders\/\" \/>\n<meta property=\"og:site_name\" content=\"K\u00fcpeli Teolog\" \/>\n<meta property=\"article:published_time\" content=\"2022-12-14T15:58:34+00:00\" \/>\n<meta property=\"og:image\" content=\"https:\/\/kupeliteolog.com\/wp-content\/uploads\/2022\/12\/luther-1821759_1920.jpg\" \/>\n\t<meta property=\"og:image:width\" content=\"1920\" \/>\n\t<meta property=\"og:image:height\" content=\"1279\" \/>\n\t<meta property=\"og:image:type\" content=\"image\/jpeg\" \/>\n<meta name=\"author\" content=\"Kupeli Teolog\" \/>\n<meta name=\"twitter:card\" content=\"summary_large_image\" \/>\n<meta name=\"twitter:creator\" content=\"@https:\/\/twitter.com\/kupeliteolog\" \/>\n<meta name=\"twitter:site\" content=\"@kupeliteolog\" \/>\n<meta name=\"twitter:label1\" content=\"Yazan:\" \/>\n\t<meta name=\"twitter:data1\" content=\"Kupeli Teolog\" \/>\n\t<meta name=\"twitter:label2\" content=\"Tahmini okuma s\u00fcresi\" \/>\n\t<meta name=\"twitter:data2\" content=\"6 dakika\" \/>\n<script type=\"application\/ld+json\" class=\"yoast-schema-graph\">{\"@context\":\"https:\/\/schema.org\",\"@graph\":[{\"@type\":\"Article\",\"@id\":\"https:\/\/kupeliteolog.com\/index.php\/2022\/12\/14\/reformasyon-tarihinden-alinmasi-gereken-10-ders\/#article\",\"isPartOf\":{\"@id\":\"https:\/\/kupeliteolog.com\/index.php\/2022\/12\/14\/reformasyon-tarihinden-alinmasi-gereken-10-ders\/\"},\"author\":{\"name\":\"Kupeli Teolog\",\"@id\":\"http:\/\/kupeliteolog.com\/#\/schema\/person\/943430f95319ff35f2fa565dee706102\"},\"headline\":\"Reformasyon Tarihinden Al\u0131nmas\u0131 Gereken 10 Ders\",\"datePublished\":\"2022-12-14T15:58:34+00:00\",\"dateModified\":\"2022-12-14T15:58:34+00:00\",\"mainEntityOfPage\":{\"@id\":\"https:\/\/kupeliteolog.com\/index.php\/2022\/12\/14\/reformasyon-tarihinden-alinmasi-gereken-10-ders\/\"},\"wordCount\":1107,\"commentCount\":0,\"publisher\":{\"@id\":\"http:\/\/kupeliteolog.com\/#\/schema\/person\/943430f95319ff35f2fa565dee706102\"},\"articleSection\":[\"\u0130lahiyat\"],\"inLanguage\":\"tr\",\"potentialAction\":[{\"@type\":\"CommentAction\",\"name\":\"Comment\",\"target\":[\"https:\/\/kupeliteolog.com\/index.php\/2022\/12\/14\/reformasyon-tarihinden-alinmasi-gereken-10-ders\/#respond\"]}]},{\"@type\":\"WebPage\",\"@id\":\"https:\/\/kupeliteolog.com\/index.php\/2022\/12\/14\/reformasyon-tarihinden-alinmasi-gereken-10-ders\/\",\"url\":\"https:\/\/kupeliteolog.com\/index.php\/2022\/12\/14\/reformasyon-tarihinden-alinmasi-gereken-10-ders\/\",\"name\":\"Reformasyon Tarihinden Al\u0131nmas\u0131 Gereken 10 Ders - K\u00fcpeli Teolog\",\"isPartOf\":{\"@id\":\"http:\/\/kupeliteolog.com\/#website\"},\"datePublished\":\"2022-12-14T15:58:34+00:00\",\"dateModified\":\"2022-12-14T15:58:34+00:00\",\"breadcrumb\":{\"@id\":\"https:\/\/kupeliteolog.com\/index.php\/2022\/12\/14\/reformasyon-tarihinden-alinmasi-gereken-10-ders\/#breadcrumb\"},\"inLanguage\":\"tr\",\"potentialAction\":[{\"@type\":\"ReadAction\",\"target\":[\"https:\/\/kupeliteolog.com\/index.php\/2022\/12\/14\/reformasyon-tarihinden-alinmasi-gereken-10-ders\/\"]}]},{\"@type\":\"BreadcrumbList\",\"@id\":\"https:\/\/kupeliteolog.com\/index.php\/2022\/12\/14\/reformasyon-tarihinden-alinmasi-gereken-10-ders\/#breadcrumb\",\"itemListElement\":[{\"@type\":\"ListItem\",\"position\":1,\"name\":\"Anasayfa\",\"item\":\"http:\/\/kupeliteolog.com\/\"},{\"@type\":\"ListItem\",\"position\":2,\"name\":\"Reformasyon Tarihinden Al\u0131nmas\u0131 Gereken 10 Ders\"}]},{\"@type\":\"WebSite\",\"@id\":\"http:\/\/kupeliteolog.com\/#website\",\"url\":\"http:\/\/kupeliteolog.com\/\",\"name\":\"K\u00fcpeli Teolog\",\"description\":\"K\u00fcpeli Teolog Blog Web Sitesi\",\"publisher\":{\"@id\":\"http:\/\/kupeliteolog.com\/#\/schema\/person\/943430f95319ff35f2fa565dee706102\"},\"potentialAction\":[{\"@type\":\"SearchAction\",\"target\":{\"@type\":\"EntryPoint\",\"urlTemplate\":\"http:\/\/kupeliteolog.com\/?s={search_term_string}\"},\"query-input\":\"required name=search_term_string\"}],\"inLanguage\":\"tr\"},{\"@type\":[\"Person\",\"Organization\"],\"@id\":\"http:\/\/kupeliteolog.com\/#\/schema\/person\/943430f95319ff35f2fa565dee706102\",\"name\":\"Kupeli Teolog\",\"image\":{\"@type\":\"ImageObject\",\"inLanguage\":\"tr\",\"@id\":\"http:\/\/kupeliteolog.com\/#\/schema\/person\/image\/\",\"url\":\"http:\/\/kupeliteolog.com\/wp-content\/uploads\/2022\/12\/favicon-1.png\",\"contentUrl\":\"http:\/\/kupeliteolog.com\/wp-content\/uploads\/2022\/12\/favicon-1.png\",\"width\":500,\"height\":500,\"caption\":\"Kupeli Teolog\"},\"logo\":{\"@id\":\"http:\/\/kupeliteolog.com\/#\/schema\/person\/image\/\"},\"sameAs\":[\"https:\/\/kupeliteolog.com\/\",\"https:\/\/twitter.com\/https:\/\/twitter.com\/kupeliteolog\"],\"url\":\"http:\/\/kupeliteolog.com\/index.php\/author\/kupeli_teolog\/\"}]}<\/script>\n<!-- \/ Yoast SEO plugin. -->","yoast_head_json":{"title":"Reformasyon Tarihinden Al\u0131nmas\u0131 Gereken 10 Ders - K\u00fcpeli Teolog","robots":{"index":"index","follow":"follow","max-snippet":"max-snippet:-1","max-image-preview":"max-image-preview:large","max-video-preview":"max-video-preview:-1"},"canonical":"https:\/\/kupeliteolog.com\/index.php\/2022\/12\/14\/reformasyon-tarihinden-alinmasi-gereken-10-ders\/","og_locale":"tr_TR","og_type":"article","og_title":"Reformasyon Tarihinden Al\u0131nmas\u0131 Gereken 10 Ders - K\u00fcpeli Teolog","og_description":"Reformasyon tarihini g\u00f6z \u00f6n\u00fcnde bulunduruldu\u011funda ve o d\u00f6nemin k\u00fclt\u00fcr\u00fc de ele al\u0131nd\u0131\u011f\u0131nda, bunu g\u00fcn\u00fcm\u00fcz d\u00fcnyas\u0131na ve belirli bir k\u00fclt\u00fcre uygulamak kolay de\u011fildir. Zira \u00e7e\u015fitli de\u011fi\u015fkenler ve farkl\u0131l\u0131klar s\u00f6z konusudur. A\u015fa\u011f\u0131da, Reformasyon tarihinden almam\u0131z gereken 10 ders mevcuttur ve bu dersler Bat\u0131 toplumunu de\u011fil, ancak Do\u011fu Hristiyan toplumunu \u015fekillendirme amac\u0131yla s\u0131ralanm\u0131\u015ft\u0131r. DERS 1: Halk E\u011fitilmelidir Reformasyon, &hellip;","og_url":"https:\/\/kupeliteolog.com\/index.php\/2022\/12\/14\/reformasyon-tarihinden-alinmasi-gereken-10-ders\/","og_site_name":"K\u00fcpeli Teolog","article_published_time":"2022-12-14T15:58:34+00:00","og_image":[{"width":1920,"height":1279,"url":"https:\/\/kupeliteolog.com\/wp-content\/uploads\/2022\/12\/luther-1821759_1920.jpg","type":"image\/jpeg"}],"author":"Kupeli Teolog","twitter_card":"summary_large_image","twitter_creator":"@https:\/\/twitter.com\/kupeliteolog","twitter_site":"@kupeliteolog","twitter_misc":{"Yazan:":"Kupeli Teolog","Tahmini okuma s\u00fcresi":"6 dakika"},"schema":{"@context":"https:\/\/schema.org","@graph":[{"@type":"Article","@id":"https:\/\/kupeliteolog.com\/index.php\/2022\/12\/14\/reformasyon-tarihinden-alinmasi-gereken-10-ders\/#article","isPartOf":{"@id":"https:\/\/kupeliteolog.com\/index.php\/2022\/12\/14\/reformasyon-tarihinden-alinmasi-gereken-10-ders\/"},"author":{"name":"Kupeli Teolog","@id":"http:\/\/kupeliteolog.com\/#\/schema\/person\/943430f95319ff35f2fa565dee706102"},"headline":"Reformasyon Tarihinden Al\u0131nmas\u0131 Gereken 10 Ders","datePublished":"2022-12-14T15:58:34+00:00","dateModified":"2022-12-14T15:58:34+00:00","mainEntityOfPage":{"@id":"https:\/\/kupeliteolog.com\/index.php\/2022\/12\/14\/reformasyon-tarihinden-alinmasi-gereken-10-ders\/"},"wordCount":1107,"commentCount":0,"publisher":{"@id":"http:\/\/kupeliteolog.com\/#\/schema\/person\/943430f95319ff35f2fa565dee706102"},"articleSection":["\u0130lahiyat"],"inLanguage":"tr","potentialAction":[{"@type":"CommentAction","name":"Comment","target":["https:\/\/kupeliteolog.com\/index.php\/2022\/12\/14\/reformasyon-tarihinden-alinmasi-gereken-10-ders\/#respond"]}]},{"@type":"WebPage","@id":"https:\/\/kupeliteolog.com\/index.php\/2022\/12\/14\/reformasyon-tarihinden-alinmasi-gereken-10-ders\/","url":"https:\/\/kupeliteolog.com\/index.php\/2022\/12\/14\/reformasyon-tarihinden-alinmasi-gereken-10-ders\/","name":"Reformasyon Tarihinden Al\u0131nmas\u0131 Gereken 10 Ders - K\u00fcpeli Teolog","isPartOf":{"@id":"http:\/\/kupeliteolog.com\/#website"},"datePublished":"2022-12-14T15:58:34+00:00","dateModified":"2022-12-14T15:58:34+00:00","breadcrumb":{"@id":"https:\/\/kupeliteolog.com\/index.php\/2022\/12\/14\/reformasyon-tarihinden-alinmasi-gereken-10-ders\/#breadcrumb"},"inLanguage":"tr","potentialAction":[{"@type":"ReadAction","target":["https:\/\/kupeliteolog.com\/index.php\/2022\/12\/14\/reformasyon-tarihinden-alinmasi-gereken-10-ders\/"]}]},{"@type":"BreadcrumbList","@id":"https:\/\/kupeliteolog.com\/index.php\/2022\/12\/14\/reformasyon-tarihinden-alinmasi-gereken-10-ders\/#breadcrumb","itemListElement":[{"@type":"ListItem","position":1,"name":"Anasayfa","item":"http:\/\/kupeliteolog.com\/"},{"@type":"ListItem","position":2,"name":"Reformasyon Tarihinden Al\u0131nmas\u0131 Gereken 10 Ders"}]},{"@type":"WebSite","@id":"http:\/\/kupeliteolog.com\/#website","url":"http:\/\/kupeliteolog.com\/","name":"K\u00fcpeli Teolog","description":"K\u00fcpeli Teolog Blog Web Sitesi","publisher":{"@id":"http:\/\/kupeliteolog.com\/#\/schema\/person\/943430f95319ff35f2fa565dee706102"},"potentialAction":[{"@type":"SearchAction","target":{"@type":"EntryPoint","urlTemplate":"http:\/\/kupeliteolog.com\/?s={search_term_string}"},"query-input":"required name=search_term_string"}],"inLanguage":"tr"},{"@type":["Person","Organization"],"@id":"http:\/\/kupeliteolog.com\/#\/schema\/person\/943430f95319ff35f2fa565dee706102","name":"Kupeli Teolog","image":{"@type":"ImageObject","inLanguage":"tr","@id":"http:\/\/kupeliteolog.com\/#\/schema\/person\/image\/","url":"http:\/\/kupeliteolog.com\/wp-content\/uploads\/2022\/12\/favicon-1.png","contentUrl":"http:\/\/kupeliteolog.com\/wp-content\/uploads\/2022\/12\/favicon-1.png","width":500,"height":500,"caption":"Kupeli Teolog"},"logo":{"@id":"http:\/\/kupeliteolog.com\/#\/schema\/person\/image\/"},"sameAs":["https:\/\/kupeliteolog.com\/","https:\/\/twitter.com\/https:\/\/twitter.com\/kupeliteolog"],"url":"http:\/\/kupeliteolog.com\/index.php\/author\/kupeli_teolog\/"}]}},"_links":{"self":[{"href":"http:\/\/kupeliteolog.com\/index.php\/wp-json\/wp\/v2\/posts\/1170","targetHints":{"allow":["GET"]}}],"collection":[{"href":"http:\/\/kupeliteolog.com\/index.php\/wp-json\/wp\/v2\/posts"}],"about":[{"href":"http:\/\/kupeliteolog.com\/index.php\/wp-json\/wp\/v2\/types\/post"}],"author":[{"embeddable":true,"href":"http:\/\/kupeliteolog.com\/index.php\/wp-json\/wp\/v2\/users\/2"}],"replies":[{"embeddable":true,"href":"http:\/\/kupeliteolog.com\/index.php\/wp-json\/wp\/v2\/comments?post=1170"}],"version-history":[{"count":1,"href":"http:\/\/kupeliteolog.com\/index.php\/wp-json\/wp\/v2\/posts\/1170\/revisions"}],"predecessor-version":[{"id":1172,"href":"http:\/\/kupeliteolog.com\/index.php\/wp-json\/wp\/v2\/posts\/1170\/revisions\/1172"}],"wp:featuredmedia":[{"embeddable":true,"href":"http:\/\/kupeliteolog.com\/index.php\/wp-json\/wp\/v2\/media\/1171"}],"wp:attachment":[{"href":"http:\/\/kupeliteolog.com\/index.php\/wp-json\/wp\/v2\/media?parent=1170"}],"wp:term":[{"taxonomy":"category","embeddable":true,"href":"http:\/\/kupeliteolog.com\/index.php\/wp-json\/wp\/v2\/categories?post=1170"},{"taxonomy":"post_tag","embeddable":true,"href":"http:\/\/kupeliteolog.com\/index.php\/wp-json\/wp\/v2\/tags?post=1170"}],"curies":[{"name":"wp","href":"https:\/\/api.w.org\/{rel}","templated":true}]}}